{"id":632060,"date":"2025-12-31T12:20:09","date_gmt":"2025-12-31T12:20:09","guid":{"rendered":"https:\/\/www.europesays.com\/fr\/632060\/"},"modified":"2025-12-31T12:20:09","modified_gmt":"2025-12-31T12:20:09","slug":"la-folie-autour-de-chantilly-rennes-en-coupe-de-france","status":"publish","type":"post","link":"https:\/\/www.europesays.com\/fr\/632060\/","title":{"rendered":"la folie autour de Chantilly-Rennes en Coupe de France"},"content":{"rendered":"<p>                    Par<br \/>\n        <strong><br \/>\n            <a href=\"https:\/\/actu.fr\/auteur\/lea-mosco\" title=\"Consulter tous les articles de L\u00e9a Mosco\" target=\"_blank\" rel=\"noopener\">L\u00e9a Mosco<\/a><br \/>\n                    <\/strong><\/p>\n<p>        Publi\u00e9 le<\/p>\n<p>            31 d\u00e9c. 2025 \u00e0 11h53        <\/p>\n<p>C\u2019est la magie de la <strong>Coupe de France<\/strong>, mais qui a aussi son lot de frustrations. Ce dimanche 11 janvier 2026, \u00e0 18h, l\u2019<strong>US Chantilly<\/strong> (<a href=\"https:\/\/actu.fr\/oise\/\" target=\"_blank\" rel=\"noopener\">Oise<\/a>) affrontera l\u2019ogre breton du <strong>Stade Rennais<\/strong> pour un 16\u00e8me de finale de gala au stade <strong>Pierre-Brisson de Beauvais<\/strong>. Si la f\u00eate s\u2019annonce belle sur le terrain, elle a commenc\u00e9 par un v\u00e9ritable chaos virtuel lors de l\u2019ouverture de la billetterie ce mardi 30 d\u00e9cembre \u00e0 18h.<\/p>\n<p>\u00ab\u00a0Beaucoup de frustration\u00a0\u00bb chez les supporters<\/p>\n<p class=\" wall-content\">Math\u00e9matiquement, tout le monde ne pouvait pas \u00eatre servi. Cet \u00e9cart entre l\u2019offre et la demande a engendr\u00e9 beaucoup de frustration et de col\u00e8re chez les supporters de l\u2019Oise, nombreux \u00e0 n\u2019avoir pas pu valider leur panier.\u00a0<\/p>\n<p class=\" wall-content\">Actuellement, le stade Pierre-Brisson s\u2019appr\u00eate \u00e0 afficher complet \u00e0 ras bord, avec une jauge attendue de <strong>10 000 spectateurs<\/strong>.\u00a0<\/p>\n<p class=\" wall-content\">Pour les retardataires, l\u2019espoir est mince : il ne reste plus quelques <strong>places en pourtour<\/strong>. \u00ab\u00a0Le pourtour en pente \u00e0 Beauvais, donc la visibilit\u00e9 sera quand m\u00eame bonne\u00a0\u00bb explique l\u2019US Chantilly. A noter que le pourtour sud est complet. C\u00f4t\u00e9 t\u00e9l\u00e9vision, le match sera diffus\u00e9 sur la cha\u00eene Bein Sport max 5.<\/p>\n<p>24 000 connexions en 9 minutes<\/p>\n<p class=\" wall-content\">Les chiffres donnent le tournis et t\u00e9moignent de l\u2019attente immense autour de cette affiche. Lors de la mise en vente des places en ligne, le serveur a litt\u00e9ralement surchauff\u00e9.<\/p>\n<blockquote class=\"ac-article-quote wall-content\">\n<p>Entre 18h et 18h09, nous avons enregistr\u00e9 pas moins de 24 connexions simultan\u00e9es sur le site.<\/p>\n<p>    <strong>US Chantilly<\/strong>\n            <\/p><\/blockquote>\n<p class=\" wall-content\">Une affluence record pour un volume de billets malheureusement limit\u00e9. Au total, seulement <strong>4509 billets \u00e9taient disponibles<\/strong> \u00e0 la vente sur ce cr\u00e9neau, dont <strong>1509 places en pourtour<\/strong>.\u00a0<\/p>\n<p>Votre r\u00e9gion, votre actu !<\/p>\n<p>Recevez chaque jour les infos qui comptent pour vous.<\/p>\n<p>\t<a href=\"https:\/\/actu.fr\/newsletter\" class=\"ac-btn ac-btn--corner ac-btn--medium ac-btn--blue800\" target=\"_blank\" rel=\"noopener\">S&rsquo;incrire<\/a><br \/>\n542 Rennais attendus et animations d\u00e8s 15h<\/p>\n<p class=\" wall-content\">C\u00f4t\u00e9 organisation, tout est cal\u00e9 pour accueillir, la foule des grands jours. La s\u00e9curit\u00e9 et la logistique sont pr\u00eates \u00e0 recevoir les bretons : <strong>542 supporters rennais<\/strong> sont attendus dans le parcage visiteurs pour donner de la voix.\u00a0<\/p>\n<p class=\" wall-content\">Pour le grand public, il faudra arriver t\u00f4t. <strong>L\u2019ouverture des portes est pr\u00e9vue vers 15h<\/strong> pour un coup d\u2019envoi siffl\u00e9 \u00e0 18h. Le club a vu les choses en grand pour faire de ce match une f\u00eate populaire avant m\u00eame le coup d\u2019envoi.<\/p>\n<p class=\" wall-content\">De nombreuses animations sont pr\u00e9vues sur le parvis et dans l\u2019enceinte, avec notamment des stands de maquillage pour permettre aux petits et grands d\u2019arborer les couleurs de Chantilly.<\/p>\n<p class=\" wall-content\">Personnalisez votre actualit\u00e9 en ajoutant vos villes et m\u00e9dias en favori avec <a href=\"https:\/\/moncompte.actu.fr\" title=\"D\u00e9couvez Mon Actu\" rel=\"nofollow noopener\" data-trk=\"{&quot;cta&quot;:{&quot;action&quot;:&quot;https:\\\/\\\/moncompte.actu.fr&quot;,&quot;category&quot;:&quot;mon compte&quot;,&quot;from&quot;:&quot;article footer&quot;,&quot;name&quot;:&quot;Mon actu&quot;,&quot;type&quot;:&quot;cta&quot;}}\" target=\"_blank\">Mon Actu<\/a>.<\/p>\n","protected":false},"excerpt":{"rendered":"Par L\u00e9a Mosco Publi\u00e9 le 31 d\u00e9c. 2025 \u00e0 11h53 C\u2019est la magie de la Coupe de France,&hellip;\n","protected":false},"author":2,"featured_media":632061,"comment_status":"","ping_status":"","sticky":false,"template":"","format":"standard","meta":{"footnotes":""},"categories":[2821],"tags":[1111,11,829,83,15922,1777,674,63,1011,27,7364,12,584,25,60],"class_list":{"0":"post-632060","1":"post","2":"type-post","3":"status-publish","4":"format-standard","5":"has-post-thumbnail","7":"category-rennes","8":"tag-actu","9":"tag-actualites","10":"tag-bretagne","11":"tag-coupe-de-france","12":"tag-coupe-de-france-de-football","13":"tag-eu","14":"tag-europe","15":"tag-football","16":"tag-fr","17":"tag-france","18":"tag-loise","19":"tag-news","20":"tag-rennes","21":"tag-republique-francaise","22":"tag-sports"},"share_on_mastodon":{"url":"https:\/\/pubeurope.com\/@fr\/115814152559366281","error":""},"_links":{"self":[{"href":"https:\/\/www.europesays.com\/fr\/wp-json\/wp\/v2\/posts\/632060","targetHints":{"allow":["GET"]}}],"collection":[{"href":"https:\/\/www.europesays.com\/fr\/wp-json\/wp\/v2\/posts"}],"about":[{"href":"https:\/\/www.europesays.com\/fr\/wp-json\/wp\/v2\/types\/post"}],"author":[{"embeddable":true,"href":"https:\/\/www.europesays.com\/fr\/wp-json\/wp\/v2\/users\/2"}],"replies":[{"embeddable":true,"href":"https:\/\/www.europesays.com\/fr\/wp-json\/wp\/v2\/comments?post=632060"}],"version-history":[{"count":0,"href":"https:\/\/www.europesays.com\/fr\/wp-json\/wp\/v2\/posts\/632060\/revisions"}],"wp:featuredmedia":[{"embeddable":true,"href":"https:\/\/www.europesays.com\/fr\/wp-json\/wp\/v2\/media\/632061"}],"wp:attachment":[{"href":"https:\/\/www.europesays.com\/fr\/wp-json\/wp\/v2\/media?parent=632060"}],"wp:term":[{"taxonomy":"category","embeddable":true,"href":"https:\/\/www.europesays.com\/fr\/wp-json\/wp\/v2\/categories?post=632060"},{"taxonomy":"post_tag","embeddable":true,"href":"https:\/\/www.europesays.com\/fr\/wp-json\/wp\/v2\/tags?post=632060"}],"curies":[{"name":"wp","href":"https:\/\/api.w.org\/{rel}","templated":true}]}}