{"id":632064,"date":"2025-12-31T12:22:15","date_gmt":"2025-12-31T12:22:15","guid":{"rendered":"https:\/\/www.europesays.com\/fr\/632064\/"},"modified":"2025-12-31T12:22:15","modified_gmt":"2025-12-31T12:22:15","slug":"ligue-1-cette-annee-encore-le-racing-club-de-strasbourg-a-pleinement-profite-des-fetes","status":"publish","type":"post","link":"https:\/\/www.europesays.com\/fr\/632064\/","title":{"rendered":"Ligue\u00a01. Cette ann\u00e9e encore, le Racing Club de Strasbourg a pleinement profit\u00e9 des f\u00eates"},"content":{"rendered":"<p>Cela devra bien lui arriver un jour puisque d\u2019autres clubs en Ligue 1 y sont pass\u00e9s avant lui. Mais depuis qu\u2019il a retrouv\u00e9 sa place au sein de l\u2019\u00e9lite du foot fran\u00e7ais, jamais le Racing n\u2019a jou\u00e9 un 1er \u00a0janvier.<\/p>\n<p>Cela aurait pu \u00eatre le cas lors de la saison 2022-2023 dont le calendrier avait \u00e9t\u00e9 chamboul\u00e9 par l\u2019organisation de la Coupe du monde au Qatar du 20\u00a0novembre au 18\u00a0d\u00e9cembre 2022.<\/p>\n<p>Apr\u00e8s avoir fait rel\u00e2che pendant pr\u00e8s d\u2019un mois et demi apr\u00e8s la mi-novembre, la Ligue\u00a01 avait retrouv\u00e9 ses droits juste apr\u00e8s les f\u00eates de No\u00ebl \u00e0 l\u2019occasion de la 16e journ\u00e9e. Pour le Racing, <a href=\"https:\/\/www.dna.fr\/sport\/2022\/12\/28\/crucifie-par-le-roi-mbappe\" target=\"_blank\" rel=\"noopener\">c\u2019\u00e9tait le 28\u00a0d\u00e9cembre au Paris SG (2-1)<\/a>, et le lendemain pour huit des autres membres d\u2019un championnat encore disput\u00e9 \u00e0 vingt.<\/p>\n<p>Julien St\u00e9phan, maudit 2\u00a0janvier<\/p>\n<p>La premi\u00e8re journ\u00e9e de l\u2019ann\u00e9e 2023, la 17e donc de la saison, avait d\u00e9but\u00e9 le 1er \u00a0janvier. Le Racing avait fait partie du lot des huit \u00e9quipes jouant le 2. C\u2019\u00e9tait contre Troyes, un lundi (!), <a href=\"https:\/\/www.dna.fr\/sport\/2023\/01\/02\/le-racing-ne-peut-pas-se-louper-contre-troyes-(15h)\" target=\"_blank\" rel=\"noopener\">pour une d\u00e9faite (2-3) qui avait encore un peu plus entam\u00e9 le&#8230;<\/a><\/p>\n","protected":false},"excerpt":{"rendered":"Cela devra bien lui arriver un jour puisque d\u2019autres clubs en Ligue 1 y sont pass\u00e9s avant lui.&hellip;\n","protected":false},"author":2,"featured_media":632065,"comment_status":"","ping_status":"","sticky":false,"template":"","format":"standard","meta":{"footnotes":""},"categories":[2820],"tags":[328,1111,11,2880,1777,674,107,1701,63,1011,27,775,7020,12,41281,25,517,640,2879],"class_list":{"0":"post-632064","1":"post","2":"type-post","3":"status-publish","4":"format-standard","5":"has-post-thumbnail","7":"category-strasbourg","8":"tag-a-la-une","9":"tag-actu","10":"tag-actualites","11":"tag-edition-strasbourg","12":"tag-eu","13":"tag-europe","14":"tag-fil-info","15":"tag-fil-info-sport","16":"tag-football","17":"tag-fr","18":"tag-france","19":"tag-grand-est","20":"tag-ligue-1-football","21":"tag-news","22":"tag-racing-club-strasbourg-masculin","23":"tag-republique-francaise","24":"tag-sport","25":"tag-strasbourg","26":"tag-strasbourg-ville"},"share_on_mastodon":{"url":"https:\/\/pubeurope.com\/@fr\/115814160380398266","error":""},"_links":{"self":[{"href":"https:\/\/www.europesays.com\/fr\/wp-json\/wp\/v2\/posts\/632064","targetHints":{"allow":["GET"]}}],"collection":[{"href":"https:\/\/www.europesays.com\/fr\/wp-json\/wp\/v2\/posts"}],"about":[{"href":"https:\/\/www.europesays.com\/fr\/wp-json\/wp\/v2\/types\/post"}],"author":[{"embeddable":true,"href":"https:\/\/www.europesays.com\/fr\/wp-json\/wp\/v2\/users\/2"}],"replies":[{"embeddable":true,"href":"https:\/\/www.europesays.com\/fr\/wp-json\/wp\/v2\/comments?post=632064"}],"version-history":[{"count":0,"href":"https:\/\/www.europesays.com\/fr\/wp-json\/wp\/v2\/posts\/632064\/revisions"}],"wp:featuredmedia":[{"embeddable":true,"href":"https:\/\/www.europesays.com\/fr\/wp-json\/wp\/v2\/media\/632065"}],"wp:attachment":[{"href":"https:\/\/www.europesays.com\/fr\/wp-json\/wp\/v2\/media?parent=632064"}],"wp:term":[{"taxonomy":"category","embeddable":true,"href":"https:\/\/www.europesays.com\/fr\/wp-json\/wp\/v2\/categories?post=632064"},{"taxonomy":"post_tag","embeddable":true,"href":"https:\/\/www.europesays.com\/fr\/wp-json\/wp\/v2\/tags?post=632064"}],"curies":[{"name":"wp","href":"https:\/\/api.w.org\/{rel}","templated":true}]}}