{"id":632070,"date":"2025-12-31T12:26:15","date_gmt":"2025-12-31T12:26:15","guid":{"rendered":"https:\/\/www.europesays.com\/fr\/632070\/"},"modified":"2025-12-31T12:26:15","modified_gmt":"2025-12-31T12:26:15","slug":"la-ligue-1-scandalisee-par-kita","status":"publish","type":"post","link":"https:\/\/www.europesays.com\/fr\/632070\/","title":{"rendered":"La Ligue 1 scandalis\u00e9e par Kita"},"content":{"rendered":"<p><b>Waldemar Kita a promis un mercato ambitieux du c\u00f4t\u00e9 du FC<br \/>\nNantes. D\u00e9j\u00e0 deux d\u2019entre eux ont \u00e9t\u00e9 officialis\u00e9s. Les Canaris ne comptent pas<br \/>\ns\u2019arr\u00eater l\u00e0 avec trois nouveaux joueurs dans le viseur. Un comportement qui<br \/>\nagace en <a href=\"https:\/\/www.foot01.com\/ligue1\" title=\"Ligue 1\" target=\"_blank\" rel=\"noopener\">Ligue 1<\/a>. <\/b>Apr\u00e8s une premi\u00e8re partie de saison difficile, le <a href=\"https:\/\/www.foot01.com\/nantes\" target=\"_self\" rel=\"noopener\">FC Nantes<\/a><br \/>\nchange ses plans cet hiver. Le club de Loire-Atlantique a d\u00e9cid\u00e9 de recruter \u00e0<br \/>\ntire-larigot en ce mois de janvier. Les Canaris ont d\u00e9j\u00e0 officialis\u00e9 la venue<br \/>\nde Deiver Machado en provenance du RC Lens. Mais \u00e9galement celle de R\u00e9my<br \/>\nCabella en pr\u00eat depuis l\u2019Olympiakos. Et le 17e de Ligue 1 ne s\u2019arr\u00eate pas l\u00e0.<br \/>\nLes n\u00e9gociations s\u2019intensifient avec Zakaria Aboukhlal. Le Marocain en manque<br \/>\nde temps de jeu pourrait venir renforcer le secteur offensif de l\u2019octuple<br \/>\nchampion de France.Nantes et Kita agacent les autres<\/p>\n<p>En plus de cela, Waldemar Kita tente de convaincre Abakar<br \/>\nSylla de rejoindre le projet. Le d\u00e9fenseur du Racing Club de Strasbourg est au<br \/>\nplacard en Alsace et n\u2019a disput\u00e9 aucune minute en Ligue 1 cette saison. La<br \/>\nformation d\u00e9sormais entra\u00een\u00e9e par Ahmed Kantari cible \u00e9galement Ibrahima<br \/>\nSissoko selon le journal l\u2019Equipe. Mais tout ce remue-m\u00e9nage agace dans le<br \/>\nchampionnat. Mohamed Toubache ter r\u00e9v\u00e8le sur X (anciennement Twitter) que les<br \/>\nautres clubs de la course au maintien regardent tout cela d\u2019un mauvais \u0153il. \u00ab Les<br \/>\nclubs engag\u00e9s dans la course au maintien sont tr\u00e8s agac\u00e9s par le mercato des<br \/>\nKita et du FC Nantes, accus\u00e9s de d\u00e9r\u00e9guler la suite de la saison,\u00a0\u00bb<br \/>\nexplique-t-il.<\/p>\n<p>Les nombreux mouvements des Nantais agacent donc les autres<br \/>\nclubs. N\u00e9anmoins, les d\u00e9penses nantaises ne semblent pas pharaoniques. Cabella<br \/>\net Aboukhlal devraient arriver en pr\u00eat. Seul, Sissoko d\u00e9passe le million<br \/>\nd\u2019euros (environ deux millions d\u2019euros). Mais cela risque de rouvrir le d\u00e9bat<br \/>\nsur la pertinence du mercato hivernal. Certains suiveurs souhaitent sa suppression afin que les clubs assument les erreurs r\u00e9alis\u00e9es l\u2019\u00e9t\u00e9 lors de la p\u00e9riode pr\u00e9c\u00e9dente.<\/p>\n","protected":false},"excerpt":{"rendered":"Waldemar Kita a promis un mercato ambitieux du c\u00f4t\u00e9 du FC Nantes. D\u00e9j\u00e0 deux d\u2019entre eux ont \u00e9t\u00e9&hellip;\n","protected":false},"author":2,"featured_media":632071,"comment_status":"","ping_status":"","sticky":false,"template":"","format":"standard","meta":{"footnotes":""},"categories":[2818],"tags":[1111,11,1777,674,462,1011,27,66,766,12,2636,25],"class_list":{"0":"post-632070","1":"post","2":"type-post","3":"status-publish","4":"format-standard","5":"has-post-thumbnail","7":"category-nantes","8":"tag-actu","9":"tag-actualites","10":"tag-eu","11":"tag-europe","12":"tag-fc-nantes","13":"tag-fr","14":"tag-france","15":"tag-ligue-1","16":"tag-nantes","17":"tag-news","18":"tag-pays-de-la-loire","19":"tag-republique-francaise"},"share_on_mastodon":{"url":"https:\/\/pubeurope.com\/@fr\/115814176097998786","error":""},"_links":{"self":[{"href":"https:\/\/www.europesays.com\/fr\/wp-json\/wp\/v2\/posts\/632070","targetHints":{"allow":["GET"]}}],"collection":[{"href":"https:\/\/www.europesays.com\/fr\/wp-json\/wp\/v2\/posts"}],"about":[{"href":"https:\/\/www.europesays.com\/fr\/wp-json\/wp\/v2\/types\/post"}],"author":[{"embeddable":true,"href":"https:\/\/www.europesays.com\/fr\/wp-json\/wp\/v2\/users\/2"}],"replies":[{"embeddable":true,"href":"https:\/\/www.europesays.com\/fr\/wp-json\/wp\/v2\/comments?post=632070"}],"version-history":[{"count":0,"href":"https:\/\/www.europesays.com\/fr\/wp-json\/wp\/v2\/posts\/632070\/revisions"}],"wp:featuredmedia":[{"embeddable":true,"href":"https:\/\/www.europesays.com\/fr\/wp-json\/wp\/v2\/media\/632071"}],"wp:attachment":[{"href":"https:\/\/www.europesays.com\/fr\/wp-json\/wp\/v2\/media?parent=632070"}],"wp:term":[{"taxonomy":"category","embeddable":true,"href":"https:\/\/www.europesays.com\/fr\/wp-json\/wp\/v2\/categories?post=632070"},{"taxonomy":"post_tag","embeddable":true,"href":"https:\/\/www.europesays.com\/fr\/wp-json\/wp\/v2\/tags?post=632070"}],"curies":[{"name":"wp","href":"https:\/\/api.w.org\/{rel}","templated":true}]}}