{"id":632080,"date":"2025-12-31T12:32:43","date_gmt":"2025-12-31T12:32:43","guid":{"rendered":"https:\/\/www.europesays.com\/fr\/632080\/"},"modified":"2025-12-31T12:32:43","modified_gmt":"2025-12-31T12:32:43","slug":"la-billetterie-pour-losc-ol-en-coupe-de-france-ouvre-ce-mercredi-aux-abonnes","status":"publish","type":"post","link":"https:\/\/www.europesays.com\/fr\/632080\/","title":{"rendered":"La billetterie pour LOSC-OL en Coupe de France ouvre ce mercredi aux abonn\u00e9s"},"content":{"rendered":"<p>            <strong>Un duel europ\u00e9en, mais en Coupe de France<\/strong><\/p>\n<p>\u00c0 l\u2019heure o\u00f9 les clubs amateurs se confrontent aux clubs professionnels dans la passionnante \u00e9preuve de la Vieille Dame, le LOSC a \u00e9cop\u00e9 d\u2019un adversaire de Ligue 1 lors du tirage au sort des 16\u00e8mes de finale. Pour leur deuxi\u00e8me match en Coupe de France, les Dogues accueilleront l\u2019Olympique Lyonnais, dimanche 11 janvier 2026 (21h) \u00e0 la Decathlon Arena Stade Pierre Mauroy. <strong>Une affiche de niveau europ\u00e9en entre deux \u00e9curies engag\u00e9es cette saison en Europa League<\/strong>.<\/p>\n<p><img loading=\"lazy\" decoding=\"async\" src=\"https:\/\/www.europesays.com\/fr\/wp-content\/uploads\/2025\/12\/OUVERTURE_BILLETTERIE_CDF_LYON_CARRE.jpg\" data-entity-uuid=\"150c6e38-ef52-499a-a1c3-71cb755afed2\" data-entity-type=\"file\" width=\"1200\" height=\"1200\"\/>\n<\/p>\n<p>\u00a0<\/p>\n<p><strong>Pour les abonn\u00e9s\u00a0? Une priorit\u00e9 et une remise exclusive<\/strong><\/p>\n<p>Comme pour chaque match \u00e0 domicile, les abonn\u00e9s 2025-2026 b\u00e9n\u00e9ficient d\u2019une priorit\u00e9 d\u2019acc\u00e8s \u00e0 la billetterie. Pour ce rendez-vous en Coupe de France, le LOSC offre \u00e9galement \u00e0 chaque abonn\u00e9 <strong>un tarif privil\u00e9gi\u00e9 valable sur deux places (pour un panier limit\u00e9 \u00e0 10 places).<\/strong><\/p>\n<p>La billetterie pour LOSC-OL sera <strong>ouverte aux abonn\u00e9s LOSC \u00e0 partir de ce mercredi 31 d\u00e9cembre (midi) <\/strong>pour une dur\u00e9e d\u2019exclusivit\u00e9 de 3 jours. Elle sera ensuite <strong>accessible pour tous \u00e0 compter du samedi 3 janvier (15h).<\/strong><\/p>\n<p><strong>\u00c0 noter : <\/strong>Pour cette ouverture billetterie en Coupe de France, les places sont propos\u00e9es en <strong>niveau 0 et niveau 1 <\/strong>exclusivement, dans un premier temps. Les <strong>places abonn\u00e9s Ligue 1 ne sont pas r\u00e9serv\u00e9es<\/strong> et <strong>les \u00ab\u00a0exp\u00e9riences\u00a0\u00bb ne sont pas activ\u00e9es.<\/strong><\/p>\n<p>\u00a0<\/p>\n<p><strong>LOSC-OL \u00e0 quel tarif\u00a0?<\/strong><\/p>\n<p><strong>Et pour les CSE, groupes, entreprises et hospitalit\u00e9s\u00a0?<\/strong><\/p>\n<p>Pour plus d\u2019informations \u00e0 destination des collectivit\u00e9s, entreprises, groupes, associations et CE ou nos formules d\u2019hospitalit\u00e9s, rendez-vous avec le service commercial du LOSC aupr\u00e8s de vos interlocuteurs d\u00e9di\u00e9s ou via\u00a0commercial@losc.fr\u00a0ou\u00a0commercial.ce@losc.fr\u00a0et au 0 820 25 26 27.\u00a0<br \/>Abonn\u00e9s Groupe DVE et CE CGOS rendez-vous sur LOSC.fr\u00a0en vous connectant \u00e0 votre compte client.<\/p>\n<p><img loading=\"lazy\" decoding=\"async\" src=\"https:\/\/www.europesays.com\/fr\/wp-content\/uploads\/2025\/12\/OUVERTURE_BILLETTERIE_CDF_LYON_LISTPUSH.jpg\" data-entity-uuid=\"71468046-cb6a-4356-9a40-236bd3ab3ccc\" data-entity-type=\"file\" width=\"1920\" height=\"450\"\/><\/p>\n","protected":false},"excerpt":{"rendered":"Un duel europ\u00e9en, mais en Coupe de France \u00c0 l\u2019heure o\u00f9 les clubs amateurs se confrontent aux clubs&hellip;\n","protected":false},"author":2,"featured_media":632081,"comment_status":"","ping_status":"","sticky":false,"template":"","format":"standard","meta":{"footnotes":""},"categories":[2815],"tags":[1111,11,1777,674,1011,27,811,1307,12,25],"class_list":{"0":"post-632080","1":"post","2":"type-post","3":"status-publish","4":"format-standard","5":"has-post-thumbnail","7":"category-lille","8":"tag-actu","9":"tag-actualites","10":"tag-eu","11":"tag-europe","12":"tag-fr","13":"tag-france","14":"tag-hauts-de-france","15":"tag-lille","16":"tag-news","17":"tag-republique-francaise"},"share_on_mastodon":{"url":"https:\/\/pubeurope.com\/@fr\/115814199856477169","error":""},"_links":{"self":[{"href":"https:\/\/www.europesays.com\/fr\/wp-json\/wp\/v2\/posts\/632080","targetHints":{"allow":["GET"]}}],"collection":[{"href":"https:\/\/www.europesays.com\/fr\/wp-json\/wp\/v2\/posts"}],"about":[{"href":"https:\/\/www.europesays.com\/fr\/wp-json\/wp\/v2\/types\/post"}],"author":[{"embeddable":true,"href":"https:\/\/www.europesays.com\/fr\/wp-json\/wp\/v2\/users\/2"}],"replies":[{"embeddable":true,"href":"https:\/\/www.europesays.com\/fr\/wp-json\/wp\/v2\/comments?post=632080"}],"version-history":[{"count":0,"href":"https:\/\/www.europesays.com\/fr\/wp-json\/wp\/v2\/posts\/632080\/revisions"}],"wp:featuredmedia":[{"embeddable":true,"href":"https:\/\/www.europesays.com\/fr\/wp-json\/wp\/v2\/media\/632081"}],"wp:attachment":[{"href":"https:\/\/www.europesays.com\/fr\/wp-json\/wp\/v2\/media?parent=632080"}],"wp:term":[{"taxonomy":"category","embeddable":true,"href":"https:\/\/www.europesays.com\/fr\/wp-json\/wp\/v2\/categories?post=632080"},{"taxonomy":"post_tag","embeddable":true,"href":"https:\/\/www.europesays.com\/fr\/wp-json\/wp\/v2\/tags?post=632080"}],"curies":[{"name":"wp","href":"https:\/\/api.w.org\/{rel}","templated":true}]}}