{"id":632090,"date":"2025-12-31T12:38:16","date_gmt":"2025-12-31T12:38:16","guid":{"rendered":"https:\/\/www.europesays.com\/fr\/632090\/"},"modified":"2025-12-31T12:38:16","modified_gmt":"2025-12-31T12:38:16","slug":"bus-rer-metros-les-transports-ouverts-et-gratuits-en-ile-de-france-pour-le-reveillon","status":"publish","type":"post","link":"https:\/\/www.europesays.com\/fr\/632090\/","title":{"rendered":"Bus, RER, m\u00e9tros&#8230; les transports ouverts et gratuits en Ile-de-France pour le r\u00e9veillon"},"content":{"rendered":"<p><a href=\"https:\/\/94.citoyens.com\/2025\/ile-de-france-on-va-pouvoir-payer-le-bus-avec-sa-carte-bleue,21-11-2025.html\" title=\"Ile-de-France\u00a0: on va pouvoir payer le bus avec sa carte bleue\" class=\"visuel\" target=\"_blank\" rel=\"noopener\"> <img decoding=\"async\" src=\"https:\/\/www.europesays.com\/fr\/wp-content\/uploads\/2025\/12\/bus-cb-380x173.jpg\"  class=\"attachment-home-article wp-post-image lazyload\" alt=\"Ile-de-France\u00a0: on va pouvoir payer le bus avec sa carte bleue\"\/>  \u00a9 IDFM\t <\/a> <a href=\"https:\/\/94.citoyens.com\/2025\/ile-de-france-on-va-pouvoir-payer-le-bus-avec-sa-carte-bleue,21-11-2025.html\" title=\"Ile-de-France\u00a0: on va pouvoir payer le bus avec sa carte bleue\" target=\"_blank\" rel=\"noopener\"> Ile-de-France\u00a0: on va pouvoir payer le bus avec sa carte bleue\t<\/a><\/p>\n<p>Apr\u00e8s le paiement sur t\u00e9l\u00e9phone pour tous, y compris les banlieusards sans forfait mensuel, voil\u00e0 le paiement par carte bleue \u2013 dans le bus. Le d\u00e9ploiement d\u00e9marre et devrait s\u2019achever \u00e0 l\u2019\u00e9t\u00e9 2026 \u00e0 Paris et la petite couronne.<\/p>\n<p><a href=\"https:\/\/94.citoyens.com\/2025\/transports-en-ile-de-france-le-navigo-mensuel-passera-a-9080-euros-en-2026,28-11-2025.html\" title=\"Transports en Ile-de-France: le Navigo mensuel passera \u00e0 90,80 euros en 2026\" class=\"visuel\" target=\"_blank\" rel=\"noopener\"> <img decoding=\"async\" src=\"https:\/\/www.europesays.com\/fr\/wp-content\/uploads\/2025\/12\/metro-14-navigo-tickets-juin24-m-bibal-380x173.jpg\"  class=\"attachment-home-article wp-post-image lazyload\" alt=\"Transports en Ile-de-France: le Navigo mensuel passera \u00e0 90,80 euros en 2026\"\/>  \u00a9 MB\t <\/a> <a href=\"https:\/\/94.citoyens.com\/2025\/transports-en-ile-de-france-le-navigo-mensuel-passera-a-9080-euros-en-2026,28-11-2025.html\" title=\"Transports en Ile-de-France: le Navigo mensuel passera \u00e0 90,80 euros en 2026\" target=\"_blank\" rel=\"noopener\"> Transports en Ile-de-France: le Navigo mensuel passera \u00e0 90,80 euros en 2026\t<\/a><\/p>\n<p>Ile-de-France Mobilit\u00e9s (IDFM) propose une augmentation de 2 euros du prix du passe Navigo mensuel, qui atteindra ainsi 90,80 euros \u00e0 partir de janvier 2026, a indiqu\u00e9 jeudi l\u2019autorit\u00e9 organisatrice des transports dans la r\u00e9gion francilienne.<\/p>\n<p><a href=\"https:\/\/94.citoyens.com\/2025\/en-images-le-telepherique-creteil-villeneuve-saint-georges-lance-dans-la-liesse,15-12-2025.html\" title=\"En images : le t\u00e9l\u00e9ph\u00e9rique Cr\u00e9teil \u2013 Villeneuve-Saint-Georges lanc\u00e9 dans la liesse\" class=\"visuel\" target=\"_blank\" rel=\"noopener\"> <img decoding=\"async\" src=\"https:\/\/www.europesays.com\/fr\/wp-content\/uploads\/2025\/12\/telepherique-cable-c1-cd3-380x173.jpg\"  class=\"attachment-home-article wp-post-image lazyload\" alt=\"En images : le t\u00e9l\u00e9ph\u00e9rique Cr\u00e9teil \u2013 Villeneuve-Saint-Georges lanc\u00e9 dans la liesse\"\/>  \u00a9 CD\t <\/a> <a href=\"https:\/\/94.citoyens.com\/2025\/en-images-le-telepherique-creteil-villeneuve-saint-georges-lance-dans-la-liesse,15-12-2025.html\" title=\"En images : le t\u00e9l\u00e9ph\u00e9rique Cr\u00e9teil \u2013 Villeneuve-Saint-Georges lanc\u00e9 dans la liesse\" target=\"_blank\" rel=\"noopener\"> En images : le t\u00e9l\u00e9ph\u00e9rique Cr\u00e9teil \u2013 Villeneuve-Saint-Georges lanc\u00e9 dans la liesse\t<\/a><\/p>\n<p>Habitants, repr\u00e9sentants d\u2019usagers, pionniers du projet, \u00e9lus, exploitants\u2026. tout le monde \u00e9tait au rendez-vous ce samedi matin, malgr\u00e9 le temps gris, pour tester les t\u00e9l\u00e9cabines qui relient d\u00e9sormais Cr\u00e9teil, Valenton, Limeil-Br\u00e9vannes et Villeneuve-Saint-Georges, enjambant coupures urbaines et d\u00e9nivel\u00e9s. Retour en images.<\/p>\n<p><a href=\"https:\/\/94.citoyens.com\/2025\/lelan-des-pistes-cyclables-en-ile-de-france-freine-par-letau-financier-autour-des-departements,22-12-2025.html\" title=\"L\u2019\u00e9lan des pistes cyclables en Ile-de-France frein\u00e9 par l\u2019\u00e9tau financier autour des d\u00e9partements\" class=\"visuel\" target=\"_blank\" rel=\"noopener\"> <img decoding=\"async\" src=\"https:\/\/www.europesays.com\/fr\/wp-content\/uploads\/2025\/12\/velo-vincennes-piste-cyclable-2-cd-380x173.jpg\"  class=\"attachment-home-article wp-post-image lazyload\" alt=\"L\u2019\u00e9lan des pistes cyclables en Ile-de-France frein\u00e9 par l\u2019\u00e9tau financier autour des d\u00e9partements\"\/> <\/a> <a href=\"https:\/\/94.citoyens.com\/2025\/lelan-des-pistes-cyclables-en-ile-de-france-freine-par-letau-financier-autour-des-departements,22-12-2025.html\" title=\"L\u2019\u00e9lan des pistes cyclables en Ile-de-France frein\u00e9 par l\u2019\u00e9tau financier autour des d\u00e9partements\" target=\"_blank\" rel=\"noopener\"> L\u2019\u00e9lan des pistes cyclables en Ile-de-France frein\u00e9 par l\u2019\u00e9tau financier autour des d\u00e9partements\t<\/a><\/p>\n<p>Apr\u00e8s une acc\u00e9l\u00e9ration apr\u00e8s la crise sanitaire 2020, gr\u00e2ce aux coronapistes, la construction du r\u00e9seau de pistes cyclables en Ile-de-France subit un coup de frein \u00e0 cause des pressions sur le budget des d\u00e9partements, qui financent en partie ces vastes projets.<\/p>\n","protected":false},"excerpt":{"rendered":"\u00a9 IDFM Ile-de-France\u00a0: on va pouvoir payer le bus avec sa carte bleue Apr\u00e8s le paiement sur t\u00e9l\u00e9phone&hellip;\n","protected":false},"author":2,"featured_media":152282,"comment_status":"","ping_status":"","sticky":false,"template":"","format":"standard","meta":{"footnotes":""},"categories":[1592],"tags":[1111,11,13160,3625,30570,7048,48220,30571,53119,74054,1936,1777,674,1011,27,326,662,4047,12,626,32582,25,18068,6561,7759,72837,12443,2803,800],"class_list":{"0":"post-632090","1":"post","2":"type-post","3":"status-publish","4":"format-standard","5":"has-post-thumbnail","7":"category-ile-de-france","8":"tag-actu","9":"tag-actualites","10":"tag-aulnay-sous-bois","11":"tag-banlieue","12":"tag-bondy","13":"tag-bus","14":"tag-bus-de-nuit","15":"tag-chelles","16":"tag-corbeil-essonnes","17":"tag-eaubonne","18":"tag-essonne","19":"tag-eu","20":"tag-europe","21":"tag-fr","22":"tag-france","23":"tag-gratuit","24":"tag-ile-de-france","25":"tag-metro","26":"tag-news","27":"tag-paris","28":"tag-pontoise","29":"tag-republique-francaise","30":"tag-rer-a","31":"tag-rer-c","32":"tag-rer-d","33":"tag-saint-sylvestre","34":"tag-transilien","35":"tag-transport","36":"tag-transports"},"share_on_mastodon":{"url":"https:\/\/pubeurope.com\/@fr\/115814223536378414","error":""},"_links":{"self":[{"href":"https:\/\/www.europesays.com\/fr\/wp-json\/wp\/v2\/posts\/632090","targetHints":{"allow":["GET"]}}],"collection":[{"href":"https:\/\/www.europesays.com\/fr\/wp-json\/wp\/v2\/posts"}],"about":[{"href":"https:\/\/www.europesays.com\/fr\/wp-json\/wp\/v2\/types\/post"}],"author":[{"embeddable":true,"href":"https:\/\/www.europesays.com\/fr\/wp-json\/wp\/v2\/users\/2"}],"replies":[{"embeddable":true,"href":"https:\/\/www.europesays.com\/fr\/wp-json\/wp\/v2\/comments?post=632090"}],"version-history":[{"count":0,"href":"https:\/\/www.europesays.com\/fr\/wp-json\/wp\/v2\/posts\/632090\/revisions"}],"wp:featuredmedia":[{"embeddable":true,"href":"https:\/\/www.europesays.com\/fr\/wp-json\/wp\/v2\/media\/152282"}],"wp:attachment":[{"href":"https:\/\/www.europesays.com\/fr\/wp-json\/wp\/v2\/media?parent=632090"}],"wp:term":[{"taxonomy":"category","embeddable":true,"href":"https:\/\/www.europesays.com\/fr\/wp-json\/wp\/v2\/categories?post=632090"},{"taxonomy":"post_tag","embeddable":true,"href":"https:\/\/www.europesays.com\/fr\/wp-json\/wp\/v2\/tags?post=632090"}],"curies":[{"name":"wp","href":"https:\/\/api.w.org\/{rel}","templated":true}]}}