{"id":632094,"date":"2025-12-31T12:41:10","date_gmt":"2025-12-31T12:41:10","guid":{"rendered":"https:\/\/www.europesays.com\/fr\/632094\/"},"modified":"2025-12-31T12:41:10","modified_gmt":"2025-12-31T12:41:10","slug":"reveillon-du-nouvel-an-2026-le-programme-sur-les-champs-elysees-a-paris","status":"publish","type":"post","link":"https:\/\/www.europesays.com\/fr\/632094\/","title":{"rendered":"R\u00e9veillon du Nouvel An 2026\u00a0: le programme sur les Champs-\u00c9lys\u00e9es \u00e0 Paris"},"content":{"rendered":"<p class=\"\">Pour le passage \u00e0 la nouvelle ann\u00e9e, le <a href=\"https:\/\/www.leparisien.fr\/etudiant\/sortir\/paris\/eve-reveillon-champs-elysees\/\" target=\"_blank\" rel=\"noopener\">R\u00e9veillon du 31 sur les Champs-\u00c9lys\u00e9es<\/a> est une tradition parisienne depuis maintenant 2014, attirant des centaines de milliers de personnes, bravant le froid, venant c\u00e9l\u00e9brer le r\u00e9veillon dans une ambiance festive et une grande messe populaire.<\/p>\n<p class=\"\">Si le traditionnel compte \u00e0 rebours et le spectaculaire feu d\u2019artifice sont maintenus pour le R\u00e9veillon 2026, la Mairie de Paris a d\u00fb renoncer \u00e0 des concerts et <a href=\"https:\/\/www.leparisien.fr\/etudiant\/sortir\/paris\/reveillon\/reveillon-spectacles\/\" target=\"_blank\" rel=\"noopener\">spectacles<\/a> organis\u00e9s depuis deux ans, et ce \u00e0 la demande de la pr\u00e9fecture de police, afin de mieux g\u00e9rer l\u2019affluence et garantir la s\u00e9curit\u00e9 de tous. N\u00e9anmoins, l\u2019avenue la plus embl\u00e9matique du monde promet toujours un moment magique pour c\u00e9l\u00e9brer les douze coups de minuit.<\/p>\n<p>Mapping 3D, Compte \u00e0 rebours et feu d\u2019artifice<\/p>\n<p class=\"\">Cette ann\u00e9e, le th\u00e8me du R\u00e9veillon 2026 sera \u00ab Les arts et la pens\u00e9e \u00bb, succ\u00e9dant \u00e0 l\u2019\u00e9dition pr\u00e9c\u00e9dente \u00ab Paris sur son 31 ! \u00bb. L\u2019avenue sera pi\u00e9tonne d\u00e8s 19 heures pour accueillir le public.<\/p>\n<p class=\"\"><b>\u00c0 23h50<\/b>, une projection artistique (mapping) illuminera l\u2019Arc de Triomphe. Cette \u00ab cr\u00e9ation visuelle \u00bb, accompagn\u00e9e d\u2019une \u0153uvre musicale originale sign\u00e9e Ena Eno et Andr\u00e9 Manoukian, transformera le monument en un tableau vivant, c\u00e9l\u00e9brant Paris comme un carrefour des arts, un atelier cr\u00e9atif vibrant et un foyer litt\u00e9raire.<\/p>\n<p class=\"\">Le spectacle rendra hommage au 70e anniversaire du jumelage entre Paris et Rome, qui sera c\u00e9l\u00e9br\u00e9 en 2026. Apr\u00e8s les Jeux olympiques l\u2019an dernier, le sport ne sera pas en reste, avec des r\u00e9f\u00e9rences \u00ab subtiles \u00bb aux succ\u00e8s marquants du PSG durant l\u2019ann\u00e9e \u00e9coul\u00e9e (Ligue des champions, et m\u00eame le Ballon d\u2019Or d\u2019Ousmane Demb\u00e9l\u00e9).<\/p>\n<p class=\"\">Le mapping culminera avec le compte \u00e0 rebours traditionnel avant le passage \u00e0 la nouvelle ann\u00e9e.<\/p>\n<p class=\"\"><b>\u00c0 minuit<\/b>, un flash blanc total marquera le d\u00e9but d\u2019un feu d\u2019artifice de 10 minutes, pour un final en apoth\u00e9ose. Une playlist musicale 100 % f\u00e9minine, ponctu\u00e9e d\u2019un clin d\u2019\u0153il \u00e0 l\u2019Italie, rythmera ce moment.<\/p>\n<p class=\"\">Le spectacle se cl\u00f4turera sur l\u2019embl\u00e9matique \u00ab Imagine \u00bb de John Lennon, invitant \u00e0 d\u00e9buter l\u2019ann\u00e9e sous le signe de \u00ab la paix, de l\u2019espoir et de la fraternit\u00e9 \u00bb.<\/p>\n<p>Conseils pratiques pour venir sur les Champs pour le r\u00e9veillon du 31<\/p>\n<p class=\"\">Pour vivre pleinement ce grand moment populaire, une bonne organisation est essentielle :<\/p>\n<p class=\"\"><b>Quand arriver ?<\/b> L\u2019affluence est chaque ann\u00e9e tr\u00e8s importante. Pour vous assurer une place de choix et profiter au mieux du spectacle face \u00e0 l\u2019Arc de Triomphe, il est fortement conseill\u00e9 d\u2019arriver t\u00f4t, d\u00e8s 19h00, heure \u00e0 laquelle l\u2019avenue sera rendue pi\u00e9tonne et les points d\u2019acc\u00e8s ouverts.<\/p>\n<p class=\"\"><b>Acc\u00e8s aux Champs-\u00c9lys\u00e9es :<\/b> L\u2019avenue sera s\u00e9curis\u00e9e et uniquement accessible via trois points d\u2019entr\u00e9e principaux pour des raisons de s\u00e9curit\u00e9, avec contr\u00f4les. Par le sud et le Nord : via la place Franklin D. Roosevelt. Par l\u2019est : via la place de la Concorde. Aucun acc\u00e8s par la place de l\u2019\u00c9toile ne sera possible.<\/p>\n<p class=\"\"><b>Transports en commun :<\/b> Privil\u00e9giez imp\u00e9rativement les <a href=\"https:\/\/www.leparisien.fr\/info-paris-ile-de-france-oise\/transports\/nouvel-an-a-paris-et-en-ile-de-france-quels-metros-rer-et-trains-seront-gratuits-toute-la-nuit-31-12-2025-YN6ULY7H3RC3RCFPOSU3FNSD6E.php\" target=\"_blank\" rel=\"noreferrer noopener\">transports en commun<\/a>, qui seront gratuits et fonctionneront toute la nuit du 31 d\u00e9cembre (d\u00e8s 17h00) au 1er janvier (jusqu\u2019\u00e0 midi). Cependant, attention : plusieurs stations de m\u00e9tro et de RER seront ferm\u00e9es d\u00e8s 16 heures pour garantir un acc\u00e8s s\u00e9curis\u00e9.<\/p>\n<p class=\"\"><b>Restrictions et s\u00e9curit\u00e9 :<\/b> Face \u00e0 la densit\u00e9 de la foule, il est d\u00e9conseill\u00e9 de venir avec des enfants en bas \u00e2ge. Des <a href=\"https:\/\/www.leparisien.fr\/paris-75\/nouvel-an-sur-les-champs-elysees-filtrage-alcool-interdit-un-dispositif-de-securite-renforce-23-12-2025-7JB5YOFNJNDT7IFVMT6GQPY3IY.php\" target=\"_blank\" rel=\"noopener\">contr\u00f4les stricts<\/a> seront effectu\u00e9s aux points d\u2019acc\u00e8s, incluant palpation de s\u00e9curit\u00e9 et v\u00e9rification des sacs. L\u2019introduction de bouteilles ou gourdes en verre, de v\u00e9los, trottinettes ou rollers est strictement interdite. La consommation d\u2019alcool est \u00e9galement proscrite sur les Champs-\u00c9lys\u00e9es.<\/p>\n<p class=\"\">\u00c0 noter enfin que France 2 diffusera en direct l\u2019\u00e9v\u00e9nement depuis Paris \u00e0 23h50. Cette retransmission sera pr\u00e9c\u00e9d\u00e9e d\u00e8s 21h10 d\u2019une \u00e9mission musicale pour f\u00eater la nouvelle ann\u00e9e avec des artistes comme Amir, Gilbert Montagn\u00e9, Pascal Obispo, Amel Bent\u2026<\/p>\n","protected":false},"excerpt":{"rendered":"Pour le passage \u00e0 la nouvelle ann\u00e9e, le R\u00e9veillon du 31 sur les Champs-\u00c9lys\u00e9es est une tradition parisienne&hellip;\n","protected":false},"author":2,"featured_media":632095,"comment_status":"","ping_status":"","sticky":false,"template":"","format":"standard","meta":{"footnotes":""},"categories":[1888],"tags":[11,872,1777,674,1011,27,2684,12,626,25,28728],"class_list":{"0":"post-632094","1":"post","2":"type-post","3":"status-publish","4":"format-standard","5":"has-post-thumbnail","7":"category-paris","8":"tag-actualites","9":"tag-culture-et-loisirs","10":"tag-eu","11":"tag-europe","12":"tag-fr","13":"tag-france","14":"tag-le-parisien-etudiant","15":"tag-news","16":"tag-paris","17":"tag-republique-francaise","18":"tag-vie-etudiante"},"share_on_mastodon":{"url":"https:\/\/pubeurope.com\/@fr\/115814235059842701","error":""},"_links":{"self":[{"href":"https:\/\/www.europesays.com\/fr\/wp-json\/wp\/v2\/posts\/632094","targetHints":{"allow":["GET"]}}],"collection":[{"href":"https:\/\/www.europesays.com\/fr\/wp-json\/wp\/v2\/posts"}],"about":[{"href":"https:\/\/www.europesays.com\/fr\/wp-json\/wp\/v2\/types\/post"}],"author":[{"embeddable":true,"href":"https:\/\/www.europesays.com\/fr\/wp-json\/wp\/v2\/users\/2"}],"replies":[{"embeddable":true,"href":"https:\/\/www.europesays.com\/fr\/wp-json\/wp\/v2\/comments?post=632094"}],"version-history":[{"count":0,"href":"https:\/\/www.europesays.com\/fr\/wp-json\/wp\/v2\/posts\/632094\/revisions"}],"wp:featuredmedia":[{"embeddable":true,"href":"https:\/\/www.europesays.com\/fr\/wp-json\/wp\/v2\/media\/632095"}],"wp:attachment":[{"href":"https:\/\/www.europesays.com\/fr\/wp-json\/wp\/v2\/media?parent=632094"}],"wp:term":[{"taxonomy":"category","embeddable":true,"href":"https:\/\/www.europesays.com\/fr\/wp-json\/wp\/v2\/categories?post=632094"},{"taxonomy":"post_tag","embeddable":true,"href":"https:\/\/www.europesays.com\/fr\/wp-json\/wp\/v2\/tags?post=632094"}],"curies":[{"name":"wp","href":"https:\/\/api.w.org\/{rel}","templated":true}]}}