{"id":632098,"date":"2025-12-31T12:43:10","date_gmt":"2025-12-31T12:43:10","guid":{"rendered":"https:\/\/www.europesays.com\/fr\/632098\/"},"modified":"2025-12-31T12:43:10","modified_gmt":"2025-12-31T12:43:10","slug":"des-drones-russes-bombardent-odessa-en-ukraine-et-blessent-six-personnes","status":"publish","type":"post","link":"https:\/\/www.europesays.com\/fr\/632098\/","title":{"rendered":"Des drones russes bombardent Odessa, en Ukraine, et blessent six personnes"},"content":{"rendered":"<p>Des drones russes ont bombard\u00e9 des immeubles r\u00e9sidentiels et le r\u00e9seau \u00e9lectrique dans la ville d\u2019Odessa, dans le sud de l\u2019Ukraine, lors d\u2019une attaque nocturne qui a fait six bless\u00e9s, dont trois enfants.<\/p>\n<p>Quatre immeubles d\u2019habitation ont \u00e9t\u00e9 endommag\u00e9s lors du bombardement, selon le chef de l\u2019administration militaire r\u00e9gionale, Oleg Kiper.<\/p>\n<p>La compagnie d\u2019\u00e9lectricit\u00e9 DTEK a indiqu\u00e9 que deux de ses installations \u00e9nerg\u00e9tiques avaient subi des dommages importants. Dix de ses sous-stations qui distribuent l\u2019\u00e9lectricit\u00e9 dans la r\u00e9gion d\u2019Odessa ont \u00e9t\u00e9 endommag\u00e9es rien qu\u2019en d\u00e9cembre.<\/p>\n<p>Cette ann\u00e9e, la Russie a intensifi\u00e9 ses attaques \u00e0 longue port\u00e9e contre les zones urbaines de l\u2019Ukraine. Ces derniers mois, elle a \u00e9galement intensifi\u00e9 ses attaques contre les infrastructures \u00e9nerg\u00e9tiques, cherchant \u00e0 priver les Ukrainiens de chauffage et d\u2019eau courante pendant les mois d\u2019hiver.<\/p>\n<p>De janvier \u00e0 novembre, plus de 2300 civils ukrainiens ont \u00e9t\u00e9 tu\u00e9s, tandis que plus de 11\u00a0000\u00a0autres ont \u00e9t\u00e9 bless\u00e9s, selon les Nations unies. Ces chiffres sont sup\u00e9rieurs de 26\u00a0% \u00e0 ceux de la m\u00eame p\u00e9riode en 2024 et de 70\u00a0% \u00e0 ceux de 2023.<\/p>\n<p>Les attaques soutenues de drones et de missiles russes ont eu lieu dans un contexte de nouveaux efforts diplomatiques visant \u00e0 mettre fin aux combats.<\/p>\n<p>Le pr\u00e9sident am\u00e9ricain, Donald Trump, a re\u00e7u dimanche son homologue ukrainien, Volodymyr Zelensky, en Floride. Il a affirm\u00e9 qu\u2019un accord \u00e9tait \u00abplus proche que jamais\u00bb.<\/p>\n<p>Le dirigeant ukrainien doit s\u2019entretenir la semaine prochaine avec les chefs des gouvernements europ\u00e9ens qui soutiennent ses efforts pour obtenir des conditions acceptables.<\/p>\n<p>Parall\u00e8lement, les attaques se poursuivent et attisent les tensions.<\/p>\n<p>Les frappes nocturnes sur Odessa \u00absont une nouvelle preuve des tactiques terroristes de l\u2019ennemi, qui vise d\u00e9lib\u00e9r\u00e9ment les infrastructures civiles\u00bb, a d\u00e9clar\u00e9 M.\u00a0Kiper, le chef r\u00e9gional.<\/p>\n<p>Plus t\u00f4t cette semaine, Moscou a affirm\u00e9 que l\u2019Ukraine avait tent\u00e9 d\u2019attaquer une r\u00e9sidence du pr\u00e9sident russe, Vladimir Poutine, dans le nord-ouest de la Russie, avec 91\u00a0drones \u00e0 longue port\u00e9e dimanche soir et lundi matin. Les responsables ukrainiens r\u00e9futent cette affirmation et soutiennent qu\u2019il s\u2019agit d\u2019une ruse visant \u00e0 faire d\u00e9railler les n\u00e9gociations de paix.<\/p>\n<p>Le g\u00e9n\u00e9ral de division Alexander Romanenkov, de l\u2019arm\u00e9e de l\u2019air russe, a affirm\u00e9 mercredi que les drones avaient d\u00e9coll\u00e9 des r\u00e9gions ukrainiennes de Soumy et Tchernihiv.<\/p>\n<p>Lors d\u2019une s\u00e9ance d\u2019information o\u00f9 aucune question n\u2019\u00e9tait autoris\u00e9e, il a pr\u00e9sent\u00e9 une carte montrant les itin\u00e9raires de vol des drones avant qu\u2019ils ne soient abattus par les d\u00e9fenses a\u00e9riennes russes.<\/p>\n<p>Il n\u2019a pas \u00e9t\u00e9 possible de v\u00e9rifier ces informations de mani\u00e8re ind\u00e9pendante.<\/p>\n<p>L\u2019arm\u00e9e de l\u2019air ukrainienne a annonc\u00e9 mercredi que la Russie avait tir\u00e9 127\u00a0drones sur le pays pendant la nuit, dont 101\u00a0ont \u00e9t\u00e9 intercept\u00e9s par les d\u00e9fenses a\u00e9riennes.<\/p>\n<p>De son c\u00f4t\u00e9, le minist\u00e8re russe de la D\u00e9fense a soulign\u00e9 que 86\u00a0drones ukrainiens avaient \u00e9t\u00e9 abattus pendant la nuit au-dessus de r\u00e9gions russes, de la mer Noire et de la p\u00e9ninsule de Crim\u00e9e, annex\u00e9e ill\u00e9galement.<\/p>\n<p>L\u2019attaque ukrainienne a provoqu\u00e9 un incendie dans une raffinerie de p\u00e9trole dans la r\u00e9gion de Krasnodar, dans le sud de la Russie, mais les flammes ont \u00e9t\u00e9 \u00e9teintes rapidement, selon les autorit\u00e9s locales.<\/p>\n","protected":false},"excerpt":{"rendered":"Des drones russes ont bombard\u00e9 des immeubles r\u00e9sidentiels et le r\u00e9seau \u00e9lectrique dans la ville d\u2019Odessa, dans le&hellip;\n","protected":false},"author":2,"featured_media":632099,"comment_status":"","ping_status":"","sticky":false,"template":"","format":"standard","meta":{"footnotes":""},"categories":[1591],"tags":[11,1887,1854,12,1885,1886,132],"class_list":{"0":"post-632098","1":"post","2":"type-post","3":"status-publish","4":"format-standard","5":"has-post-thumbnail","7":"category-russie","8":"tag-actualites","9":"tag-federation-de-russie","10":"tag-https-lactualite-com-sujet-international","11":"tag-news","12":"tag-russia","13":"tag-russian-federation","14":"tag-russie"},"share_on_mastodon":{"url":"https:\/\/pubeurope.com\/@fr\/115814243077013554","error":""},"_links":{"self":[{"href":"https:\/\/www.europesays.com\/fr\/wp-json\/wp\/v2\/posts\/632098","targetHints":{"allow":["GET"]}}],"collection":[{"href":"https:\/\/www.europesays.com\/fr\/wp-json\/wp\/v2\/posts"}],"about":[{"href":"https:\/\/www.europesays.com\/fr\/wp-json\/wp\/v2\/types\/post"}],"author":[{"embeddable":true,"href":"https:\/\/www.europesays.com\/fr\/wp-json\/wp\/v2\/users\/2"}],"replies":[{"embeddable":true,"href":"https:\/\/www.europesays.com\/fr\/wp-json\/wp\/v2\/comments?post=632098"}],"version-history":[{"count":0,"href":"https:\/\/www.europesays.com\/fr\/wp-json\/wp\/v2\/posts\/632098\/revisions"}],"wp:featuredmedia":[{"embeddable":true,"href":"https:\/\/www.europesays.com\/fr\/wp-json\/wp\/v2\/media\/632099"}],"wp:attachment":[{"href":"https:\/\/www.europesays.com\/fr\/wp-json\/wp\/v2\/media?parent=632098"}],"wp:term":[{"taxonomy":"category","embeddable":true,"href":"https:\/\/www.europesays.com\/fr\/wp-json\/wp\/v2\/categories?post=632098"},{"taxonomy":"post_tag","embeddable":true,"href":"https:\/\/www.europesays.com\/fr\/wp-json\/wp\/v2\/tags?post=632098"}],"curies":[{"name":"wp","href":"https:\/\/api.w.org\/{rel}","templated":true}]}}