{"id":632100,"date":"2025-12-31T12:44:12","date_gmt":"2025-12-31T12:44:12","guid":{"rendered":"https:\/\/www.europesays.com\/fr\/632100\/"},"modified":"2025-12-31T12:44:12","modified_gmt":"2025-12-31T12:44:12","slug":"guerre-en-ukraine-pres-de-600-000-armes-envoyees-a-kiev-perdues-ou-volees-faut-il-sinquieter","status":"publish","type":"post","link":"https:\/\/www.europesays.com\/fr\/632100\/","title":{"rendered":"Guerre en Ukraine\u00a0: pr\u00e8s de 600\u00a0000 armes envoy\u00e9es \u00e0 Kiev perdues ou vol\u00e9es, faut-il s\u2019inqui\u00e9ter\u00a0?"},"content":{"rendered":"<p>\n                                                                Pr\u00e8s de 600\u00a0000 armes fournies par les Occidentaux \u00e0 Kiev depuis le d\u00e9but de l\u2019invasion russe en f\u00e9vrier\u00a02022 ont \u00ab\u00a0disparu des radars\u00a0\u00bb selon le rapport de l\u2019ONG suisse Global initiative against transnational organized crime (GI-TOC) de juin\u00a02024.\n                            <\/p>\n<p>Les pays occidentaux ont fourni des centaines de milliers d\u2019armes \u00e0 l\u2019Ukraine pour l\u2019aider \u00e0 se d\u00e9fendre face \u00e0 l\u2019invasion russe depuis le d\u00e9but de la guerre en f\u00e9vrier\u00a02022.<\/p>\n<p>De nombreuses marchandises auraient disparu des radars une fois arriv\u00e9es \u00e0 destination, selon le <a href=\"https:\/\/globalinitiative.net\/analysis\/trends-arms-trafficking-conflict-ukraine-russia-monitor\/\" target=\"_self\" rel=\"noopener\">rapport<\/a>\u00a0de l\u2019ONG suisse Global initiative against transnational organized crime (GI-TOC) de juin\u00a02024, repris dans un article du <a href=\"https:\/\/www.leparisien.fr\/international\/vols-pertes-une-partie-des-armes-envoyees-a-lukraine-disparait-des-radars-22-12-2025-OUAAGCBHJRBNXOIPFRVDEBRKKA.php\" target=\"_self\" rel=\"noopener\">Parisien<\/a> le 22\u00a0d\u00e9cembre 2025.<\/p>\n<p>Armes \u00ab\u00a0disparues\u00a0\u00bb<\/p>\n<p>Les armes perdues ou vol\u00e9es \u00ab\u00a0sont\u00a0actuellement au nombre de 593\u00a0000\u00a0\u00bb, affirme dans ce document\u00a0Vadym Dzyubynskyi, chef des enqu\u00eates criminelles \u00e0 la police nationale ukrainienne. Les armes \u00ab\u00a0disparues\u00a0\u00bb ne sont plus suivies dans les inventaires officiels. Il peut s\u2019agir \u00ab\u00a0d\u2019armes perdues au combat\u00a0\u00bb, \u00ab\u00a0oubli\u00e9es dans des d\u00e9p\u00f4ts\u00a0\u00bb ou, parfois \u00ab\u00a0d\u00e9tourn\u00e9es vers des circuits ill\u00e9gaux\u00a0\u00bb, pr\u00e9cise<a href=\"https:\/\/information.tv5monde.com\/international\/guerre-en-ukraine-pres-de-600000-armes-livrees-kiev-disparues-des-radars-depuis-2022-2802428\" target=\"_self\" rel=\"noopener\"> TV5 Monde<\/a>.<\/p>\n<p>Conclusion du rapport\u00a0? La prolif\u00e9ration des armes ill\u00e9gales s\u2019est jusqu\u2019\u00e0 pr\u00e9sent \u00ab\u00a0limit\u00e9e \u00e0 l\u2019Ukraine\u00a0\u00bb. Le gouvernement ukrainien assure faire de la lutte contre le trafic d\u2019armes une priorit\u00e9.\u00a0\u00bbAucun incident av\u00e9r\u00e9 de trafic organis\u00e9 d\u2019armes depuis l\u2019Ukraine vers les pays de l\u2019UE n\u2019a \u00e9t\u00e9 signal\u00e9\u00a0\u00bb, peut-on lire sur le document de l\u2019ONG suisse.<\/p>\n","protected":false},"excerpt":{"rendered":"Pr\u00e8s de 600\u00a0000 armes fournies par les Occidentaux \u00e0 Kiev depuis le d\u00e9but de l\u2019invasion russe en f\u00e9vrier\u00a02022&hellip;\n","protected":false},"author":2,"featured_media":632101,"comment_status":"","ping_status":"","sticky":false,"template":"","format":"standard","meta":{"footnotes":""},"categories":[1590],"tags":[1111,11,1777,674,131,74,12,220],"class_list":{"0":"post-632100","1":"post","2":"type-post","3":"status-publish","4":"format-standard","5":"has-post-thumbnail","7":"category-ukraine","8":"tag-actu","9":"tag-actualites","10":"tag-eu","11":"tag-europe","12":"tag-guerre-en-ukraine","13":"tag-monde","14":"tag-news","15":"tag-ukraine"},"share_on_mastodon":{"url":"https:\/\/pubeurope.com\/@fr\/115814246946327531","error":""},"_links":{"self":[{"href":"https:\/\/www.europesays.com\/fr\/wp-json\/wp\/v2\/posts\/632100","targetHints":{"allow":["GET"]}}],"collection":[{"href":"https:\/\/www.europesays.com\/fr\/wp-json\/wp\/v2\/posts"}],"about":[{"href":"https:\/\/www.europesays.com\/fr\/wp-json\/wp\/v2\/types\/post"}],"author":[{"embeddable":true,"href":"https:\/\/www.europesays.com\/fr\/wp-json\/wp\/v2\/users\/2"}],"replies":[{"embeddable":true,"href":"https:\/\/www.europesays.com\/fr\/wp-json\/wp\/v2\/comments?post=632100"}],"version-history":[{"count":0,"href":"https:\/\/www.europesays.com\/fr\/wp-json\/wp\/v2\/posts\/632100\/revisions"}],"wp:featuredmedia":[{"embeddable":true,"href":"https:\/\/www.europesays.com\/fr\/wp-json\/wp\/v2\/media\/632101"}],"wp:attachment":[{"href":"https:\/\/www.europesays.com\/fr\/wp-json\/wp\/v2\/media?parent=632100"}],"wp:term":[{"taxonomy":"category","embeddable":true,"href":"https:\/\/www.europesays.com\/fr\/wp-json\/wp\/v2\/categories?post=632100"},{"taxonomy":"post_tag","embeddable":true,"href":"https:\/\/www.europesays.com\/fr\/wp-json\/wp\/v2\/tags?post=632100"}],"curies":[{"name":"wp","href":"https:\/\/api.w.org\/{rel}","templated":true}]}}