{"id":632104,"date":"2025-12-31T12:46:14","date_gmt":"2025-12-31T12:46:14","guid":{"rendered":"https:\/\/www.europesays.com\/fr\/632104\/"},"modified":"2025-12-31T12:46:14","modified_gmt":"2025-12-31T12:46:14","slug":"la-fondation-dharry-et-meghan-un-fiasco","status":"publish","type":"post","link":"https:\/\/www.europesays.com\/fr\/632104\/","title":{"rendered":"La fondation d\u2019Harry et Meghan: un fiasco ?"},"content":{"rendered":"<p>D\u00e9cid\u00e9ment, la perspective d\u2019une nouvelle ann\u00e9e semble avoir \u00e9t\u00e9 propice \u00e0 des r\u00e9solutions professionnelles au sein de l\u2019\u00e9quipe de la fondation Archewell du <a target=\"_blank\" href=\"https:\/\/www.pointdevue.fr\/grand-angle\/biographies\/prince-harry\" rel=\"noopener\">prince Harry<\/a> et de son \u00e9pouse <a target=\"_blank\" href=\"https:\/\/www.pointdevue.fr\/grand-angle\/biographies\/meghan-markle\" rel=\"noopener\">Meghan<\/a>. <strong>Apr\u00e8s la d\u00e9mission de Meredith Maines, onzi\u00e8me directrice de la communication \u00e0 quitter son poste en cinq ans, c\u2019est au tour de James Holt, directeur g\u00e9n\u00e9ral d\u2019Archewell, de faire ses valises. <\/strong>Pr\u00e9sent d\u00e8s la cr\u00e9ation de l\u2019entit\u00e9 il y a cinq ans, ce fid\u00e8le parmi les fid\u00e8les du couple repart \u00e0 Londres avec sa famille.<\/p>\n<p><img decoding=\"async\" src=\"https:\/\/www.europesays.com\/fr\/wp-content\/uploads\/2025\/12\/ABACA_806750_002xcdFulUrdU.jpg\" alt=\"James Holt, directeur d\u00e9missionnaire d'Archewell Philanthropies.\"\/><strong>James Holt, directeur d\u00e9missionnaire d&rsquo;Archewell Philanthropies.<\/strong> \u00a9 Mischa Schoemaker\/ABACA<\/p>\n<p><strong>Ce d\u00e9part est annonc\u00e9 dans un concert de louanges : \u00a0\u00bb De mon premier projet avec le prince Harry il y a huit ans pour am\u00e9liorer le soutien en sant\u00e9 mentale (\u2026) il m\u2019a constamment incit\u00e9 \u00e0 voir plus grand sur la fa\u00e7on dont nous pouvons faire la diff\u00e9rence. \u00a0\u00bb <\/strong>La duchesse de Sussex a \u00e9galement droit \u00e0 son \u00e9loge : \u00a0\u00bb D\u00e8s l\u2019instant o\u00f9 j\u2019ai rencontr\u00e9 Meghan, j\u2019ai reconnu une \u00e2me s\u0153ur, quelqu\u2019un qui trouve de la joie m\u00eame dans les moments difficiles et qui cr\u00e9e des liens authentiques avec les gens, quelles que soient les circonstances \u00ab\u00a0, \u00e9crit le d\u00e9missionnaire. Pour leur part, les Sussex ont d\u00e9clar\u00e9 que le soutien de James Holt avait \u00e9t\u00e9 \u00a0\u00bb exceptionnel \u00a0\u00bb et que son enthousiasme et son talent \u00e9taient \u00a0\u00bb extraordinaires \u00ab\u00a0.<\/p>\n<p><img decoding=\"async\" src=\"https:\/\/www.europesays.com\/fr\/wp-content\/uploads\/2025\/12\/ABACA_807016_031KmhwXa2kap.jpg\" alt=\"Le prince Harry et James Holt aux Invictus Games de 2022 \u00e0 La Haye.\"\/><strong>Le prince Harry et James Holt aux Invictus Games de 2022 \u00e0 La Haye.<\/strong> \u00a9 Mischa Schoemaker\/ABACA<\/p>\n<p>Un \u00e9change de bons proc\u00e9d\u00e9s qui cache mal l\u2019incapacit\u00e9 du couple \u00e0 f\u00e9d\u00e9rer sur le long terme ses collaborateurs. Josh Kettler, Ashley Hansen, Toya Holness ou encore Catherine Saint-Laurent : autant de partenaires professionnels dont l\u2019arriv\u00e9e devait impulser un nouveau d\u00e9part \u00e0 l\u2019organisation, mais qui ont quitt\u00e9 le navire peu de temps apr\u00e8s leur embauche. Archewell aurait \u00e9galement licenci\u00e9 trois autres employ\u00e9s ; le nombre de salari\u00e9s restants serait aujourd\u2019hui compris entre un et deux, sans compter les consultants ext\u00e9rieurs, \u00e0 l\u2019image de la vice-pr\u00e9sidente Shauna Nep.<\/p>\n<p>Pourtant, les frais de fonctionnement n\u2019ont jamais \u00e9t\u00e9 aussi \u00e9lev\u00e9s. La derni\u00e8re d\u00e9claration fiscale d\u2019Archewell r\u00e9v\u00e8le une baisse notable du financement l\u2019an dernier : les subventions re\u00e7ues s\u2019\u00e9l\u00e8vent \u00e0 1 785 000 d\u2019euros, contre 4 505 000 d\u2019euros<strong> <\/strong>l\u2019ann\u00e9e pr\u00e9c\u00e9dente. En revanche, le duc et la duchesse ont vers\u00e9 plus d\u2019un million de dollars \u00e0 des strat\u00e8ges et conseillers externes, dont 296 000 euros \u00e0 M&amp;C Saatchi et 202 000 euros \u00e0 Invisible Hand. Par ailleurs, plus de 595 000 dollars ont \u00e9t\u00e9 consacr\u00e9s aux salaires.<\/p>\n<p><img decoding=\"async\" src=\"https:\/\/www.europesays.com\/fr\/wp-content\/uploads\/2025\/12\/ABACA_BRPAPhotos20230105_321AiLNcrc9TJ.jpg\" alt=\"Le prince Harry en Angola pour l'ONG Halo Trust, en 2019.\"\/><strong>Le prince Harry en Angola pour l&rsquo;ONG Halo Trust, en 2019.<\/strong> \u00a9 PA Photos\/ABACA<\/p>\n<p>Cette fuite des capitaux et des salari\u00e9s pourrait \u00eatre \u00e0 l\u2019origine du changement de statut de l\u2019organisme. Ne dites plus \u00ab\u00a0Archewell Foundation\u00a0\u00bb, bienvenue \u00e0 \u00ab\u00a0Archewell Philanthropies\u00a0\u00bb ! Le mois dernier, le duc et la duchesse de Sussex ont annonc\u00e9 l\u2019\u00e9volution de la fondation vers une nouvelle structure, dot\u00e9e d\u2019un \u00ab\u00a0parrain fiscal\u00a0\u00bb par lequel les dons seront trait\u00e9s. Cette transformation permettrait de fluidifier administrativement le fonctionnement de l\u2019organisme et de mettre davantage l\u2019accent sur \u00ab\u00a0l\u2019impact\u00a0\u00bb, comme le d\u00e9clarait une source proche du couple au Daily Telegraph.<\/p>\n<p><img decoding=\"async\" src=\"https:\/\/www.europesays.com\/fr\/wp-content\/uploads\/2025\/12\/ABACA_911439_014G7haR8XMjT.jpg\" alt=\"Meghan rencontre la vice-pr\u00e9sidente colombienne Francia Marquez \u00e0 Bogota, en aout 2024\"\/><strong>Meghan rencontre la vice-pr\u00e9sidente colombienne Francia Marquez \u00e0 Bogota, en aout 2024.<\/strong> \u00a9 Mischa Schoemaker\/ABACA<\/p>\n<p>C\u2019est donc un \u00ab\u00a0nouveau chapitre\u00a0\u00bb, comme annonc\u00e9, qui s\u2019ouvre pour Archewell Philanthropies \u00e0 l\u2019aube de l\u2019ann\u00e9e 2026. \u00c0 la lecture des \u00e9pisodes qui se sont succ\u00e9d\u00e9 ces cinq derni\u00e8res ann\u00e9es, une impression de flou et de t\u00e2tonnement persiste. Certes, le duc et la duchesse de Sussex se sont offert des tourn\u00e9es presque royales, notamment au Nigeria et en Colombie, mais cela remonte \u00e0 l\u2019an dernier. En 2025, seul l\u2019Angola a accueilli le prince Harry, en solitaire, pour soutenir une op\u00e9ration de d\u00e9minage men\u00e9e par une ONG, tandis que le Canada a re\u00e7u le couple \u00e0 l\u2019occasion des Invictus Games.<\/p>\n<p>Harry et Meghan promettent de nouveaux voyages \u00e0 l\u2019\u00e9tranger pour 2026. Une belle mani\u00e8re d\u2019\u00e9crire les premi\u00e8res lignes de ce nouveau chapitre \u2014 en esp\u00e9rant que l\u2019encre ne soit pas totalement invisible.<\/p>\n<p>Lire aussi &gt;&gt; <a target=\"_blank\" href=\"https:\/\/www.pointdevue.fr\/royal\/royaume-uni\/meghan-harry-archie-et-lilibet-annoncent-un-nouveau-chapitre\" rel=\"noopener\">Avec leur carte de voeux, Meghan, Harry, Archie et Lilibet annoncent un \u00ab\u00a0nouveau chapitre\u00a0\u00bb<\/a><\/p>\n","protected":false},"excerpt":{"rendered":"D\u00e9cid\u00e9ment, la perspective d\u2019une nouvelle ann\u00e9e semble avoir \u00e9t\u00e9 propice \u00e0 des r\u00e9solutions professionnelles au sein de l\u2019\u00e9quipe&hellip;\n","protected":false},"author":2,"featured_media":632105,"comment_status":"","ping_status":"","sticky":false,"template":"","format":"standard","meta":{"footnotes":""},"categories":[1588],"tags":[11,1777,674,12,473,1853,1851,1850,1852],"class_list":{"0":"post-632104","1":"post","2":"type-post","3":"status-publish","4":"format-standard","5":"has-post-thumbnail","7":"category-royaume-uni","8":"tag-actualites","9":"tag-eu","10":"tag-europe","11":"tag-news","12":"tag-royaume-uni","13":"tag-royaume-uni-de-grande-bretagne-et-dirlande-du-nord","14":"tag-uk","15":"tag-united-kingdom","16":"tag-united-kingdom-of-great-britain-and-northern-ireland"},"share_on_mastodon":{"url":"https:\/\/pubeurope.com\/@fr\/115814255199978400","error":""},"_links":{"self":[{"href":"https:\/\/www.europesays.com\/fr\/wp-json\/wp\/v2\/posts\/632104","targetHints":{"allow":["GET"]}}],"collection":[{"href":"https:\/\/www.europesays.com\/fr\/wp-json\/wp\/v2\/posts"}],"about":[{"href":"https:\/\/www.europesays.com\/fr\/wp-json\/wp\/v2\/types\/post"}],"author":[{"embeddable":true,"href":"https:\/\/www.europesays.com\/fr\/wp-json\/wp\/v2\/users\/2"}],"replies":[{"embeddable":true,"href":"https:\/\/www.europesays.com\/fr\/wp-json\/wp\/v2\/comments?post=632104"}],"version-history":[{"count":0,"href":"https:\/\/www.europesays.com\/fr\/wp-json\/wp\/v2\/posts\/632104\/revisions"}],"wp:featuredmedia":[{"embeddable":true,"href":"https:\/\/www.europesays.com\/fr\/wp-json\/wp\/v2\/media\/632105"}],"wp:attachment":[{"href":"https:\/\/www.europesays.com\/fr\/wp-json\/wp\/v2\/media?parent=632104"}],"wp:term":[{"taxonomy":"category","embeddable":true,"href":"https:\/\/www.europesays.com\/fr\/wp-json\/wp\/v2\/categories?post=632104"},{"taxonomy":"post_tag","embeddable":true,"href":"https:\/\/www.europesays.com\/fr\/wp-json\/wp\/v2\/tags?post=632104"}],"curies":[{"name":"wp","href":"https:\/\/api.w.org\/{rel}","templated":true}]}}