{"id":632106,"date":"2025-12-31T12:47:19","date_gmt":"2025-12-31T12:47:19","guid":{"rendered":"https:\/\/www.europesays.com\/fr\/632106\/"},"modified":"2025-12-31T12:47:19","modified_gmt":"2025-12-31T12:47:19","slug":"allemagne-ce-que-lon-sait-sur-le-braquage-de-banque-spectaculaire-survenu-a-gelsenkirchen","status":"publish","type":"post","link":"https:\/\/www.europesays.com\/fr\/632106\/","title":{"rendered":"Allemagne : Ce que l\u2019on sait sur le braquage de banque spectaculaire survenu \u00e0 Gelsenkirchen"},"content":{"rendered":"<p class=\"mb-4 text-lg md:leading-8 break-words\"><strong>casse &#8211; Les suspects ont perc\u00e9 un mur pour acc\u00e9der \u00e0 la chambre forte de la banque gr\u00e2ce \u00e0 un \u00ab foret sp\u00e9cial \u00bb selon la police allemande. Le pr\u00e9judice est colossal<\/strong><\/p>\n<p class=\"mb-4 text-lg md:leading-8 break-words\">Trente millions d\u2019euros envol\u00e9s, des clients en col\u00e8re et des policiers d\u00e9rout\u00e9s\u2026 En <a href=\"https:\/\/www.20minutes.fr\/dossier\/allemagne?at_medium=RSS%20feed&amp;at_campaign=ynews&amp;utm_source=yahoo&amp;utm_medium=rss&amp;utm_campaign=news_feed&amp;utm_content=in_article_link\" rel=\"nofollow noopener\" target=\"_blank\" data-ylk=\"slk:Allemagne;elm:context_link;itc:0;sec:content-canvas\" class=\"link \">Allemagne<\/a>, un braquage de banque \u00e0 Gelsenkirchen, dans l\u2019ouest du pays, fait la une. Les suspects se sont attaqu\u00e9s \u00e0 la succursale de la caisse d\u2019\u00e9pargne locale.<\/p>\n<p class=\"mb-4 text-lg md:leading-8 break-words\">20 Minutes fait le point sur ce que l\u2019on sait de ce <a href=\"https:\/\/www.20minutes.fr\/monde\/4193743-20251230-perceuse-geante-coffres-forts-allemagne-30-millions-euros-voles-braquage-spectaculaire-banque?at_medium=RSS%20feed&amp;at_campaign=ynews&amp;utm_source=yahoo&amp;utm_medium=rss&amp;utm_campaign=news_feed&amp;utm_content=in_article_link\" rel=\"nofollow noopener\" target=\"_blank\" data-ylk=\"slk:cambriolage spectaculaire;elm:context_link;itc:0;sec:content-canvas\" class=\"link \">cambriolage spectaculaire<\/a>.<\/p>\n<p>3.000 coffres vid\u00e9s<\/p>\n<p class=\"mb-4 text-lg md:leading-8 break-words\">Le pr\u00e9judice du braquage est estim\u00e9 \u00e0 plus de 30 millions d\u2019euros, selon les autorit\u00e9s. En effet, la chambre forte de la banque cambriol\u00e9e contient environ 3.300 coffres lou\u00e9s \u00e0 2.700 clients, selon le m\u00e9dia allemand <a href=\"https:\/\/www.bild.de\/regional\/nordrhein-westfalen\/massenansturm-auf-sparkasse-kunden-bangen-um-geld-gold-und-schmuck-69537af24a45863a679f3eaa?at_medium=RSS%20feed&amp;at_campaign=ynews&amp;utm_source=yahoo&amp;utm_medium=rss&amp;utm_campaign=news_feed&amp;utm_content=in_article_link\" rel=\"nofollow noopener\" target=\"_blank\" data-ylk=\"slk:Bild;elm:context_link;itc:0;sec:content-canvas\" class=\"link \">Bild<\/a>. Chaque coffre \u00e9tant assur\u00e9 autour de 10.300 euros, les dommages sont ainsi estim\u00e9s \u00e0 plus de 30 millions d\u2019euros.<\/p>\n<p class=\"mb-4 text-lg md:leading-8 break-words\">Ces derniers contenaient de l\u2019argent, des bijoux ou encore de l\u2019or. Au total, plus de 95 % des coffres ont \u00e9t\u00e9 pill\u00e9s.<\/p>\n<p>Une perceuse g\u00e9ante<\/p>\n<p class=\"mb-4 text-lg md:leading-8 break-words\">Selon les premiers \u00e9l\u00e9ments rapport\u00e9s par les enqu\u00eateurs, les voleurs ont for\u00e9 un trou dans la salle des coffres, au sous-sol, \u00e0 l\u2019aide d\u2019une perceuse g\u00e9ante. \u00ab Des individus non identifi\u00e9s ont acc\u00e9d\u00e9 au b\u00e2timent par un parking souterrain \u00bb, d\u00e9taille le =\u00a0\u00bbhttps:\/\/www.spiegel.de\/panorama\/justiz\/gelsenkirchen-sparkasse-soll-nach-einbruch-in-tresorraum-wieder-oeffnen-a-3387636d-2b60-4707-a4cb-31689e35cb7f?at_medium=RSS%20feed&amp;at_campaign=ynews&amp;utm_source=yahoo&amp;utm_medium=rss&amp;utm_campaign=news_feed&amp;utm_content=in_article_link\u00a0\u00bb&gt;Spiegel. Ces derniers auraient ensuite franchi plusieurs portes pour atteindre une salle d\u2019archives. C\u2019est depuis cette salle qu\u2019ils ont perc\u00e9 une ouverture dans le mur afin d\u2019acc\u00e9der \u00e0 la chambre forte \u00e0 l\u2019aide d\u2019un \u00ab foret sp\u00e9cial \u00bb.<\/p>\n<p class=\"mb-4 text-lg md:leading-8 break-words\">\u00ab On ne trouve pas ce genre de perceuse dans une quincaillerie \u00bb, a pr\u00e9cis\u00e9 un porte-parole de la police, cit\u00e9 par le Frankfurter Allgemeine Zeitung. Une m\u00e9thode digne d\u2019un film. \u00ab Tout s\u2019(&#8230;)<\/p>\n<p class=\"mb-4 text-lg md:leading-8 break-words\"><a href=\"https:\/\/www.20minutes.fr\/monde\/4193860-20251231-allemagne-sait-braquage-banque-spectaculaire-survenu-gelsenkirchen?at_medium=RSS%20feed&amp;at_campaign=ynews&amp;utm_source=yahoo&amp;utm_medium=rss&amp;utm_campaign=news_feed&amp;utm_content=read_more_link&quot;\" rel=\"nofollow noopener\" target=\"_blank\" data-ylk=\"slk:Lire la suite sur 20minutes;elm:context_link;itc:0;sec:content-canvas\" class=\"link \">Lire la suite sur 20minutes<\/a><\/p>\n<p>\u00c0 lire aussi :<br \/><a href=\"https:\/\/www.20minutes.fr\/faits_divers\/4192163-20251228-fanfaron-comment-spaggiari-bande-egoutiers-devalise-societe-generale-nice?at_medium=RSS%20feed&amp;at_campaign=ynews&amp;utm_source=yahoo&amp;utm_medium=rss&amp;utm_campaign=news_feed&amp;utm_content=related_content_link\" rel=\"nofollow noopener\" target=\"_blank\" data-ylk=\"slk:\u00ab C\u2019\u00e9tait un fanfaron \u00bb\u2026 Comment Spaggiari et la bande des \u00e9goutiers ont d\u00e9valis\u00e9 la Soci\u00e9t\u00e9 g\u00e9n\u00e9rale \u00e0 Nice;elm:context_link;itc:0;sec:content-canvas\" class=\"link \">\u00ab C\u2019\u00e9tait un fanfaron \u00bb\u2026 Comment Spaggiari et la bande des \u00e9goutiers ont d\u00e9valis\u00e9 la Soci\u00e9t\u00e9 g\u00e9n\u00e9rale \u00e0 Nice<\/a><br \/><a href=\"https:\/\/www.20minutes.fr\/faits_divers\/4193212-20251225-cyberattaque-poste-quasi-retour-normale-quelques-dysfonctionnements-marginaux-subsistent?at_medium=RSS%20feed&amp;at_campaign=ynews&amp;utm_source=yahoo&amp;utm_medium=rss&amp;utm_campaign=news_feed&amp;utm_content=related_content_link\" rel=\"nofollow noopener\" target=\"_blank\" data-ylk=\"slk:Cyberattaque \u00e0 La Poste : Quasi retour \u00e0 la normale, quelques dysfonctionnements marginaux subsistent;elm:context_link;itc:0;sec:content-canvas\" class=\"link \">Cyberattaque \u00e0 La Poste : Quasi retour \u00e0 la normale, quelques dysfonctionnements marginaux subsistent<\/a><\/p>\n","protected":false},"excerpt":{"rendered":"casse &#8211; Les suspects ont perc\u00e9 un mur pour acc\u00e9der \u00e0 la chambre forte de la banque gr\u00e2ce&hellip;\n","protected":false},"author":2,"featured_media":632107,"comment_status":"","ping_status":"","sticky":false,"template":"","format":"standard","meta":{"footnotes":""},"categories":[1587],"tags":[28908,11,672,74010,1804,74055,1805,1803,1777,674,1801,72061,12,1802],"class_list":{"0":"post-632106","1":"post","2":"type-post","3":"status-publish","4":"format-standard","5":"has-post-thumbnail","7":"category-allemagne","8":"tag-30-millions-deuros","9":"tag-actualites","10":"tag-allemagne","11":"tag-braquage-de-banque","12":"tag-bundesrepublik-deutschland","13":"tag-chambre-forte","14":"tag-de","15":"tag-deutschland","16":"tag-eu","17":"tag-europe","18":"tag-germany","19":"tag-la-banque","20":"tag-news","21":"tag-republique-federale-dallemagne"},"share_on_mastodon":{"url":"https:\/\/pubeurope.com\/@fr\/115814258776821239","error":""},"_links":{"self":[{"href":"https:\/\/www.europesays.com\/fr\/wp-json\/wp\/v2\/posts\/632106","targetHints":{"allow":["GET"]}}],"collection":[{"href":"https:\/\/www.europesays.com\/fr\/wp-json\/wp\/v2\/posts"}],"about":[{"href":"https:\/\/www.europesays.com\/fr\/wp-json\/wp\/v2\/types\/post"}],"author":[{"embeddable":true,"href":"https:\/\/www.europesays.com\/fr\/wp-json\/wp\/v2\/users\/2"}],"replies":[{"embeddable":true,"href":"https:\/\/www.europesays.com\/fr\/wp-json\/wp\/v2\/comments?post=632106"}],"version-history":[{"count":0,"href":"https:\/\/www.europesays.com\/fr\/wp-json\/wp\/v2\/posts\/632106\/revisions"}],"wp:featuredmedia":[{"embeddable":true,"href":"https:\/\/www.europesays.com\/fr\/wp-json\/wp\/v2\/media\/632107"}],"wp:attachment":[{"href":"https:\/\/www.europesays.com\/fr\/wp-json\/wp\/v2\/media?parent=632106"}],"wp:term":[{"taxonomy":"category","embeddable":true,"href":"https:\/\/www.europesays.com\/fr\/wp-json\/wp\/v2\/categories?post=632106"},{"taxonomy":"post_tag","embeddable":true,"href":"https:\/\/www.europesays.com\/fr\/wp-json\/wp\/v2\/tags?post=632106"}],"curies":[{"name":"wp","href":"https:\/\/api.w.org\/{rel}","templated":true}]}}