{"id":632108,"date":"2025-12-31T12:48:11","date_gmt":"2025-12-31T12:48:11","guid":{"rendered":"https:\/\/www.europesays.com\/fr\/632108\/"},"modified":"2025-12-31T12:48:11","modified_gmt":"2025-12-31T12:48:11","slug":"ces-compagnies-aeriennes-en-europe-facturent-le-trolley-en-2025-ce-qui-reste-gratuit","status":"publish","type":"post","link":"https:\/\/www.europesays.com\/fr\/632108\/","title":{"rendered":"ces compagnies a\u00e9riennes en Europe facturent le trolley en 2025, ce qui reste gratuit"},"content":{"rendered":"<p>ParisSelectBook &#8211; Bagages cabine : ces compagnies a\u00e9riennes en Europe facturent le trolley en 2025, ce qui reste gratuit &#8211; Cr\u00e9dit photo \u00a9 Paris Select Book<\/p>\n<p>Vous pensiez que votre valise cabine \u00e9tait incluse dans le prix du billet d\u2019avion? D\u00e9sormais, des compagnies a\u00e9riennes la facturent dans plusieurs cas et selon les conditions. Avant de <a href=\"https:\/\/www.parisselectbook.com\/2025\/12\/30\/artouste-dans-les-pyrenees-atlantiques-est-la-station-de-ski-la-plus-economique-deurope-au-charme-preserve\/\" target=\"_blank\" rel=\"noopener\">partir<\/a>, voici ce qui change et comment s\u2019y retrouver sans stress.<\/p>\n<p>Bagage cabine : ce qui est encore gratuit, et ce qui ne l\u2019est plus<\/p>\n<p>Dans la plupart des cas, un petit sac personnel reste encore <a href=\"https:\/\/www.parisselectbook.com\/2025\/12\/30\/expositions-gratuites-a-paris-et-en-ile-de-france-en-janvier-2026-les-immanquables\/\" target=\"_blank\" rel=\"noopener\">gratuit<\/a> pour tous. Ainsi, il doit passer sous le si\u00e8ge sans g\u00eaner vos jambes ni l\u2019\u00e9quipage. En revanche, la valise pour le coffre peut devenir payante sur des trajets courts.<\/p>\n<p>Les frais varient selon la compagnie, la p\u00e9riode et le moment exact du paiement. Aussi, un achat au comptoir d\u2019embarquement co\u00fbte souvent plus cher que sur <a href=\"https:\/\/www.parisselectbook.com\/2025\/12\/30\/series-2025-le-top-10-des-plus-recherchees-sur-google\/\" target=\"_blank\" rel=\"noopener\">internet<\/a>. Les annonces parlent de <strong>frais \u00e0 la porte<\/strong> pour les bagages trop volumineux ou lourds.<\/p>\n<p>Certaines politiques des compagnies a\u00e9riennes autorisent une <strong>1 <a href=\"https:\/\/www.parisselectbook.com\/2025\/12\/30\/robe-dos-nu-sezane-la-piece-parfaite-du-nouvel-an-2026-qui-flatte-la-silhouette-et-fait-lunanimite\/\" target=\"_blank\" rel=\"noopener\">pi\u00e8ce<\/a> personnelle<\/strong> seulement, sans autre sac accept\u00e9 gratuitement. Ainsi, les dimensions publi\u00e9es sont strictes et contr\u00f4l\u00e9es au gabarit devant les portes. De plus, des passagers sont invit\u00e9s \u00e0 payer si la valise d\u00e9passe m\u00eame d\u2019un centim\u00e8tre.<\/p>\n<blockquote>\n<p>\u00ab La gratuit\u00e9 du bagage cabine n\u2019est plus un acquis, elle devient une option \u00e0 g\u00e9rer. \u00bb<\/p>\n<\/blockquote>\n<p>Pourquoi ce virage tarifaire maintenant ?<\/p>\n<p>Les marges sur les billets restent sous pression apr\u00e8s des ann\u00e9es de fluctuations de la demande. Ainsi, les transporteurs misent sur les revenus annexes qui compl\u00e8tent les recettes du vol. Les compagnies a\u00e9riennes pr\u00e9sentent ces frais comme un choix de service pour des clients flexibles.<\/p>\n<p>Pourtant, les voyageurs per\u00e7oivent une hausse opaque qui arrive au dernier moment du parcours. Aussi, la lecture des conditions demande du temps, de l\u2019attention et parfois une vraie expertise. Par cons\u00e9quent, beaucoup paient sans s\u2019en rendre compte, pensant suivre la r\u00e8gle la plus s\u00fbre.<\/p>\n<ul>\n<li>Mesurez et testez votre sac dans un gabarit de magasin avant le d\u00e9part.<\/li>\n<li>Imprimez ou gardez sur votre t\u00e9l\u00e9phone l\u2019allocation indiqu\u00e9e sur la r\u00e9servation.<\/li>\n<li>Payez un \u00e9ventuel suppl\u00e9ment en ligne, bien avant l\u2019a\u00e9roport, pour limiter la facture.<\/li>\n<li>Privil\u00e9giez les sacs souples qui se compriment dans le gabarit d\u2019embarquement.<\/li>\n<li>R\u00e9partissez le poids entre sac personnel et valise pour rester sous les seuils.<\/li>\n<\/ul>\n<p>Comment \u00e9viter les mauvaises surprises<\/p>\n<p>Pr\u00e9parez votre bagage comme s\u2019il devait passer au gabarit le plus strict possible. Ainsi, privil\u00e9giez un sac souple qui se comprime et \u00e9pouse la structure m\u00e9tallique. De plus, glissez les objets lourds dans l\u2019article personnel, plus discret au moment du contr\u00f4le.<\/p>\n<p>V\u00e9rifiez l\u2019allocation dans votre r\u00e9servation et sur le re\u00e7u envoy\u00e9 apr\u00e8s paiement du billet. Aussi, faites une capture d\u2019\u00e9cran des mentions cl\u00e9s, comme l\u2019ic\u00f4ne de <strong>allocation cabine<\/strong>. Souvent, les compagnies a\u00e9riennes affichent l\u2019allocation dans le mail final, juste avant l\u2019enregistrement.<\/p>\n<p>Si un suppl\u00e9ment s\u2019impose, payez <strong>en ligne<\/strong> pour garder la main sur votre budget total. En revanche, l\u2019achat \u00e0 la porte co\u00fbte habituellement plus, car il inclut des frais administratifs. Les compagnies a\u00e9riennes modulent ces prix selon la demande, la destination et le remplissage estim\u00e9.<\/p>\n<p>Ce que dit le cadre europ\u00e9en<\/p>\n<p>Depuis <strong>2014<\/strong>, une d\u00e9cision europ\u00e9enne distingue deux cas et rappelle des principes clairs. Ainsi, un petit bagage aux exigences raisonnables doit \u00eatre accept\u00e9 en cabine, sans surcharge injustifi\u00e9e. En revanche, les compagnies a\u00e9riennes tarifent les options au coffre, au titre de services additionnels.<\/p>\n<p>Les associations de consommateurs ont saisi plusieurs autorit\u00e9s qui r\u00e9clament des informations plus lisibles. Aussi, la transparence des frais est scrut\u00e9e, du moteur de recherche jusqu\u2019\u00e0 la carte d\u2019embarquement. Par cons\u00e9quent, les transporteurs ajustent leurs pages d\u2019information et pr\u00e9cisent mieux les exclusions fr\u00e9quentes.<\/p>\n<p>Conseils pratiques avant d\u2019embarquer<\/p>\n<p>Arrivez en porte avec du temps, surtout sur les vols du matin charg\u00e9s et stressants. Ainsi, vous \u00e9vitez la pr\u00e9cipitation qui co\u00fbte cher lorsque la file avance d\u00e9j\u00e0 tr\u00e8s vite. Les compagnies a\u00e9riennes appliquent alors les r\u00e8gles sans marge, car l\u2019embarquement doit rester fluide.<\/p>\n<p>Anticipez les retours avec souvenirs ou cadeaux, souvent responsables de quelques centim\u00e8tres en plus. Aussi, pr\u00e9voyez une <strong>balance de voyage<\/strong> l\u00e9g\u00e8re pour v\u00e9rifier votre sac avant l\u2019a\u00e9roport. De plus, un tote bag repliable peut sauver la mise si un achat s\u2019ajoute.<\/p>\n<p>Comparez les offres au-del\u00e0 du seul prix du billet, car les frais changent beaucoup. En bref, additionnez si\u00e8ge, bagage et embarquement prioritaire pour estimer le co\u00fbt r\u00e9el. Les transporteurs qui affichent clairement leurs frais font gagner du temps au moment d\u2019acheter.<\/p>\n","protected":false},"excerpt":{"rendered":"ParisSelectBook &#8211; Bagages cabine : ces compagnies a\u00e9riennes en Europe facturent le trolley en 2025, ce qui reste&hellip;\n","protected":false},"author":2,"featured_media":632109,"comment_status":"","ping_status":"","sticky":false,"template":"","format":"standard","meta":{"footnotes":""},"categories":[1586],"tags":[11,17318,1777,674,1011,27,12,25],"class_list":{"0":"post-632108","1":"post","2":"type-post","3":"status-publish","4":"format-standard","5":"has-post-thumbnail","7":"category-europe","8":"tag-actualites","9":"tag-compagnies-aeriennes","10":"tag-eu","11":"tag-europe","12":"tag-fr","13":"tag-france","14":"tag-news","15":"tag-republique-francaise"},"share_on_mastodon":{"url":"https:\/\/pubeurope.com\/@fr\/115814262632420990","error":""},"_links":{"self":[{"href":"https:\/\/www.europesays.com\/fr\/wp-json\/wp\/v2\/posts\/632108","targetHints":{"allow":["GET"]}}],"collection":[{"href":"https:\/\/www.europesays.com\/fr\/wp-json\/wp\/v2\/posts"}],"about":[{"href":"https:\/\/www.europesays.com\/fr\/wp-json\/wp\/v2\/types\/post"}],"author":[{"embeddable":true,"href":"https:\/\/www.europesays.com\/fr\/wp-json\/wp\/v2\/users\/2"}],"replies":[{"embeddable":true,"href":"https:\/\/www.europesays.com\/fr\/wp-json\/wp\/v2\/comments?post=632108"}],"version-history":[{"count":0,"href":"https:\/\/www.europesays.com\/fr\/wp-json\/wp\/v2\/posts\/632108\/revisions"}],"wp:featuredmedia":[{"embeddable":true,"href":"https:\/\/www.europesays.com\/fr\/wp-json\/wp\/v2\/media\/632109"}],"wp:attachment":[{"href":"https:\/\/www.europesays.com\/fr\/wp-json\/wp\/v2\/media?parent=632108"}],"wp:term":[{"taxonomy":"category","embeddable":true,"href":"https:\/\/www.europesays.com\/fr\/wp-json\/wp\/v2\/categories?post=632108"},{"taxonomy":"post_tag","embeddable":true,"href":"https:\/\/www.europesays.com\/fr\/wp-json\/wp\/v2\/tags?post=632108"}],"curies":[{"name":"wp","href":"https:\/\/api.w.org\/{rel}","templated":true}]}}