{"id":632110,"date":"2025-12-31T12:49:13","date_gmt":"2025-12-31T12:49:13","guid":{"rendered":"https:\/\/www.europesays.com\/fr\/632110\/"},"modified":"2025-12-31T12:49:13","modified_gmt":"2025-12-31T12:49:13","slug":"la-bulgarie-membre-de-la-zone-euro-a-compter-du-1er-janvier","status":"publish","type":"post","link":"https:\/\/www.europesays.com\/fr\/632110\/","title":{"rendered":"La Bulgarie, membre de la zone euro \u00e0 compter du 1er janvier"},"content":{"rendered":"<p>\t\t\tLa Bulgarie adoptera l\u2019euro \u00e0 partir du 1er janvier 2026, au terme d\u2019une p\u00e9riode de pr\u00e9paration et d\u2019efforts intensifs d\u00e9ploy\u00e9s par le pays pour satisfaire \u00e0 toutes les exigences europ\u00e9ennes n\u00e9cessaires.<\/p>\n<p style=\"text-align: justify;\">L\u2019entr\u00e9e de la Bulgarie dans la zone euro constitue une \u00e9tape majeure \u00e0 la fois pour le pays, pour l\u2019histoire de la monnaie unique et pour l\u2019Union europ\u00e9enne dans son ensemble, a soulign\u00e9, mercredi, la Commission europ\u00e9enne, affirmant avoir pleinement accompagn\u00e9 et soutenu Sofia tout au long de son processus d\u2019adh\u00e9sion \u00e0 l\u2019euro.<\/p>\n<p style=\"text-align: justify;\">Avec l\u2019adh\u00e9sion de la Bulgarie, 21 Etats membres de la zone euro, plus de 357 millions de citoyens europ\u00e9ens partageront d\u00e9sormais la monnaie unique de l\u2019Union europ\u00e9enne.<\/p>\n<p style=\"text-align: justify;\"><strong>Lire aussi :\u00a0<a style=\"color: #008000;\" href=\"https:\/\/maroc-diplomatique.net\/zone-euro-linflation-repasse-au-dessus-des-2-en-septembre\/\" target=\"_blank\" rel=\"noopener\">Zone euro : L\u2019inflation repasse au-dessus des 2% en septembre<\/a><\/strong><\/p>\n<p style=\"text-align: justify;\">\u00ab\u00a0L\u2019adh\u00e9sion de la Bulgarie \u00e0 la zone euro est l\u2019une des plus grandes r\u00e9ussites de l\u2019Union europ\u00e9enne. Elle est le fruit d\u2019ann\u00e9es de travail acharn\u00e9 et d\u2019engagement, malgr\u00e9 les difficult\u00e9s\u00a0\u00bb, a affirm\u00e9 la pr\u00e9sidente de la Commission europ\u00e9enne, Ursula von der Leyen.<\/p>\n<p style=\"text-align: justify;\">\u00ab\u00a0L\u2019euro facilitera les paiements et les d\u00e9placements pour les Bulgares, et offrira de nouvelles opportunit\u00e9s aux entreprises bulgares, leur permettant de mieux tirer parti des avantages de notre march\u00e9 unique\u00a0\u00bb, a-t-elle ajout\u00e9.<\/p>\n<p style=\"text-align: justify;\">Pour sa part, le commissaire europ\u00e9en \u00e0 l\u2019\u00e9conomie et \u00e0 la productivit\u00e9, Valdis Dombrovskis, a affirm\u00e9 que cette adh\u00e9sion constitue l\u2019aboutissement d\u2019un long et difficile processus, et le d\u00e9but d\u2019une nouvelle \u00e8re riche d\u2019opportunit\u00e9s pour la Bulgarie et son peuple.<\/p>\n<p style=\"text-align: justify;\">\u00ab\u00a0L\u2019euro a toujours \u00e9t\u00e9 bien plus qu\u2019une simple monnaie. Il rapproche la Bulgarie du c\u0153ur de l\u2019Europe et envoie un message clair au monde entier : notre force r\u00e9side dans notre unit\u00e9. C\u2019est un moment v\u00e9ritablement historique pour la Bulgarie, la zone euro et l\u2019Union europ\u00e9enne dans son ensemble\u00a0\u00bb, a-t-il insist\u00e9.<\/p>\n<p style=\"text-align: justify;\">Avec MAP<\/p>\n","protected":false},"excerpt":{"rendered":"La Bulgarie adoptera l\u2019euro \u00e0 partir du 1er janvier 2026, au terme d\u2019une p\u00e9riode de pr\u00e9paration et d\u2019efforts&hellip;\n","protected":false},"author":2,"featured_media":632111,"comment_status":"","ping_status":"","sticky":false,"template":"","format":"standard","meta":{"footnotes":""},"categories":[1586],"tags":[11,9043,2196,1777,674,1779,1011,27,12,25,1778,364,2544,8408],"class_list":{"0":"post-632110","1":"post","2":"type-post","3":"status-publish","4":"format-standard","5":"has-post-thumbnail","7":"category-europe","8":"tag-actualites","9":"tag-bulgarie","10":"tag-commission-europeenne","11":"tag-eu","12":"tag-europe","13":"tag-european-union","14":"tag-fr","15":"tag-france","16":"tag-news","17":"tag-republique-francaise","18":"tag-ue","19":"tag-union-europeenne","20":"tag-ursula-von-der-leyen","21":"tag-zone-euro"},"share_on_mastodon":{"url":"https:\/\/pubeurope.com\/@fr\/115814266573408270","error":""},"_links":{"self":[{"href":"https:\/\/www.europesays.com\/fr\/wp-json\/wp\/v2\/posts\/632110","targetHints":{"allow":["GET"]}}],"collection":[{"href":"https:\/\/www.europesays.com\/fr\/wp-json\/wp\/v2\/posts"}],"about":[{"href":"https:\/\/www.europesays.com\/fr\/wp-json\/wp\/v2\/types\/post"}],"author":[{"embeddable":true,"href":"https:\/\/www.europesays.com\/fr\/wp-json\/wp\/v2\/users\/2"}],"replies":[{"embeddable":true,"href":"https:\/\/www.europesays.com\/fr\/wp-json\/wp\/v2\/comments?post=632110"}],"version-history":[{"count":0,"href":"https:\/\/www.europesays.com\/fr\/wp-json\/wp\/v2\/posts\/632110\/revisions"}],"wp:featuredmedia":[{"embeddable":true,"href":"https:\/\/www.europesays.com\/fr\/wp-json\/wp\/v2\/media\/632111"}],"wp:attachment":[{"href":"https:\/\/www.europesays.com\/fr\/wp-json\/wp\/v2\/media?parent=632110"}],"wp:term":[{"taxonomy":"category","embeddable":true,"href":"https:\/\/www.europesays.com\/fr\/wp-json\/wp\/v2\/categories?post=632110"},{"taxonomy":"post_tag","embeddable":true,"href":"https:\/\/www.europesays.com\/fr\/wp-json\/wp\/v2\/tags?post=632110"}],"curies":[{"name":"wp","href":"https:\/\/api.w.org\/{rel}","templated":true}]}}