{"id":632118,"date":"2025-12-31T12:53:09","date_gmt":"2025-12-31T12:53:09","guid":{"rendered":"https:\/\/www.europesays.com\/fr\/632118\/"},"modified":"2025-12-31T12:53:09","modified_gmt":"2025-12-31T12:53:09","slug":"donald-trump-je-naurais-pas-le-temps-de-jouer-une-addition-a-300-millions-pour-jouer-au-golf-malgre-les-promesses-du-president-americain","status":"publish","type":"post","link":"https:\/\/www.europesays.com\/fr\/632118\/","title":{"rendered":"Donald Trump\u00a0: \u00ab\u00a0Je n\u2019aurais pas le temps de jouer\u2026\u00a0\u00bb Une addition \u00e0 300\u00a0millions pour jouer au golf malgr\u00e9 les promesses du pr\u00e9sident am\u00e9ricain"},"content":{"rendered":"<p>\n                                                                    l&rsquo;essentiel<br \/>\n                                                                Des r\u00e9centes estimations placent Donald Trump dans la tourmente. Le pr\u00e9sident am\u00e9ricain d\u00e9pense des dizaines de millions de dollars d\u2019argent public pour pouvoir aller golfer. Une tendance qui explose apr\u00e8s un premier mandat pourtant d\u00e9j\u00e0 co\u00fbteux en la mati\u00e8re. Explications.\n                            <\/p>\n<p>\u00ab\u00a0Comme je vais travailler pour vous, je n\u2019aurai pas le temps de jouer au golf.\u00a0\u00bb Cette citation est sign\u00e9e\u2026 Donald Trump. Le\u00a045e et 47e pr\u00e9sident des \u00c9tats-Unis l\u2019a prononc\u00e9 en ao\u00fbt\u00a02016 en Virginie lors de sa premi\u00e8re campagne. Il accuse alors Barack Obama, le pr\u00e9sident sortant d\u2019avoir pass\u00e9 trop de temps sur les greens pendant son passage \u00e0 la Maison-Blanche.<\/p>\n<p class=\"std-elt__inline\">\n        <strong>\u00c0 lire aussi :<\/strong><br \/>\n        <a href=\"https:\/\/www.ladepeche.fr\/2025\/11\/23\/je-regrette-profondement-denonce-par-ses-concurrents-un-espoir-du-golf-suspendu-pour-les-dix-premiers-tournois-de-2026-13069412.php\" target=\"_blank\" rel=\"noopener\">\u00ab\u00a0Je regrette profond\u00e9ment\u2026\u00a0\u00bb D\u00e9nonc\u00e9 par ses concurrents, un espoir du golf suspendu pour les dix premiers tournois de 2026<\/a>\n    <\/p>\n<p>Un comble. Lors de son premier mandat, il arpente les parcours du pays. Sur les 8 premi\u00e8res semaines de son mandat, 11 parties sont comptabilis\u00e9es. Au total, selon les estimations, il aurait jou\u00e9\u00a0au golf tous les 5 jours environ pendant ce premier passage \u00e0 la t\u00eate de la premi\u00e8re puissance mondiale. Il fait aussi du golf un des instruments de sa diplomatie, recevant diff\u00e9rents responsables nationaux et internationaux dans un golf (qui lui appartient bien souvent). <a href=\"https:\/\/www.huffpost.com\/entry\/trump-golf-300-million_n_69271f3ce4b00aca68d3d689\" target=\"_self\" rel=\"noopener\">Selon une enqu\u00eate du HuffPost<\/a>, sur l\u2019ensemble de ce mandat, sa pratique co\u00fbte plus de 151,5\u00a0millions aux contribuables am\u00e9ricains.<\/p>\n<p class=\"std-elt__inline\">\n        <strong>\u00c0 lire aussi :<\/strong><br \/>\n        <a href=\"https:\/\/www.ladepeche.fr\/2025\/12\/30\/le-kennedy-center-de-washington-rebaptise-trump-kennedy-center-par-le-president-americain-de-nombreux-artistes-annulent-leur-venue-13137481.php\" target=\"_blank\" rel=\"noopener\">Le \u00ab\u00a0Kennedy Center\u00a0\u00bb de Washington rebaptis\u00e9 \u00ab\u00a0Trump-Kennedy Center\u00a0\u00bb par le pr\u00e9sident am\u00e9ricain\u00a0: de nombreux artistes annulent leur venue<\/a>\n    <\/p>\n<p>\u00c9lu une seconde fois en 2024, il passe \u00ab\u00a010 des 37 premiers jours\u00a0\u00bb \u00e0 pratiquer sa passion. D\u00e9but 2025, <a href=\"https:\/\/trumpgolftrack.com\/\" target=\"_self\" rel=\"noopener\">un site intitul\u00e9 \u00ab\u00a0Trump Golf Track\u00a0\u00bb est cr\u00e9\u00e9<\/a> pour recenser, et d\u00e9noncer, l\u2019ensemble de ses parties. En 345 jours de pr\u00e9sidence (depuis son investiture le 20\u00a0janvier 2025) il aurait jou\u00e9 38 fois, soit un total de 11\u00a0% de son temps depuis sa r\u00e9\u00e9lection. Un chiffre largement sous-estim\u00e9 <a href=\"https:\/\/legrandcontinent.eu\/fr\/2025\/09\/12\/suivez-le-temps-passse-par-trump-a-jouer-au-golf-depuis-le-20-janvier\/\" target=\"_self\" rel=\"noopener\">selon une autre source, le site Grand Continent<\/a>, qui porte ce total \u00e0 80 jours (au 15\u00a0d\u00e9cembre) pour un total de 24\u00a0% de son temps. Une activit\u00e9 qui, l\u00e0 encore, a un co\u00fbt faramineux. Le Huff Post l\u2019estime \u00e0 71\u00a0millions de dollars (60,5\u00a0millions d\u2019euros) dans un article choc paru fin novembre.<\/p>\n<p>En route vers les 300\u00a0millions<\/p>\n<p>Le m\u00e9dia am\u00e9ricain consid\u00e8re que ce chiffre aura grimp\u00e9\u00a0jusqu\u2019\u00e0 75\u00a0millions d\u00e8s la fin 2025, pour atteindre les 300\u00a0millions de dollars d\u2019ici la fin de la seconde pr\u00e9sidence Trump\u00a0! Pour pr\u00e9senter ces chiffres particuli\u00e8rement pr\u00e9cis, le HuffPost se base sur des estimations de co\u00fbts tir\u00e9es d\u2019un rapport publi\u00e9 en 2019 par le Government Accountability Office (bureau de la responsabilit\u00e9 gouvernementale).<\/p>\n<p class=\"std-elt__inline\">\n        <strong>\u00c0 lire aussi :<\/strong><br \/>\n        <a href=\"https:\/\/www.ladepeche.fr\/2025\/12\/31\/les-25-ans-du-golf-du-comminges-13138027.php\" target=\"_blank\" rel=\"noopener\">Les 25 ans du Golf du Comminges<\/a>\n    <\/p>\n<p>L\u2019article d\u00e9cortique \u00e9galement la composition de ces d\u00e9penses li\u00e9es au golf, au premier rang desquelles figure l\u2019utilisation d\u2019Air Force One, l\u2019avion destin\u00e9 au pr\u00e9sident am\u00e9ricain, avec lequel Trump sillonne le pays, entre autres pour golfer. Lorsque Trump prend Air Force One, c\u2019est en moyenne plus de 270\u00a0000\u00a0dollars de frais par heure de vol pour les Am\u00e9ricains. L\u2019autre poste de d\u00e9pense important, c\u2019est la s\u00e9curit\u00e9 de Trump, qui est particuli\u00e8rement co\u00fbteuse au golf puisque l\u2019espace \u00e0 s\u00e9curiser est vaste.<\/p>\n<p class=\"std-elt__inline\">\n        <strong>\u00c0 lire aussi :<\/strong><br \/>\n        <a href=\"https:\/\/www.ladepeche.fr\/2025\/12\/28\/guerre-en-ukraine-nous-nous-rapprochons-de-la-fin-ce-quil-faut-retenir-de-la-rencontre-entre-trump-et-zelensky-13134501.php\" target=\"_blank\" rel=\"noopener\">Guerre en Ukraine\u00a0: \u00ab\u00a0Nous nous rapprochons de la fin\u00a0\u00bb\u2026 ce qu\u2019il faut retenir de la rencontre entre Trump et Zelensky<\/a>\n    <\/p>\n<p>\u00ab\u00a0Ce devrait \u00eatre un scandale d\u2019\u00c9tat\u00a0\u00bb, <a href=\"https:\/\/www.leparisien.fr\/international\/etats-unis\/ce-devrait-etre-un-scandale-detat-donald-trump-et-sa-couteuse-passion-du-golf-30-12-2025-IGMN7O6Y2BB2DLPKHT7MAUFJ7Y.php?at_variant=photo&amp;at_creation=Le%20Parisien&amp;at_campaign=Partage%20Twitter%20CM&amp;at_medium=Social%20media\" target=\"_self\" rel=\"noopener\">assure Romuald Sciora, politologue franco-am\u00e9ricain et chercheur \u00e0 l\u2019IRIS, au Parisien.<\/a>\u00a0Entre le co\u00fbt, support\u00e9 par la soci\u00e9t\u00e9 am\u00e9ricaine dans son ensemble, les potentiels conflits d\u2019int\u00e9r\u00eats et le controvers\u00e9 exercice de la diplomatie sur les greens, cela avait en effet tout du scandale m\u00e9diatico-politique, mais en pleine affaire Epstein, l\u2019article n\u2019a eu qu\u2019un retentissement tr\u00e8s court outre-Atlantique. \u00c0 l\u2019aube de 2026, alors que les cruciales \u00e9lections mid-terms approchent, ces r\u00e9v\u00e9lations pourraient-elles affecter un Trump cern\u00e9 par les scandales\u00a0?<\/p>\n","protected":false},"excerpt":{"rendered":"l&rsquo;essentiel Des r\u00e9centes estimations placent Donald Trump dans la tourmente. Le pr\u00e9sident am\u00e9ricain d\u00e9pense des dizaines de millions&hellip;\n","protected":false},"author":2,"featured_media":632119,"comment_status":"","ping_status":"","sticky":false,"template":"","format":"standard","meta":{"footnotes":""},"categories":[1418],"tags":[75,73,1011,27,329,1472,60],"class_list":{"0":"post-632118","1":"post","2":"type-post","3":"status-publish","4":"format-standard","5":"has-post-thumbnail","7":"category-golf","8":"tag-donald-trump","9":"tag-etats-unis","10":"tag-fr","11":"tag-france","12":"tag-france-monde","13":"tag-golf","14":"tag-sports"},"share_on_mastodon":{"url":"https:\/\/pubeurope.com\/@fr\/115814282289621684","error":""},"_links":{"self":[{"href":"https:\/\/www.europesays.com\/fr\/wp-json\/wp\/v2\/posts\/632118","targetHints":{"allow":["GET"]}}],"collection":[{"href":"https:\/\/www.europesays.com\/fr\/wp-json\/wp\/v2\/posts"}],"about":[{"href":"https:\/\/www.europesays.com\/fr\/wp-json\/wp\/v2\/types\/post"}],"author":[{"embeddable":true,"href":"https:\/\/www.europesays.com\/fr\/wp-json\/wp\/v2\/users\/2"}],"replies":[{"embeddable":true,"href":"https:\/\/www.europesays.com\/fr\/wp-json\/wp\/v2\/comments?post=632118"}],"version-history":[{"count":0,"href":"https:\/\/www.europesays.com\/fr\/wp-json\/wp\/v2\/posts\/632118\/revisions"}],"wp:featuredmedia":[{"embeddable":true,"href":"https:\/\/www.europesays.com\/fr\/wp-json\/wp\/v2\/media\/632119"}],"wp:attachment":[{"href":"https:\/\/www.europesays.com\/fr\/wp-json\/wp\/v2\/media?parent=632118"}],"wp:term":[{"taxonomy":"category","embeddable":true,"href":"https:\/\/www.europesays.com\/fr\/wp-json\/wp\/v2\/categories?post=632118"},{"taxonomy":"post_tag","embeddable":true,"href":"https:\/\/www.europesays.com\/fr\/wp-json\/wp\/v2\/tags?post=632118"}],"curies":[{"name":"wp","href":"https:\/\/api.w.org\/{rel}","templated":true}]}}