{"id":632120,"date":"2025-12-31T12:54:09","date_gmt":"2025-12-31T12:54:09","guid":{"rendered":"https:\/\/www.europesays.com\/fr\/632120\/"},"modified":"2025-12-31T12:54:09","modified_gmt":"2025-12-31T12:54:09","slug":"les-angels-finissent-lannee-en-beaute-dans-la-partie-haute-du-general-grace-a-leur-succes-sur-le-cannet","status":"publish","type":"post","link":"https:\/\/www.europesays.com\/fr\/632120\/","title":{"rendered":"Les Angels finissent l\u2019ann\u00e9e en beaut\u00e9, dans la partie haute du g\u00e9n\u00e9ral, gr\u00e2ce \u00e0 leur succ\u00e8s sur Le\u00a0Cannet"},"content":{"rendered":"<p>\n                                                                Ligue A f\u00e9minine (14e journ\u00e9e). Les Biterroises se sont impos\u00e9es mardi soir 30\u00a0d\u00e9cembre face au\u00a0Cannet, 3\/1.\n                            <\/p>\n<p>Les Angels avaient \u00e0 c\u0153ur de bien finir l\u2019ann\u00e9e, en remportant ce duel du haut de tableau qui leur permettrait de conclure un joli mois de d\u00e9cembre. Dans un palais des sports surchauff\u00e9, \u00e0 guichets ferm\u00e9s, le match d\u00e9butait timidement pour les Angels, mais l\u2019entame d\u00e9licate pass\u00e9e, elles prenaient le large, obligeant l\u2019entra\u00eeneur du Volero \u00e0 poser un premier temps mort pr\u00e9coce. Alors que l\u2019on croyait que ce premier set allait \u00eatre gagn\u00e9 ais\u00e9ment les Azur\u00e9ennes s\u2019imposaient \u00e0 l\u2019usure.<\/p>\n<p>Une 2e partie ma\u00eetris\u00e9e<\/p>\n<p>Dans les deux sets suivant, le sc\u00e9nario \u00e9tait identique, mais ce coup-ci, les Biterroises ne se laissaient pas rejoindre et empochaient les sets dans une ambiance incandescente.<br \/>Le dernier set voyait une d\u00e9monstration des Biterroises. Tout y passait, des blocs monstrueux aux smashes titanesques. En fusion, le palais des sports pouvait c\u00e9l\u00e9brer cette belle victoire avec la mani\u00e8re. Fabien Simondet, le coach des Angels, s\u2019en f\u00e9licitait\u00a0: \u00ab\u00a0On a gagn\u00e9 les duels services, r\u00e9ceptions, on a beaucoup d\u00e9fendu. Puis, avec l\u2019ambiance des grands soirs, on s\u2019est senti soutenu. Cette victoire est importante, on est dans le top 5. On a beaucoup d\u2019espoirs pour la deuxi\u00e8me partie du championnat.\u00a0\u00bb<\/p>\n<p>    Fiche technique<\/p>\n<p><strong>B\u00e9ziers \u2013 Le\u00a0Cannet, 3-1<\/strong><br \/>Au palais des sports B\u00e9ziers M\u00e9diterran\u00e9e.<br \/>D\u00e9tail des sets\u00a0: 22-25 en 27\u2019, 25-21 en 27\u2019, 25-21 en 28\u2019, 25-19 en 28\u2019.<br \/>2018 spectateurs<br \/>Arbitres\u00a0: MM. Lartigue, Verdu.<br \/><strong>B\u00c9ZIERS\u00a0: <\/strong>59 attaques gagnantes, 14 contres, 10 aces. 16 fautes directes dont 8 au service.<br \/>Six de d\u00e9part\u00a0: Mercado (21), Pierret (5), Carabali de la Cruz (7), Houssameldien (13), Debell (19), Elouga (17), puis Ammirati (1).<br \/>Libero\u00a0: Romati.<br \/><strong>LE\u00a0CANNET\u00a0: <\/strong>52 attaques gagnantes, 11 contres, 5 aces. 12 fautes directes dont 6 au service.<br \/>Six de d\u00e9part\u00a0: Popova (15), Staniulyte (12), Rachkovska (12), De Almeida (2), Dautova (12), Svetnik (14).<br \/>Libero\u00a0: Giardino (1).<\/p>\n","protected":false},"excerpt":{"rendered":"Ligue A f\u00e9minine (14e journ\u00e9e). Les Biterroises se sont impos\u00e9es mardi soir 30\u00a0d\u00e9cembre face au\u00a0Cannet, 3\/1. Les Angels&hellip;\n","protected":false},"author":2,"featured_media":632121,"comment_status":"","ping_status":"","sticky":false,"template":"","format":"standard","meta":{"footnotes":""},"categories":[1417],"tags":[37552,1011,27,7089,517,60,1470,1632,1469],"class_list":{"0":"post-632120","1":"post","2":"type-post","3":"status-publish","4":"format-standard","5":"has-post-thumbnail","7":"category-volley","8":"tag-beziers","9":"tag-fr","10":"tag-france","11":"tag-herault","12":"tag-sport","13":"tag-sports","14":"tag-volley","15":"tag-volley-ball","16":"tag-volleyball"},"share_on_mastodon":{"url":"https:\/\/pubeurope.com\/@fr\/115814286281849778","error":""},"_links":{"self":[{"href":"https:\/\/www.europesays.com\/fr\/wp-json\/wp\/v2\/posts\/632120","targetHints":{"allow":["GET"]}}],"collection":[{"href":"https:\/\/www.europesays.com\/fr\/wp-json\/wp\/v2\/posts"}],"about":[{"href":"https:\/\/www.europesays.com\/fr\/wp-json\/wp\/v2\/types\/post"}],"author":[{"embeddable":true,"href":"https:\/\/www.europesays.com\/fr\/wp-json\/wp\/v2\/users\/2"}],"replies":[{"embeddable":true,"href":"https:\/\/www.europesays.com\/fr\/wp-json\/wp\/v2\/comments?post=632120"}],"version-history":[{"count":0,"href":"https:\/\/www.europesays.com\/fr\/wp-json\/wp\/v2\/posts\/632120\/revisions"}],"wp:featuredmedia":[{"embeddable":true,"href":"https:\/\/www.europesays.com\/fr\/wp-json\/wp\/v2\/media\/632121"}],"wp:attachment":[{"href":"https:\/\/www.europesays.com\/fr\/wp-json\/wp\/v2\/media?parent=632120"}],"wp:term":[{"taxonomy":"category","embeddable":true,"href":"https:\/\/www.europesays.com\/fr\/wp-json\/wp\/v2\/categories?post=632120"},{"taxonomy":"post_tag","embeddable":true,"href":"https:\/\/www.europesays.com\/fr\/wp-json\/wp\/v2\/tags?post=632120"}],"curies":[{"name":"wp","href":"https:\/\/api.w.org\/{rel}","templated":true}]}}