{"id":632126,"date":"2025-12-31T13:00:12","date_gmt":"2025-12-31T13:00:12","guid":{"rendered":"https:\/\/www.europesays.com\/fr\/632126\/"},"modified":"2025-12-31T13:00:12","modified_gmt":"2025-12-31T13:00:12","slug":"cyclisme-route-ef-education-easypost-conserve-un-jeune-coureur-irlandais-de-24-ans","status":"publish","type":"post","link":"https:\/\/www.europesays.com\/fr\/632126\/","title":{"rendered":"Cyclisme. Route &#8211; EF Education-EasyPost conserve un jeune coureur irlandais de 24 ans"},"content":{"rendered":"<p>C&rsquo;\u00e9tait l&rsquo;un des dossiers en suspens en cette fin de mercato. En fin de contrat avec son \u00e9quipe, <strong><a href=\"https:\/\/www.cyclismactu.net\/..\/news-tour-d-espagne-route-esteban-chaves-et-archie-ryan-ont-abandonne-vuelta-89982.html\" target=\"_blank\" rel=\"noopener\">Archie Ryan<\/a> <\/strong>a finalement prolong\u00e9 avec la formation <strong><a href=\"https:\/\/www.cyclismactu.net\/..\/news-route-les-equipes-ef-education-ont-prolonge-deux-de-leurs-principaux-leaders-91346.html\" target=\"_blank\" rel=\"noopener\">EF Education EasyPost<\/a> <\/strong>pour les deux prochaines saisons.\u00a0\u00c0 24 ans, le jeune coureur irlandais va ainsi rester dans un environnement qui lui est familier et continuer \u00e0 parfaire son d\u00e9veloppement au plus haut niveau. Deuxi\u00e8me du <strong>Tour d&rsquo;Autriche <\/strong>et quatri\u00e8me d&rsquo;une \u00e9tape du <strong><a href=\"https:\/\/www.cyclismactu.net\/..\/\" target=\"_blank\" rel=\"noopener\">Tour d&rsquo;Espagne<\/a><\/strong>, le puncheur de la formation am\u00e9ricaine poursuit un d\u00e9veloppement lin\u00e9aire, sans br\u00fbler les \u00e9tapes, tout en continuant \u00e0 franchir des paliers qui le rapprochent du plus haut niveau.<\/p>\n<p>Vid\u00e9o &#8211; Archie Ryan, battu seulement par Del Toro en Autriche Lire la suite de l&rsquo;article&#13;<\/p>\n<p>\u00a0<\/p>\n<p>&#13;<br \/>\n\u00ab\u00a0Nous croyons tous en lui\u00a0\u00bb&#13;<\/p>\n<p>Pour <strong>Jonathan Vaughters<\/strong>, le patron de la formation am\u00e9ricaine, <strong>Archie Ryan <\/strong>a un potentiel qui est ind\u00e9niable, ce qui l&rsquo;a amen\u00e9 \u00e0 prolonger son contrat : \u00ab\u00a0Prolonger son contrat lui donne plus de temps pour prouver qu\u2019il peut gagner des courses WorldTour. Il a des capacit\u00e9s tr\u00e8s sp\u00e9cifiques en tant que coureur, et un de ces jours, dans une course avec une arriv\u00e9e tr\u00e8s explosive, il va r\u00e9ussir quelque chose de sp\u00e9cial. Nous croyons tous en lui.\u00a0\u00bb<\/p>\n<p>&#13;<\/p>\n<p>Aux c\u00f4t\u00e9s de son co\u00e9quipier\u00a0<strong>Darren Rafferty<\/strong>, <strong>Archie Ryan <\/strong>incarne le renouvellement du cyclisme irlandais port\u00e9 par l&rsquo;in\u00e9vitable <strong>Ben Healy<\/strong>, lui aussi coureur dans l&rsquo;\u00e9quipe am\u00e9ricaine : \u00ab\u00a0Je pense que pour tout le monde, Ben est une \u00e9norme source d\u2019inspiration. En tant qu\u2019ami, c\u2019est sp\u00e9cial de voir un coureur comme lui \u00e9voluer ces derni\u00e8res ann\u00e9es. Ce n\u2019est pas une surprise, pour ceux qui le connaissent, mais il a montr\u00e9 un chemin qui nous inspire \u00e0 suivre. C\u2019est certainement le r\u00eave. Ce n\u2019est ni une t\u00e2che facile ni une certitude, mais nous voulons essayer de suivre ses traces\u00a0\u00bb\u00a0<\/p>\n","protected":false},"excerpt":{"rendered":"C&rsquo;\u00e9tait l&rsquo;un des dossiers en suspens en cette fin de mercato. En fin de contrat avec son \u00e9quipe,&hellip;\n","protected":false},"author":2,"featured_media":632127,"comment_status":"","ping_status":"","sticky":false,"template":"","format":"standard","meta":{"footnotes":""},"categories":[1411],"tags":[1154,207,211,1011,27,209,60,210,212,208,213],"class_list":{"0":"post-632126","1":"post","2":"type-post","3":"status-publish","4":"format-standard","5":"has-post-thumbnail","7":"category-cyclisme","8":"tag-cycling","9":"tag-cyclisme","10":"tag-ffc","11":"tag-fr","12":"tag-france","13":"tag-route","14":"tag-sports","15":"tag-tour-de-france","16":"tag-uci","17":"tag-velo","18":"tag-world-tour"},"share_on_mastodon":{"url":"https:\/\/pubeurope.com\/@fr\/115814309890472332","error":""},"_links":{"self":[{"href":"https:\/\/www.europesays.com\/fr\/wp-json\/wp\/v2\/posts\/632126","targetHints":{"allow":["GET"]}}],"collection":[{"href":"https:\/\/www.europesays.com\/fr\/wp-json\/wp\/v2\/posts"}],"about":[{"href":"https:\/\/www.europesays.com\/fr\/wp-json\/wp\/v2\/types\/post"}],"author":[{"embeddable":true,"href":"https:\/\/www.europesays.com\/fr\/wp-json\/wp\/v2\/users\/2"}],"replies":[{"embeddable":true,"href":"https:\/\/www.europesays.com\/fr\/wp-json\/wp\/v2\/comments?post=632126"}],"version-history":[{"count":0,"href":"https:\/\/www.europesays.com\/fr\/wp-json\/wp\/v2\/posts\/632126\/revisions"}],"wp:featuredmedia":[{"embeddable":true,"href":"https:\/\/www.europesays.com\/fr\/wp-json\/wp\/v2\/media\/632127"}],"wp:attachment":[{"href":"https:\/\/www.europesays.com\/fr\/wp-json\/wp\/v2\/media?parent=632126"}],"wp:term":[{"taxonomy":"category","embeddable":true,"href":"https:\/\/www.europesays.com\/fr\/wp-json\/wp\/v2\/categories?post=632126"},{"taxonomy":"post_tag","embeddable":true,"href":"https:\/\/www.europesays.com\/fr\/wp-json\/wp\/v2\/tags?post=632126"}],"curies":[{"name":"wp","href":"https:\/\/api.w.org\/{rel}","templated":true}]}}