{"id":632128,"date":"2025-12-31T13:01:17","date_gmt":"2025-12-31T13:01:17","guid":{"rendered":"https:\/\/www.europesays.com\/fr\/632128\/"},"modified":"2025-12-31T13:01:17","modified_gmt":"2025-12-31T13:01:17","slug":"metropole-de-lyon-endrick-la-nouvelle-recrue-star-de-lol-a-mange-chez-les-champions-de-france-de-la-pizza-napolitaine","status":"publish","type":"post","link":"https:\/\/www.europesays.com\/fr\/632128\/","title":{"rendered":"M\u00e9tropole de Lyon. Endrick, la nouvelle recrue star de l&rsquo;OL, a mang\u00e9 chez les champions de France de la pizza napolitaine"},"content":{"rendered":"<p>Aucune image ou presque n&rsquo;avait filtr\u00e9 depuis son arriv\u00e9e \u00e0 Lyon. Endrick, la star br\u00e9silienne, d\u00e9barqu\u00e9e du Real Madrid \u00e0 l&rsquo;OL pour les prochains mois, n&rsquo;est pas encore apparue sur les photos ou les r\u00e9seaux sociaux du club au-del\u00e0 de l&rsquo;annonce de sa signature.<\/p>\n<p>M\u00eame les supporters pr\u00e9sents au centre d&rsquo;entra\u00eenement pour sa premi\u00e8re s\u00e9ance, ce lundi 29 d\u00e9cembre, <a href=\"https:\/\/www.leprogres.fr\/sport\/2025\/12\/29\/il-est-passe-en-coup-de-vent-endrick-une-premiere-seance-a-l-ol-en-toute-discretion\" target=\"_blank\" rel=\"noopener\">n&rsquo;avait pu l&rsquo;approcher<\/a>.<\/p>\n<p>Chez la franchise\u00a0Antonio e Marco Morreale<\/p>\n<p>Il fallait donc chercher du c\u00f4t\u00e9 de Craponne, commune \u00e0 l&rsquo;ouest de Lyon, pour retrouver sa trace. Le Br\u00e9silien de 19 ans, achet\u00e9 pr\u00e8s de 60 millions d&rsquo;euros \u00e0 16 ans, a, en effet, d\u00een\u00e9 au restaurant Casa Valentino, une pizzeria de la franchise bien connue des Lyonnais, Antonio e Marco Morreale.<\/p>\n<p>Ce mardi 30 d\u00e9cembre au soir, l&rsquo;\u00e9quipe de l&rsquo;\u00e9tablissement de Craponne a post\u00e9 sur les r\u00e9seaux sociaux des clich\u00e9s de la soir\u00e9e. L&rsquo;avant-centre pose aux c\u00f4t\u00e9s de Marco Morreale et d&rsquo;Eduardo, aux commandes de Casa Valentino.<\/p>\n<p>Ce contenu est bloqu\u00e9 car vous n&rsquo;avez pas accept\u00e9 les cookies et autres traceurs.<\/p>\n<p>En cliquant sur \u00ab J\u2019accepte \u00bb, les cookies et autres traceurs seront d\u00e9pos\u00e9s et vous pourrez visualiser les contenus  (<a href=\"\" class=\"consentModule_policy\" target=\"_blank\" title=\"Consulter la politique de protection des donn\u00e9es du fournisseur\">plus d&rsquo;informations<\/a>).<\/p>\n<p>En cliquant sur \u00ab J\u2019accepte tous les cookies \u00bb, vous autorisez des d\u00e9p\u00f4ts de cookies et autres traceurs pour le stockage de vos donn\u00e9es sur nos sites et applications \u00e0 des fins de personnalisation et de ciblage publicitaire.<\/p>\n<p class=\"consentModule_secondaryText\">Vous gardez la possibilit\u00e9 de retirer votre consentement \u00e0 tout moment en consultant notre <a href=\"https:\/\/www.leprogres.fr\/protection-des-donnees\" target=\"_blank\" title=\"Consulter notre politique de protection des donn\u00e9es\" rel=\"noopener\">politique de protection des donn\u00e9es<\/a>. <br \/>&#13;<br \/>\n            <a href=\"https:\/\/www.leprogres.fr\/sport\/2025\/12\/31\/javascript:Didomi.notice.show()\" class=\"consentModule_cmp\" target=\"_blank\" rel=\"noopener\">G\u00e9rer mes choix<\/a>&#13;\n        <\/p>\n<p>&#13;<br \/>\n                        J&rsquo;accepte&#13;<br \/>\n            J&rsquo;accepte tous les cookies&#13;\n        <\/p>\n<p>\u00ab\u00a0Quel honneur de recevoir Endrick, bon courage \u00e0 toi\u00a0\u00bb, ont \u00e9crit les g\u00e9rants.<\/p>\n<p>Au menu\u00a0? Des pizzas bien s\u00fbr. Dans les commentaires, le chef priv\u00e9 d&rsquo;Endrick a d&rsquo;ailleurs remerci\u00e9 l&rsquo;\u00e9quipe pour \u00ab\u00a0le tr\u00e8s bon repas et le merveilleux accueil \u00bb, promettant de revenir.<\/p>\n<p>Une histoire de famille<\/p>\n<p>Un joli coup de pub pour cet \u00e9tablissement de la franchise\u00a0Antonio e Marco Morreale, qui prend de plus en plus d&rsquo;ampleur \u00e0 Lyon. Avec Casa Valentino \u00e0 Craponne, les deux fr\u00e8res Morreale, <a href=\"https:\/\/www.leprogres.fr\/economie\/2021\/01\/28\/antonio-et-marco-morreale-on-nous-appris-a-rever-en-grand\" target=\"_blank\" rel=\"noopener\">pizza\u00efolos siciliens<\/a> form\u00e9s \u00e0 l\u2019Institut Paul-Bocuse, ont ouvert, en janvier dernier, leur septi\u00e8me restaurant dans le Rh\u00f4ne.<\/p>\n","protected":false},"excerpt":{"rendered":"Aucune image ou presque n&rsquo;avait filtr\u00e9 depuis son arriv\u00e9e \u00e0 Lyon. Endrick, la star br\u00e9silienne, d\u00e9barqu\u00e9e du Real&hellip;\n","protected":false},"author":2,"featured_media":632129,"comment_status":"","ping_status":"","sticky":false,"template":"","format":"standard","meta":{"footnotes":""},"categories":[1410],"tags":[24073,3153,107,63,1011,27,1757,7020,6016,2755,2429,273,3151,517,60],"class_list":{"0":"post-632128","1":"post","2":"type-post","3":"status-publish","4":"format-standard","5":"has-post-thumbnail","7":"category-football","8":"tag-craponne","9":"tag-edition-ouest-lyonnais","10":"tag-fil-info","11":"tag-football","12":"tag-fr","13":"tag-france","14":"tag-insolite","15":"tag-ligue-1-football","16":"tag-magazine-cuisine-et-vins","17":"tag-ol-olympique-lyonnais-football","18":"tag-rhone","19":"tag-selection-de-la-redaction","20":"tag-selection-de-la-redaction-69","21":"tag-sport","22":"tag-sports"},"share_on_mastodon":{"url":"https:\/\/pubeurope.com\/@fr\/115814313769440778","error":""},"_links":{"self":[{"href":"https:\/\/www.europesays.com\/fr\/wp-json\/wp\/v2\/posts\/632128","targetHints":{"allow":["GET"]}}],"collection":[{"href":"https:\/\/www.europesays.com\/fr\/wp-json\/wp\/v2\/posts"}],"about":[{"href":"https:\/\/www.europesays.com\/fr\/wp-json\/wp\/v2\/types\/post"}],"author":[{"embeddable":true,"href":"https:\/\/www.europesays.com\/fr\/wp-json\/wp\/v2\/users\/2"}],"replies":[{"embeddable":true,"href":"https:\/\/www.europesays.com\/fr\/wp-json\/wp\/v2\/comments?post=632128"}],"version-history":[{"count":0,"href":"https:\/\/www.europesays.com\/fr\/wp-json\/wp\/v2\/posts\/632128\/revisions"}],"wp:featuredmedia":[{"embeddable":true,"href":"https:\/\/www.europesays.com\/fr\/wp-json\/wp\/v2\/media\/632129"}],"wp:attachment":[{"href":"https:\/\/www.europesays.com\/fr\/wp-json\/wp\/v2\/media?parent=632128"}],"wp:term":[{"taxonomy":"category","embeddable":true,"href":"https:\/\/www.europesays.com\/fr\/wp-json\/wp\/v2\/categories?post=632128"},{"taxonomy":"post_tag","embeddable":true,"href":"https:\/\/www.europesays.com\/fr\/wp-json\/wp\/v2\/tags?post=632128"}],"curies":[{"name":"wp","href":"https:\/\/api.w.org\/{rel}","templated":true}]}}