{"id":632132,"date":"2025-12-31T13:03:21","date_gmt":"2025-12-31T13:03:21","guid":{"rendered":"https:\/\/www.europesays.com\/fr\/632132\/"},"modified":"2025-12-31T13:03:21","modified_gmt":"2025-12-31T13:03:21","slug":"les-talents-de-deux-eleves-de-lecole-des-beaux-arts-exposes-a-la-fabrique-des-arts-de-carcassonne","status":"publish","type":"post","link":"https:\/\/www.europesays.com\/fr\/632132\/","title":{"rendered":"Les talents de deux \u00e9l\u00e8ves de l\u2019\u00e9cole des Beaux-Arts expos\u00e9s \u00e0 la Fabrique des Arts de Carcassonne"},"content":{"rendered":"<p>\n                                                                Jusqu\u2019au 16\u00a0janvier 2026, deux \u00e9l\u00e8ves en pratiques amateurs de l\u2019\u00e9cole des Beaux-Arts exposent leurs \u0153uvres dans les locaux de la Fabrique des Arts \u00e0 Carcassonne.\n                            <\/p>\n<p>La Fabrique des Arts de Carcassonne Agglo abrite en son sein une classe pr\u00e9paratoire publique aux concours des \u00e9coles sup\u00e9rieures de tr\u00e8s grandes renomm\u00e9es, mais aussi une classe ouverte aux artistes amateurs. Adultes, jeunes, ados, \u00e9tudiants, lyc\u00e9ens ou encore coll\u00e9giens y suivent ainsi des cours d\u2019histoire de l\u2019art et des cours de m\u00e9thodologie. Ils y choisissent leur discipline entre peinture \u00e0 l\u2019huile, gravure, mod\u00e8le vivant, technique de la copie, photos.<\/p>\n<p>Parmi ces \u00e9l\u00e8ves en pratiques\u00a0amateurs de l\u2019\u00e9cole des Beaux-Arts, Anne Charlot et Pierre Biau ont aujourd\u2019hui le privil\u00e8ge d\u2019afficher leurs talents \u00e0 l\u2019occasion d\u2019une exposition qui se tient \u00e0 la Fabrique des Arts depuis le 15\u00a0d\u00e9cembre, et ce jusqu\u2019au 16\u00a0janvier 2026\u2026 Sachant qu\u2019Anne Charlot\u00a0a d\u00e9j\u00e0 une bonne base en\u00a0peinture, elle a\u00a0\u00e9t\u00e9 encourag\u00e9e \u00e0 d\u00e9velopper les axes les plus personnels de son travail. Elle a ainsi r\u00e9alis\u00e9\u00a0des travaux d\u2019apr\u00e8s des \u0153uvres de r\u00e9f\u00e9rence en les copiant, et parfois en les remaniant pour se les approprier. Mais elle a aussi d\u00e9velopp\u00e9 des approches plus personnelles, avec notamment des compositions \u00e9voquant un monde post-apocalyptique. De son c\u00f4t\u00e9, Pierre Biau a progress\u00e9 rapidement dans le dialogue qu\u2019il a \u00e9tabli\u00a0entre la peinture et son m\u00e9tier de bronzier d\u2019art, en offrant une interpr\u00e9tation picturale de certaines de ses propres cr\u00e9ations ou travaux de restauration.<\/p>\n<p>Exposition visible jusqu\u2019au\u00a016\u00a0janvier \u00e0 la Fabrique des Arts (19 avenue Jules-Verne \u00e0 Carcassonne), avec un vernissage qui aura lieu le 5\u00a0janvier, \u00e0 19\u00a0h. Entr\u00e9e libre et gratuite. Pour plus de renseignements\u00a0: 04\u00a068\u00a010\u00a056\u00a035 ou\u00a0www.fabriquedesarts.fr<\/p>\n","protected":false},"excerpt":{"rendered":"Jusqu\u2019au 16\u00a0janvier 2026, deux \u00e9l\u00e8ves en pratiques amateurs de l\u2019\u00e9cole des Beaux-Arts exposent leurs \u0153uvres dans les locaux&hellip;\n","protected":false},"author":2,"featured_media":632133,"comment_status":"","ping_status":"","sticky":false,"template":"","format":"standard","meta":{"footnotes":""},"categories":[1358],"tags":[1348,1384,1385,4086,14043,872,1386,58,59,1011,27],"class_list":{"0":"post-632132","1":"post","2":"type-post","3":"status-publish","4":"format-standard","5":"has-post-thumbnail","7":"category-arts-et-design","8":"tag-arts","9":"tag-arts-and-design","10":"tag-arts-et-design","11":"tag-aude","12":"tag-carcassonne","13":"tag-culture-et-loisirs","14":"tag-design","15":"tag-divertissement","16":"tag-entertainment","17":"tag-fr","18":"tag-france"},"share_on_mastodon":{"url":"https:\/\/pubeurope.com\/@fr\/115814321519643476","error":""},"_links":{"self":[{"href":"https:\/\/www.europesays.com\/fr\/wp-json\/wp\/v2\/posts\/632132","targetHints":{"allow":["GET"]}}],"collection":[{"href":"https:\/\/www.europesays.com\/fr\/wp-json\/wp\/v2\/posts"}],"about":[{"href":"https:\/\/www.europesays.com\/fr\/wp-json\/wp\/v2\/types\/post"}],"author":[{"embeddable":true,"href":"https:\/\/www.europesays.com\/fr\/wp-json\/wp\/v2\/users\/2"}],"replies":[{"embeddable":true,"href":"https:\/\/www.europesays.com\/fr\/wp-json\/wp\/v2\/comments?post=632132"}],"version-history":[{"count":0,"href":"https:\/\/www.europesays.com\/fr\/wp-json\/wp\/v2\/posts\/632132\/revisions"}],"wp:featuredmedia":[{"embeddable":true,"href":"https:\/\/www.europesays.com\/fr\/wp-json\/wp\/v2\/media\/632133"}],"wp:attachment":[{"href":"https:\/\/www.europesays.com\/fr\/wp-json\/wp\/v2\/media?parent=632132"}],"wp:term":[{"taxonomy":"category","embeddable":true,"href":"https:\/\/www.europesays.com\/fr\/wp-json\/wp\/v2\/categories?post=632132"},{"taxonomy":"post_tag","embeddable":true,"href":"https:\/\/www.europesays.com\/fr\/wp-json\/wp\/v2\/tags?post=632132"}],"curies":[{"name":"wp","href":"https:\/\/api.w.org\/{rel}","templated":true}]}}