{"id":632134,"date":"2025-12-31T13:05:14","date_gmt":"2025-12-31T13:05:14","guid":{"rendered":"https:\/\/www.europesays.com\/fr\/632134\/"},"modified":"2025-12-31T13:05:14","modified_gmt":"2025-12-31T13:05:14","slug":"elle-a-marque-durablement-lhistoire-de-tf1-et-le-coeur-de-plusieurs-generations-de-francais-evelyne-leclercq-est-morte","status":"publish","type":"post","link":"https:\/\/www.europesays.com\/fr\/632134\/","title":{"rendered":"\u00ab\u00a0Elle a marqu\u00e9 durablement l\u2019histoire de TF1 et le c\u0153ur de plusieurs g\u00e9n\u00e9rations de Fran\u00e7ais\u00a0\u00bb : Evelyne Leclercq est morte"},"content":{"rendered":"<ul class=\"jsx-862013697 ArticleChapo__List\">\n<li class=\"jsx-862013697 ArticleChapo__List_Item flex\">Figure embl\u00e9matique de la Une dans les ann\u00e9es 1980-1990, Evelyne Leclercq s&rsquo;est \u00e9teinte, a-t-on appris aupr\u00e8s de la famille, ce mercredi 31 d\u00e9cembre.<\/li>\n<li class=\"jsx-862013697 ArticleChapo__List_Item flex\">Speakerine et co-animatrice de l&rsquo;\u00e9mission \u00ab\u00a0Tournez Man\u00e8ge\u00a0\u00bb, elle avait 74 ans.<\/li>\n<li class=\"jsx-862013697 ArticleChapo__List_Item flex\">Le groupe TF1 adresse ses plus sinc\u00e8res condol\u00e9ances \u00e0 sa famille et \u00e0 ses proches, partageant \u00ab\u00a0la peine de tous les Fran\u00e7ais qui ont grandi avec sa voix, son sourire et son humanit\u00e9\u00a0\u00bb, \u00e9crit la premi\u00e8re cha\u00eene dans un communiqu\u00e9.<\/li>\n<\/ul>\n<p data-module=\"article-paragraph\" class=\"jsx-157965717 Paragraph\">\u00c9velyne Leclercq, ancienne animatrice et speakerine de TF1, est d\u00e9c\u00e9d\u00e9e mardi \u00e0 74 ans, a annonc\u00e9 sa famille \u00e0 TF1-LCI.<\/p>\n<p data-module=\"article-paragraph\" class=\"jsx-157965717 Paragraph\">Elle est morte \u00e0 Grasse (Alpes-Maritimes), \u00ab\u00a0entour\u00e9e de sa famille, des suites d&rsquo;une tr\u00e8s longue maladie\u00a0\u00bb et avait \u00ab\u00a0affront\u00e9 l&rsquo;\u00e9preuve avec un courage hors du commun port\u00e9e jusqu&rsquo;au bout par l&rsquo;amour des siens\u00a0\u00bb, a indiqu\u00e9 C\u00e9line Olive dans un communiqu\u00e9 transmis \u00e0 l&rsquo;AFP.<\/p>\n<p data-module=\"article-paragraph\" class=\"jsx-157965717 Paragraph Paragraph__End\">\u00c9galement soci\u00e9taire des Grosses T\u00eates anim\u00e9es par Philippe Bouvard sur RTL, \u00c9velyne Leclercq a notamment co-pr\u00e9sent\u00e9 \u00ab\u00a0Tournez man\u00e8ge!\u00a0\u00bb, diffus\u00e9e sur TF1 le midi de 1985 \u00e0 1993. Elle animait ce jeu de rencontres, consid\u00e9r\u00e9 comme l&rsquo;une des \u00e9missions les plus populaires de l&rsquo;\u00e9poque et diffus\u00e9 \u00e0 la mi-journ\u00e9e pendant huit ans, en compagnie de Fabienne Egal, Simone Garnier et <a href=\"https:\/\/www.tf1info.fr\/culture\/charly-oleg-le-celebre-pianiste-de-emission-tournez-manege-est-mort-decede-a-l-age-de-94-ans-2393511.html\" target=\"_blank\" rel=\"noopener\">Charlie Oleg, disparu en septembre dernier. <\/a>\u00a0En parall\u00e8le, elle co-anime Intervilles sur TF1 avec notamment Guy Lux.<\/p>\n<blockquote class=\"jsx-2786790838 Quote__Text\"><p>Une personnalit\u00e9 profond\u00e9ment aim\u00e9e du public et respect\u00e9e de tous ceux qui ont eu la chance de travailler \u00e0 ses c\u00f4t\u00e9s<\/p><\/blockquote>\n<p>L&rsquo;hommage du Groupe TF1 \u00e0 son animatrice embl\u00e9matique<\/p>\n<p data-module=\"article-paragraph\" class=\"jsx-157965717 Paragraph Paragraph__End\">\u00ab\u00a0\u00c9velyne Leclercq a marqu\u00e9 durablement l\u2019histoire de TF1 et le c\u0153ur de plusieurs g\u00e9n\u00e9rations de Fran\u00e7ais \u00a0par sa pr\u00e9sence, son humour, son sourire et sa proximit\u00e9 avec le public\u00a0\u00bb, indique le Groupe TF1 dans un communiqu\u00e9, rappelant qu&rsquo;elle avait rejoint la premi\u00e8re cha\u00eene en tant que speakerine d\u00e8s sa cr\u00e9ation, le 6 janvier 1975.\u00a0<\/p>\n<p data-module=\"article-paragraph\" class=\"jsx-157965717 Paragraph Paragraph__End\">Le groupe TF1 adresse ses plus sinc\u00e8res condol\u00e9ances \u00e0 sa famille et \u00e0 ses proches.\u00a0<\/p>\n<p>La r\u00e9daction de TF1info<\/p>\n","protected":false},"excerpt":{"rendered":"Figure embl\u00e9matique de la Une dans les ann\u00e9es 1980-1990, Evelyne Leclercq s&rsquo;est \u00e9teinte, a-t-on appris aupr\u00e8s de la&hellip;\n","protected":false},"author":2,"featured_media":632135,"comment_status":"","ping_status":"","sticky":false,"template":"","format":"standard","meta":{"footnotes":""},"categories":[1356],"tags":[1111,11,1921,58,59,1011,27,1922,2041,252,1364,133,2040],"class_list":{"0":"post-632134","1":"post","2":"type-post","3":"status-publish","4":"format-standard","5":"has-post-thumbnail","7":"category-television","8":"tag-actu","9":"tag-actualites","10":"tag-article-video","11":"tag-divertissement","12":"tag-entertainment","13":"tag-fr","14":"tag-france","15":"tag-info","16":"tag-medias-et-divertissement","17":"tag-television","18":"tag-tv","19":"tag-video","20":"tag-video-culture"},"share_on_mastodon":{"url":"https:\/\/pubeurope.com\/@fr\/115814329513224284","error":""},"_links":{"self":[{"href":"https:\/\/www.europesays.com\/fr\/wp-json\/wp\/v2\/posts\/632134","targetHints":{"allow":["GET"]}}],"collection":[{"href":"https:\/\/www.europesays.com\/fr\/wp-json\/wp\/v2\/posts"}],"about":[{"href":"https:\/\/www.europesays.com\/fr\/wp-json\/wp\/v2\/types\/post"}],"author":[{"embeddable":true,"href":"https:\/\/www.europesays.com\/fr\/wp-json\/wp\/v2\/users\/2"}],"replies":[{"embeddable":true,"href":"https:\/\/www.europesays.com\/fr\/wp-json\/wp\/v2\/comments?post=632134"}],"version-history":[{"count":0,"href":"https:\/\/www.europesays.com\/fr\/wp-json\/wp\/v2\/posts\/632134\/revisions"}],"wp:featuredmedia":[{"embeddable":true,"href":"https:\/\/www.europesays.com\/fr\/wp-json\/wp\/v2\/media\/632135"}],"wp:attachment":[{"href":"https:\/\/www.europesays.com\/fr\/wp-json\/wp\/v2\/media?parent=632134"}],"wp:term":[{"taxonomy":"category","embeddable":true,"href":"https:\/\/www.europesays.com\/fr\/wp-json\/wp\/v2\/categories?post=632134"},{"taxonomy":"post_tag","embeddable":true,"href":"https:\/\/www.europesays.com\/fr\/wp-json\/wp\/v2\/tags?post=632134"}],"curies":[{"name":"wp","href":"https:\/\/api.w.org\/{rel}","templated":true}]}}