{"id":632138,"date":"2025-12-31T13:07:14","date_gmt":"2025-12-31T13:07:14","guid":{"rendered":"https:\/\/www.europesays.com\/fr\/632138\/"},"modified":"2025-12-31T13:07:14","modified_gmt":"2025-12-31T13:07:14","slug":"anaconda-le-dernier-blockbuster-de-lannee-au-cinema-une-navrante-parodie-qui-se-mord-la-queue","status":"publish","type":"post","link":"https:\/\/www.europesays.com\/fr\/632138\/","title":{"rendered":"\u00ab Anaconda \u00bb, le dernier blockbuster de l\u2019ann\u00e9e au cin\u00e9ma : une navrante parodie qui se mord la queue"},"content":{"rendered":"<p class=\"paragraph text_align_left lp-f-body-02\">Tous les journalistes et critiques de <a href=\"https:\/\/www.leparisien.fr\/culture-loisirs\/cinema\/\" target=\"_blank\" rel=\"noreferrer noopener\">cin\u00e9ma<\/a> au monde le savent : lorsqu\u2019un studio ou un distributeur ne leur montre pas un film en projection de presse, cela n\u2019augure rien de bon pour la qualit\u00e9 du long-m\u00e9trage en question, m\u00eame s\u2019il peut y avoir des exceptions. Ce qui n\u2019est h\u00e9las pas le cas pour \u00ab Anaconda \u00bb, en salles depuis ce mercredi, digression \u00ab comique \u00bb sur le film original \u00ab Anaconda le pr\u00e9dateur \u00bb datant de 1997, que nous sommes donc all\u00e9s voir lors d\u2019une des nombreuses avant-premi\u00e8res publiques du film organis\u00e9es la veille de sa sortie, mardi soir.<\/p>\n<p class=\"\">Le r\u00e9cit suit une bande de Pieds nickel\u00e9s qui, lorsqu\u2019ils \u00e9taient au lyc\u00e9e, bricolait des courts-m\u00e9trages d\u2019horreur en Super 8, se r\u00eavant en futures stars du film fantastique. Un r\u00eave qui a tourn\u00e9 court : Doug (<a href=\"https:\/\/www.leparisien.fr\/international\/etats-unis\/ne-le-ratez-pas-la-prochaine-fois-le-groupe-tenacious-d-annule-sa-tournee-apres-des-propos-polemiques-sur-trump-17-07-2024-44NZHS3UQVHXFMEZZNJ2NJRGGM.php\" target=\"_blank\" rel=\"noreferrer noopener\">l\u2019acteur et rocker Jack Black<\/a>) est d\u00e9sormais r\u00e9alisateur de vid\u00e9os de mariage et emploie en tant que cadreur Kenny (Steve Zahn), alcoolique notoire. Tandis que Griff (Paul Rudd), qui se prend pour un grand acteur car il a jou\u00e9 une saison dans une s\u00e9rie \u00e0 succ\u00e8s, ne s\u2019illustre que dans des films institutionnels et que Claire, la jolie starlette de la bande, est devenue avocate.<\/p>\n<p class=\"\">Mais voil\u00e0 qu\u2019ils se mettent en t\u00eate de produire un \u00ab reboot \u00bb (nouvelle version) d\u2019\u00ab Anaconda le pr\u00e9dateur \u00bb : une fois arriv\u00e9s en Amazonie, les ennuis vont tomber en cascade tropicale, tandis qu\u2019un serpent g\u00e9ant et des chercheurs d\u2019or vont en vouloir \u00e0 leur peau. Heureusement, ils sont surtout l\u00e0 pour rigoler&#8230; Nous aussi, mais \u00e7a n\u2019arrivera qu\u2019\u00e0 peu de reprises au cours de cette farce difficile \u00e0 classer. <\/p>\n<p>Un film idiot r\u00e9alis\u00e9 par des gens idiots<\/p>\n<p class=\"\">Com\u00e9die de genre, s\u00e9rie B, s\u00e9rie Z, parodie ou pastiche ? On ne sait pas bien, le r\u00e9alisateur et son sc\u00e9nariste non plus d\u2019ailleurs. L\u2019affaire se solde par une avalanche de situations comiques pas vraiment l\u00e9g\u00e8res, voire carr\u00e9ment lourdes ou grossi\u00e8res, comme cette s\u00e9quence terriblement \u00e9tir\u00e9e o\u00f9 l\u2019un des protagonistes doit uriner sur Jack Black qui s\u2019est fait piquer par une araign\u00e9e venimeuse &#8211; merci pour tant de finesse et de po\u00e9sie.<\/p>\n<p class=\"\">Mais le probl\u00e8me majeur du long-m\u00e9trage r\u00e9side dans son concept m\u00eame de \u00ab film dans le film \u00bb. Ce projet fait figure, sans mauvais jeu de mots, de serpent qui se mord la queue car son r\u00e9cit conte comment une poign\u00e9e de gens idiots vont parvenir \u00e0 r\u00e9aliser un film idiot : or \u00e0 l\u2019arriv\u00e9e, \u00ab Anaconda \u00bb est vraiment un film idiot r\u00e9alis\u00e9 par des gens idiots. <\/p>\n<p class=\"\">Pour le reste, on a droit \u00e0 un festival d\u2019effets sp\u00e9ciaux (volontairement) atroces et, tout de m\u00eame, \u00e0 quelques gags d\u00e9cal\u00e9s bien sentis lorsque cette troupe de zozos se persuade qu\u2019elle va rafler des <a href=\"https:\/\/www.leparisien.fr\/culture-loisirs\/cinema\/oscars\/\" target=\"_blank\" rel=\"noreferrer noopener\">Oscars<\/a> avec son navet. Sans oublier le cam\u00e9o hallucin\u00e9 de Ice Cube, com\u00e9dien du \u00ab Anaconda \u00bb original, dans une courte s\u00e9quence \u00ab hommage \u00bb. <\/p>\n<p class=\"\">A part \u00e7a, tous les com\u00e9diens ont enclench\u00e9 la manette du jeu outrancier en surr\u00e9gime, m\u00eame Thandiwe Newton qui s\u2019est pourtant illustr\u00e9e autrefois dans de grands films d\u2019auteur. Bref, pas grand chose \u00e0 signaler dans cette mauvaise blague qui devrait vite tomber dans les oubliettes du 7e art, un comble pour un film qui raconte la fabrication d\u2019un film&#8230;<\/p>\n<p>La note de la r\u00e9daction :<\/p>\n<p>\u00ab Anaconda \u00bb, com\u00e9die am\u00e9ricaine de Tom Gormican, avec Jack Black, Paul Rudd, Thandiwe Newton, Steve Zahn&#8230; 1 h 40.<\/p>\n","protected":false},"excerpt":{"rendered":"Tous les journalistes et critiques de cin\u00e9ma au monde le savent : lorsqu\u2019un studio ou un distributeur ne&hellip;\n","protected":false},"author":2,"featured_media":632139,"comment_status":"","ping_status":"","sticky":false,"template":"","format":"standard","meta":{"footnotes":""},"categories":[1354],"tags":[650,872,58,59,1346,1011,27,1360],"class_list":{"0":"post-632138","1":"post","2":"type-post","3":"status-publish","4":"format-standard","5":"has-post-thumbnail","7":"category-films","8":"tag-cinema","9":"tag-culture-et-loisirs","10":"tag-divertissement","11":"tag-entertainment","12":"tag-films","13":"tag-fr","14":"tag-france","15":"tag-movies"},"share_on_mastodon":{"url":"https:\/\/pubeurope.com\/@fr\/115814337474670270","error":""},"_links":{"self":[{"href":"https:\/\/www.europesays.com\/fr\/wp-json\/wp\/v2\/posts\/632138","targetHints":{"allow":["GET"]}}],"collection":[{"href":"https:\/\/www.europesays.com\/fr\/wp-json\/wp\/v2\/posts"}],"about":[{"href":"https:\/\/www.europesays.com\/fr\/wp-json\/wp\/v2\/types\/post"}],"author":[{"embeddable":true,"href":"https:\/\/www.europesays.com\/fr\/wp-json\/wp\/v2\/users\/2"}],"replies":[{"embeddable":true,"href":"https:\/\/www.europesays.com\/fr\/wp-json\/wp\/v2\/comments?post=632138"}],"version-history":[{"count":0,"href":"https:\/\/www.europesays.com\/fr\/wp-json\/wp\/v2\/posts\/632138\/revisions"}],"wp:featuredmedia":[{"embeddable":true,"href":"https:\/\/www.europesays.com\/fr\/wp-json\/wp\/v2\/media\/632139"}],"wp:attachment":[{"href":"https:\/\/www.europesays.com\/fr\/wp-json\/wp\/v2\/media?parent=632138"}],"wp:term":[{"taxonomy":"category","embeddable":true,"href":"https:\/\/www.europesays.com\/fr\/wp-json\/wp\/v2\/categories?post=632138"},{"taxonomy":"post_tag","embeddable":true,"href":"https:\/\/www.europesays.com\/fr\/wp-json\/wp\/v2\/tags?post=632138"}],"curies":[{"name":"wp","href":"https:\/\/api.w.org\/{rel}","templated":true}]}}