{"id":632140,"date":"2025-12-31T13:08:12","date_gmt":"2025-12-31T13:08:12","guid":{"rendered":"https:\/\/www.europesays.com\/fr\/632140\/"},"modified":"2025-12-31T13:08:12","modified_gmt":"2025-12-31T13:08:12","slug":"le-lipoedeme-une-maladie-feminine-encore-trop-sous-diagnostiquee","status":"publish","type":"post","link":"https:\/\/www.europesays.com\/fr\/632140\/","title":{"rendered":"le lip\u0153d\u00e8me, une maladie f\u00e9minine encore trop sous-diagnostiqu\u00e9e"},"content":{"rendered":"<p>    \u00c9crit par<\/p>\n<p>      <a class=\"authors__author__link\" href=\"https:\/\/france3-regions.franceinfo.fr\/redaction\/wassila-belhacine\" data-name=\"Wassila Belhacine\" data-region=\"https:\/\/france3-regions.franceinfo.fr\/provence-alpes-cote-d-azur\/\" target=\"_blank\" rel=\"noopener\"><br \/>\n                Wassila Belhacine<br \/>\n              <\/a>    <\/p>\n<p>      Publi\u00e9 le31\/12\/2025 \u00e0 06h05<\/p>\n<p>    Temps de lecture : 4 mins\n  <\/p>\n<p><a class=\"btn-text__default btn-text__primary btn-text__on-white has--icon\" href=\"https:\/\/france3-regions.franceinfo.fr\/provence-alpes-cote-d-azur\/\" data-region=\"provence-alpes-cote-d-azur\" target=\"_blank\" rel=\"noopener\"><\/p>\n<p>              Provence-Alpes-C\u00f4te d&rsquo;Azur<\/p>\n<p>  <\/a>    <\/p>\n<ul class=\"article-share--alt__lst\">\n<li class=\"article-share--alt__lst__itm\">\n<p>      France3 R\u00e9gions sur Facebook (Nouvelle fen\u00eatre)<\/p>\n<\/li>\n<li class=\"article-share--alt__lst__itm\">\n<p>      France3 R\u00e9gions sur WhatsApp (Nouvelle fen\u00eatre)<\/p>\n<\/li>\n<li class=\"article-share--alt__lst__itm\">\n<p>              copier le lien<\/p>\n<\/li>\n<\/ul>\n<p class=\"article__intro\">Cette maladie provoque une accumulation anormale et douloureuse de graisse, surtout dans les jambes. Elle touche pr\u00e8s d\u2019une femme sur dix mais reste m\u00e9connue du corps m\u00e9dical. Claire, Varoise de 32 ans, t\u00e9moigne de plus de dix ans d&rsquo;errance m\u00e9dicale afin de faire reconna\u00eetre ses douleurs.<\/p>\n<p>\n      La Quotidienne Soci\u00e9t\u00e9\n    <\/p>\n<p>\n      De la vie quotidienne aux grands enjeux, recevez tous les jours les sujets qui font la soci\u00e9t\u00e9 locale, comme la justice, l\u2019\u00e9ducation, la sant\u00e9 et la famille.\n    <\/p>\n<p>    France T\u00e9l\u00e9visions utilise votre adresse e-mail afin de vous envoyer la newsletter \u00ab\u00a0La Quotidienne Soci\u00e9t\u00e9\u00a0\u00bb. Vous pouvez vous d\u00e9sinscrire \u00e0 tout moment via le lien en bas de cette newsletter. <a target=\"_blank\" href=\"https:\/\/www.francetelevisions.fr\/groupe\/confidentialite\/politique-de-confidentialite\/politique-de-confidentialite-de-france-televisions-6503\" rel=\"noopener\">Notre politique de confidentialit\u00e9<\/a><\/p>\n<p>\u00ab\u00a0Avant d&rsquo;\u00eatre diagnostiqu\u00e9e, j&rsquo;ai longtemps cru que mon corps ne fonctionnait pas comme il le fallait\u00a0\u00bb. Le calvaire de Claire Fourneaux, 32 ans et habitante de Sanary-sur-Mer, a dur\u00e9 plus de dix ans. <\/p>\n<p>Diagnostiqu\u00e9e il y a cinq ans d&rsquo;un lip\u0153d\u00e8me, cette maladie, la plupart du temps g\u00e9n\u00e9tique, se caract\u00e9rise par une accumulation de graisse sous la peau au niveau des jambes ou des bras. S&rsquo;il peut \u00eatre indolore, le lip\u0153d\u00e8me peut \u00e9galement se manifester par des sympt\u00f4mes comme la pr\u00e9sence de bosses sous la peau, des douleurs, une sensation de lourdeur dans les jambes ou l&rsquo;apparition subite de bleus.<\/p>\n<p>Pour Claire, tout commence \u00e0 l&rsquo;\u00e2ge de 15 ans en pleine adolescence. La jeune femme se plaint constamment \u00ab\u00a0de chocs \u00e9lectriques dans les jambes, de la graisse qui s&rsquo;accumule sans que le sport ou le r\u00e9gime ne puissent y faire quelque chose et des difficult\u00e9s \u00e0 s&rsquo;habiller pour les pantalons et les bottes\u00a0\u00bb. Alert\u00e9e par les sympt\u00f4mes, elle d\u00e9cide de consulter avec sa m\u00e8re un m\u00e9decin \u00e0 l&rsquo;h\u00f4pital. Sans succ\u00e8s.<\/p>\n<p>Durant douze ans, l&rsquo;errance m\u00e9dicale dure : \u00ab\u00a0On me dit de maigrir ou de faire du sport mais je m&rsquo;ex\u00e9cutais et \u00e7a n&rsquo;avait aucun impact. Certains m\u00e9decins ont m\u00eame commenc\u00e9 \u00e0 me faire douter des douleurs\u00a0\u00bb, raconte Claire. Maladie exclusivement f\u00e9minine, le lip\u0153d\u00e8me reste sous-diagnostiqu\u00e9. Alors qu&rsquo;elle touche 11 % des femmes, d&rsquo;apr\u00e8s <a href=\"https:\/\/www.ameli.fr\/assure\/sante\/themes\/lipoedeme\/lipoedeme-jambes-poteaux\" target=\"_blank\" rel=\"noopener noreferrer nofollow\" data-tooltip-url=\"https:\/\/www.ameli.fr\/assure\/sante\/themes\/lipoedeme\/lipoedeme-jambes-poteaux\">les chiffres de l&rsquo;Assurance Maladie<\/a>, elle est encore confondue avec un surpoids ou de la r\u00e9tention d&rsquo;eau. \u00ab\u00a0Il y avait clairement une forme de m\u00e9pris de la part du corps m\u00e9dical qui pr\u00e9f\u00e9rait me mettre en doute que d&rsquo;admettre leur ignorance sur le sujet\u00a0\u00ab\u00a0, d\u00e9taille Claire.<\/p>\n<p>Chez Claire, les manifestations du lip\u0153d\u00e8me n&rsquo;ont pas \u00e9t\u00e9 que physiques : \u00ab\u00a0J&rsquo;ai souffert de cette errance m\u00e9dicale qui niait mes douleurs. Il faut \u00e9galement supporter le regard des autres notamment lorsqu&rsquo;on devient une femme\u00a0\u00bb. Appel\u00e9e commun\u00e9ment la maladie des jambes poteaux, le lip\u0153d\u00e8me donne une impression visuelle de jambes volumineuses.<\/p>\n<p>Pour Claire, la lib\u00e9ration survient \u00e0 l&rsquo;\u00e2ge de 27 ans lors d&rsquo;un visionnage d&rsquo;un reportage \u00e9voquant la maladie. Elle parvient ensuite \u00e0 \u00eatre diagnostiqu\u00e9e par un m\u00e9decin angiologue. Il n&rsquo;existe pas encore de traitement curatif pour le lip\u0153d\u00e8me. Les op\u00e9rations, rares mais existantes, ne sont pas rembours\u00e9es car consid\u00e9r\u00e9es comme de la chirurgie esth\u00e9tique. Les patientes se dirigent majoritairement vers la Belgique ou l&rsquo;Allemagne, deux pays plus avanc\u00e9s sur le sujet. Au grand dam de Claire qui regrette \u00ab\u00a0un clair retard de la part de la France\u00a0\u00bb. Elle d\u00e9cide de se faire op\u00e9rer, deux fois, en Belgique pour l&rsquo;on\u00e9reuse somme de 10 000 euros. Et les frais ne s&rsquo;arr\u00eatent pas l\u00e0 : \u00ab\u00a0les collants de compression co\u00fbtent 300 euros et le prix des drainages lymphatiques qui sont conseill\u00e9s s&rsquo;\u00e9l\u00e8ve \u00e0 une centaine d&rsquo;euros par s\u00e9ance\u00a0\u00bb.<\/p>\n<p>Patiente-experte dipl\u00f4m\u00e9e de l&rsquo;universit\u00e9 de Nice, Claire met d\u00e9sormais son savoir au service des femmes touch\u00e9es par le lip\u0153d\u00e8me. Elle est la cr\u00e9atrice de l&rsquo;annuaire \u00ab\u00a0Lip\u0153d\u00e8me en Claire\u00a0\u00bb qui rassemble tous les professionnels de la sant\u00e9 qui connaissent et traitent la maladie et d&rsquo;un livre \u00ab\u00a0Il \u00e9tait une fois\u2026 mon lipoed\u00e8me\u00a0\u00bb. Elle est \u00e9galement \u00e0 l&rsquo;initiative \u00ab\u00a0de rencontre entre femmes et de groupes d&rsquo;entraide sur la maladie\u00a0\u00bb, \u00e9num\u00e8re-t-elle. Son objectif ? Qu&rsquo;aucune femme ne se retrouve seule face au lip\u0153d\u00e8me.<\/p>\n","protected":false},"excerpt":{"rendered":"\u00c9crit par Wassila Belhacine Publi\u00e9 le31\/12\/2025 \u00e0 06h05 Temps de lecture : 4 mins Provence-Alpes-C\u00f4te d&rsquo;Azur France3 R\u00e9gions&hellip;\n","protected":false},"author":2,"featured_media":632141,"comment_status":"","ping_status":"","sticky":false,"template":"","format":"standard","meta":{"footnotes":""},"categories":[10],"tags":[1011,27,72,71],"class_list":{"0":"post-632140","1":"post","2":"type-post","3":"status-publish","4":"format-standard","5":"has-post-thumbnail","7":"category-sante","8":"tag-fr","9":"tag-france","10":"tag-health","11":"tag-sante"},"share_on_mastodon":{"url":"https:\/\/pubeurope.com\/@fr\/115814341318058821","error":""},"_links":{"self":[{"href":"https:\/\/www.europesays.com\/fr\/wp-json\/wp\/v2\/posts\/632140","targetHints":{"allow":["GET"]}}],"collection":[{"href":"https:\/\/www.europesays.com\/fr\/wp-json\/wp\/v2\/posts"}],"about":[{"href":"https:\/\/www.europesays.com\/fr\/wp-json\/wp\/v2\/types\/post"}],"author":[{"embeddable":true,"href":"https:\/\/www.europesays.com\/fr\/wp-json\/wp\/v2\/users\/2"}],"replies":[{"embeddable":true,"href":"https:\/\/www.europesays.com\/fr\/wp-json\/wp\/v2\/comments?post=632140"}],"version-history":[{"count":0,"href":"https:\/\/www.europesays.com\/fr\/wp-json\/wp\/v2\/posts\/632140\/revisions"}],"wp:featuredmedia":[{"embeddable":true,"href":"https:\/\/www.europesays.com\/fr\/wp-json\/wp\/v2\/media\/632141"}],"wp:attachment":[{"href":"https:\/\/www.europesays.com\/fr\/wp-json\/wp\/v2\/media?parent=632140"}],"wp:term":[{"taxonomy":"category","embeddable":true,"href":"https:\/\/www.europesays.com\/fr\/wp-json\/wp\/v2\/categories?post=632140"},{"taxonomy":"post_tag","embeddable":true,"href":"https:\/\/www.europesays.com\/fr\/wp-json\/wp\/v2\/tags?post=632140"}],"curies":[{"name":"wp","href":"https:\/\/api.w.org\/{rel}","templated":true}]}}