{"id":632144,"date":"2025-12-31T13:10:12","date_gmt":"2025-12-31T13:10:12","guid":{"rendered":"https:\/\/www.europesays.com\/fr\/632144\/"},"modified":"2025-12-31T13:10:12","modified_gmt":"2025-12-31T13:10:12","slug":"donald-trump-utilise-gladiator-pour-annoncer-2026-mais-il-na-apparemment-pas-vu-le-film","status":"publish","type":"post","link":"https:\/\/www.europesays.com\/fr\/632144\/","title":{"rendered":"Donald Trump utilise \u00ab\u00a0Gladiator\u00a0\u00bb pour annoncer 2026, mais il n\u2019a apparemment pas vu le film"},"content":{"rendered":"<p>        <img decoding=\"async\" loading=\"lazy\" src=\"https:\/\/www.europesays.com\/fr\/wp-content\/uploads\/2025\/12\/994cfb0_upload-1-fvxaybteptxh-trump-et-russel-crow.jpg\"  width=\"728\" height=\"410\" alt=\"Donald Trump et Russell Crowe, alias Maximus dans \u00ab\u00a0Gladiator\u00a0\u00bb, m\u00eame combat.\"\/>   <\/p>\n<p>Donald Trump et Russell Crowe, alias Maximus dans \u00ab\u00a0Gladiator\u00a0\u00bb, m\u00eame combat.<\/p>\n<p class=\"asset asset-text\">\u00ab\u00a0\u00c0 mon signal, d\u00e9cha\u00eene les Enfers\u00a0\u00bb. Cette phrase, c\u2019est celle de <a href=\"https:\/\/www.huffingtonpost.fr\/culture\/article\/russell-crowe-n-a-pas-retenu-ses-coups-pour-critiquer-la-suite-de-ridley-scott-gladiator-2_258063.html\" target=\"_blank\" rel=\"noopener\">Russell Crowe<\/a>, alias Maximus alors g\u00e9n\u00e9ral romain, au d\u00e9but du film Gladiator. La <a href=\"https:\/\/www.huffingtonpost.fr\/culture\/video\/la-colere-des-artistes-comme-sabrina-carpenter-n-empeche-pas-la-maison-blanche-d-instrumentaliser-leurs-musiques_257824.html\" target=\"_blank\" rel=\"noopener\">Maison Blanche<\/a> s\u2019est r\u00e9appropri\u00e9 la s\u00e9quence du film culte de Ridley Scott de 2000\u00a0pour annoncer une ann\u00e9e 2026\u00a0\u00e0 venir guerri\u00e8re et ambitieuse. Mais ce faisant, <a href=\"https:\/\/www.huffingtonpost.fr\/culture\/article\/le-site-web-du-trump-kennedy-center-a-ete-achete-par-un-auteur-de-south-park-et-ca-se-voit_258690.html\" target=\"_blank\" rel=\"noopener\">Donald Trump<\/a> en a visiblement oubli\u00e9 le reste du long-m\u00e9trage, et surtout la fin.<\/p>\n<p class=\"asset asset-text\">La vid\u00e9o pourrait pr\u00eater \u00e0 rire \u00e0 gorge d\u00e9ploy\u00e9e si elle n\u2019\u00e9tait pas parfaitement s\u00e9rieuse. Les r\u00e9seaux sociaux de la Maison-Blanche ont publi\u00e9 le mardi 30\u00a0d\u00e9cembre un court clip d\u2019une quarantaine de seconde. Au d\u00e9but, elle reprend simplement la sc\u00e8ne d\u2019introduction de Gladiator dans laquelle on voit le g\u00e9n\u00e9ral romain Maximus Decimus Meridius motiver ses troupes avant le combat en leur d\u00e9clamant notamment \u00ab\u00a0Ce que l\u2019on fait dans la vie r\u00e9sonne dans l\u2019\u00e9ternit\u00e9\u00a0\u00bb.<\/p>\n<p> La lecture de ce contenu est susceptible d\u2019entra\u00eener un d\u00e9p\u00f4t de cookies de la part de l\u2019op\u00e9rateur tiers qui l\u2019h\u00e9berge. Compte-tenu des choix que vous avez exprim\u00e9s en mati\u00e8re de d\u00e9p\u00f4t de cookies, nous avons bloqu\u00e9 l\u2019affichage de ce contenu. Si vous souhaitez y acc\u00e9der, vous devez accepter la cat\u00e9gorie de cookies \u201cContenus tiers\u201d en cliquant sur le bouton ci-dessous. <\/p>\n<p> Lire la Vid\u00e9o        <\/p>\n<p class=\"asset asset-text\">Y sont simplement appos\u00e9s quelques mots \u00ab\u00a0Le Pr\u00e9sident Trump qui pr\u00e9pare son \u00e9quipe pour 2026\u00a0\u00bb, avant que la 2e moiti\u00e9 de la vid\u00e9o ne d\u00e9marre. La musique techno s\u2019intensifie alors que d\u00e9roule un montage rythm\u00e9 d\u2019images de Donald Trump devant des avions de guerre, des militaires au garde-\u00e0-vous et des engins de combats.<\/p>\n<p class=\"asset asset-text\">Plusieurs lectures de cette vid\u00e9o sont possibles. La premi\u00e8re (et la plus \u00e9vidente) est que Donald Trump, en se r\u00e9appropriant cette s\u00e9quence culte de cin\u00e9ma, veut s\u2019approprier l\u2019image de chef de guerre conqu\u00e9rant qu\u2019incarne Russell Crowe. Une mani\u00e8re de montrer qu\u2019en 2026, le Pr\u00e9sident am\u00e9ricain se montrera \u00e0 la fois ferme, plein d\u2019autorit\u00e9 mais aussi implacable face \u00e0 celles et ceux qui oseraient se mettre en travers de son chemin, et notamment ses opposants politiques.<\/p>\n<p class=\"asset asset-text\">La seconde est que la Maison Blanche veut ici placer Potus, soit la figure du pr\u00e9sident am\u00e9ricain, dans une posture id\u00e9alis\u00e9e de justice, de stabilit\u00e9 et de puissance, dans un contexte g\u00e9opolitique qui s\u2019annonce plus que tendu pour l\u2019ann\u00e9e \u00e0 venir, notamment <a href=\"https:\/\/www.huffingtonpost.fr\/international\/article\/trump-affirme-que-les-etats-unis-ont-frappe-une-installation-portuaire-au-venezuela_258707.html\" target=\"_blank\" rel=\"noopener\">avec le Venezuela<\/a>. Ces deux lectures ne sont d\u2019ailleurs pas antith\u00e9tiques.<\/p>\n<p>    Trump et Gladiator    <\/p>\n<p class=\"asset asset-text\">Ironie du sort, le nom de Donald Trump a d\u00e9j\u00e0 \u00e9t\u00e9 associ\u00e9 r\u00e9cemment \u00e0 l\u2019univers de Gladiator, par Ridley Scott lui-m\u00eame. Lors de la sortie en salle du second volet l\u2019an dernier, le r\u00e9alisateur avait confirm\u00e9 qu\u2019il s\u2019\u00e9tait largement inspir\u00e9 du Pr\u00e9sident am\u00e9ricain pour l\u2019un de ses personnages principaux, et pas le h\u00e9ros. Il avait en effet expliqu\u00e9 que Macrinus, le personnage jou\u00e9 par Denzel Washington et principal antagoniste, \u00e9tait fortement bas\u00e9 sur Donald Trump.<\/p>\n<p>         <img decoding=\"async\" loading=\"lazy\" src=\"https:\/\/www.europesays.com\/fr\/wp-content\/uploads\/2025\/12\/9b581b6_1732714867773-gl2-29680rc2-1054x700.jpg\"  width=\"728\" height=\"409\" alt=\"Denzel Washington interpr\u00e8te le r\u00f4le de Macrin dans \u00ab\u00a0Gladiator II\u00a0\u00bb de Ridley Scott.\"\/>  <\/p>\n<p>Paramount Pictures France<\/p>\n<p>Denzel Washington interpr\u00e8te le r\u00f4le de Macrin dans \u00ab\u00a0Gladiator II\u00a0\u00bb de Ridley Scott.<\/p>\n<p class=\"asset asset-text\">Dans une interview avec le <a href=\"https:\/\/www.hollywoodreporter.com\/movies\/movie-news\/ridley-scott-denzel-washington-gladiator-2-trump-1236067964\/\" target=\"_blank\" rel=\"noopener\" title=\"Nouvelle fen\u00eatre\">Hollywood Reporter<\/a>, le cin\u00e9aste avait expliqu\u00e9 \u00ab\u00a0[C\u2019est] un gangster intelligent. Il cr\u00e9e le chaos et \u00e0 partir du chaos, il peut \u00e9voluer&#8230;\u00a0Il est devenu un marchand tr\u00e8s riche en vendant tout et n\u2019importe quoi aux arm\u00e9es romaines (&#8230;) Il \u00e9tait milliardaire \u00e0 l\u2019\u00e9poque, alors pourquoi n\u2019aurait-il pas [d\u2019ambitions pour le tr\u00f4ne]\u00a0? Il devait se dire\u00a0: Pourquoi pas moi\u00a0?\u00a0\u00bb. Pour celles et ceux qui auraient oubli\u00e9 la fin de ce second film, Lucius (Paul Mescal) poursuit Macrinus \u00e0 travers la ville et le tue avant qu\u2019il ne puisse installer un peu plus son r\u00e8gne tyrannique.<\/p>\n<p class=\"asset asset-text\">Pas \u00e9tonnant donc, que cette vid\u00e9o \u00e0 la gloire de Trump ait pr\u00e9f\u00e9r\u00e9 assimiler le Pr\u00e9sident au personnage h\u00e9ro\u00efque de Maximus, m\u00eame s\u2019il y a toutefois un oubli de taille. Si Maximus est bien le h\u00e9ros de l\u2019histoire, il n\u2019en conna\u00eet pas moins, lui aussi, un destin tragique. D\u00e9fait par un rival politique (Joaquin Phoenix alias Commode), et apr\u00e8s des ann\u00e9es de servitude, il est envoy\u00e9 \u00e0 l\u2019abattoir dans l\u2019ar\u00e8ne pour combattre. Et s\u2019il y conna\u00eet bri\u00e8vement la gloire comme gladiateur, capable de galvaniser des foules qui hurlent son surnom \u00ab\u00a0l\u2019Espagnol\u00a0\u00bb, il finit malgr\u00e9 tout par p\u00e9rir.<\/p>\n<p class=\"asset asset-text\">Un \u00e9pilogue qu\u2019ont probablement effac\u00e9 de leur m\u00e9moire Donald Trump et les \u00e9quipes qui ont r\u00e9alis\u00e9 cette courte vid\u00e9o. Mais l\u2019essentiel est peut-\u00eatre, comme le criait Maximus aux spectateurs du Colis\u00e9e, que nous ayons \u00e9t\u00e9 \u00ab\u00a0assez divertis\u00a0\u00bb.<\/p>\n","protected":false},"excerpt":{"rendered":"Donald Trump et Russell Crowe, alias Maximus dans \u00ab\u00a0Gladiator\u00a0\u00bb, m\u00eame combat. \u00ab\u00a0\u00c0 mon signal, d\u00e9cha\u00eene les Enfers\u00a0\u00bb. Cette&hellip;\n","protected":false},"author":2,"featured_media":632145,"comment_status":"","ping_status":"","sticky":false,"template":"","format":"standard","meta":{"footnotes":""},"categories":[8],"tags":[650,251,58,75,59,1011,27,938,74056],"class_list":{"0":"post-632144","1":"post","2":"type-post","3":"status-publish","4":"format-standard","5":"has-post-thumbnail","7":"category-divertissement","8":"tag-cinema","9":"tag-culture","10":"tag-divertissement","11":"tag-donald-trump","12":"tag-entertainment","13":"tag-fr","14":"tag-france","15":"tag-reseaux-sociaux","16":"tag-russell-crowe"},"share_on_mastodon":{"url":"https:\/\/pubeurope.com\/@fr\/115814349333235167","error":""},"_links":{"self":[{"href":"https:\/\/www.europesays.com\/fr\/wp-json\/wp\/v2\/posts\/632144","targetHints":{"allow":["GET"]}}],"collection":[{"href":"https:\/\/www.europesays.com\/fr\/wp-json\/wp\/v2\/posts"}],"about":[{"href":"https:\/\/www.europesays.com\/fr\/wp-json\/wp\/v2\/types\/post"}],"author":[{"embeddable":true,"href":"https:\/\/www.europesays.com\/fr\/wp-json\/wp\/v2\/users\/2"}],"replies":[{"embeddable":true,"href":"https:\/\/www.europesays.com\/fr\/wp-json\/wp\/v2\/comments?post=632144"}],"version-history":[{"count":0,"href":"https:\/\/www.europesays.com\/fr\/wp-json\/wp\/v2\/posts\/632144\/revisions"}],"wp:featuredmedia":[{"embeddable":true,"href":"https:\/\/www.europesays.com\/fr\/wp-json\/wp\/v2\/media\/632145"}],"wp:attachment":[{"href":"https:\/\/www.europesays.com\/fr\/wp-json\/wp\/v2\/media?parent=632144"}],"wp:term":[{"taxonomy":"category","embeddable":true,"href":"https:\/\/www.europesays.com\/fr\/wp-json\/wp\/v2\/categories?post=632144"},{"taxonomy":"post_tag","embeddable":true,"href":"https:\/\/www.europesays.com\/fr\/wp-json\/wp\/v2\/tags?post=632144"}],"curies":[{"name":"wp","href":"https:\/\/api.w.org\/{rel}","templated":true}]}}