{"id":632146,"date":"2025-12-31T13:11:10","date_gmt":"2025-12-31T13:11:10","guid":{"rendered":"https:\/\/www.europesays.com\/fr\/632146\/"},"modified":"2025-12-31T13:11:10","modified_gmt":"2025-12-31T13:11:10","slug":"une-influenceuse-beaute-sud-coreenne-ambassadrice-de-la-k-beauty-est-decedee-a-lage-de-29-ans","status":"publish","type":"post","link":"https:\/\/www.europesays.com\/fr\/632146\/","title":{"rendered":"Une influenceuse beaut\u00e9 sud-cor\u00e9enne, ambassadrice de la \u00ab\u00a0K-beauty\u00a0\u00bb, est d\u00e9c\u00e9d\u00e9e \u00e0 l\u2019\u00e2ge de 29\u00a0ans"},"content":{"rendered":"<p class=\"paragraph text_align_left lp-f-body-02\">Elle a particip\u00e9 \u00e0 faire rayonner la <a href=\"https:\/\/www.leparisien.fr\/paris-75\/la-k-beauty-tres-tendance-a-paris-la-skincare-coreenne-se-fait-une-place-au-bhv-12-06-2025-DFVLMZVFCZEPPKHP6CN5U3VVXY.php\" target=\"_self\" rel=\"noopener\">\u00ab\u00a0K-beauty\u00a0\u00bb<\/a> \u00e0 travers le monde. <a href=\"https:\/\/www.leparisien.fr\/faits-divers\/son-seul-but-dans-la-vie-une-influenceuse-beaute-se-suicide-a-24-ans-a-cause-de-son-nombre-dabonnes-juge-trop-faible-01-05-2025-FVIWJQIN5RBFXCVP2UN4MV7QLU.php\" target=\"_self\" rel=\"noopener\">L\u2019influenceuse beaut\u00e9<\/a> sud-cor\u00e9enne Daddoa est d\u00e9c\u00e9d\u00e9e le 16\u00a0d\u00e9cembre \u00e0 l\u2019\u00e2ge de 29\u00a0ans. De son vrai nom Lee Da-sol, la jeune femme \u00e9tait suivie par plus d\u2019un million de personnes sur <a href=\"https:\/\/www.leparisien.fr\/culture-loisirs\/tv\/un-incontournable-dans-laudiovisuel-youtube-premiere-chaine-de-television-en-france-14-02-2025-JI335ZKB75ARBADDHJ7RR6J344.php\" target=\"_self\" rel=\"noopener\">YouTube<\/a>.<\/p>\n<p class=\"\">C\u2019est l\u2019agence Leferi Beauty Entertainment qui a annonc\u00e9 sa mort, sans en donner les causes, et en appelant le public \u00e0 ne pas \u00e9chafauder des th\u00e9ories \u00e0 ce sujet. Daddoa tenait \u00e9galement un blog sur lequel elle vantait les m\u00e9rites des produits de beaut\u00e9 cor\u00e9ens, qui a affich\u00e9 jusqu\u2019\u00e0 10\u00a0millions de visites par mois.<\/p>\n<p>\u00ab\u00a0H\u00e9ros mondial de la beaut\u00e9\u00a0\u00bb<\/p>\n<p class=\"\">Elle a ensuite poursuivi ses activit\u00e9s sur Youku (une plateforme vid\u00e9o chinoise) avant de d\u00e9barquer sur YouTube. La jeune femme \u00e9tait \u00e9galement tr\u00e8s populaire sur Weibo et Instagram.<\/p>\n<p class=\"\">L\u2019influence de Daddoa ne s\u2019arr\u00eatait pas aux internautes\u00a0: les marques ont \u00e9galement salu\u00e9 son travail. En 2016, elle avait m\u00eame \u00e9t\u00e9 nomm\u00e9e \u00ab\u00a0H\u00e9ros mondial de la beaut\u00e9\u00a0\u00bb par MAC Cosmetics, qui la consid\u00e9rait comme \u00ab\u00a0l\u2019une des millenials les plus influentes du monde\u00a0\u00bb.<\/p>\n<p class=\"lp-card-podcast-highlighting__title  lp-f-subtitle-05\">[2\/2] Vengeance et colis pi\u00e9g\u00e9\u00a0: le myst\u00e9rieux attentat de La\u00a0Baule<\/p>\n<p><a class=\"lp-card-podcast-highlighting__call-to-action\" data-page-type=\"HP\" data-block-name=\"podcast-highlight\">\u00c9couter<\/a>Le maquillage comme un refuge<\/p>\n<p class=\"\">Lee Da-sol avait arr\u00eat\u00e9 ses \u00e9tudes apr\u00e8s le lyc\u00e9e, en 2014, \u00e0 l\u2019\u00e2ge de 18\u00a0ans pour se consacrer enti\u00e8rement \u00e0 son activit\u00e9 sur les r\u00e9seaux. Mais il y a quatre ans, l\u2019influenceuse avait annonc\u00e9 mettre sa carri\u00e8re entre parenth\u00e8ses pour pouvoir reprendre ses \u00e9tudes. Elle avait d\u2019ailleurs annonc\u00e9 il y a quelques mois son entr\u00e9e en Master.<\/p>\n<p class=\"\">Ce retour sur les bancs de l\u2019\u00e9cole avait ravi ses admirateurs, d\u2019autant plus que la jeune femme avait confi\u00e9 sur YouTube avoir \u00e9t\u00e9 victime de harc\u00e8lement scolaire et avoir vu un abri dans l\u2019univers de la beaut\u00e9.<\/p>\n","protected":false},"excerpt":{"rendered":"Elle a particip\u00e9 \u00e0 faire rayonner la \u00ab\u00a0K-beauty\u00a0\u00bb \u00e0 travers le monde. L\u2019influenceuse beaut\u00e9 sud-cor\u00e9enne Daddoa est d\u00e9c\u00e9d\u00e9e&hellip;\n","protected":false},"author":2,"featured_media":632147,"comment_status":"","ping_status":"","sticky":false,"template":"","format":"standard","meta":{"footnotes":""},"categories":[7],"tags":[118,1011,27,43,40,41,39,42,44],"class_list":{"0":"post-632146","1":"post","2":"type-post","3":"status-publish","4":"format-standard","5":"has-post-thumbnail","7":"category-sciences-et-technologies","8":"tag-faits-divers","9":"tag-fr","10":"tag-france","11":"tag-science","12":"tag-science-and-technology","13":"tag-sciences","14":"tag-sciences-et-technologies","15":"tag-technologies","16":"tag-technology"},"share_on_mastodon":{"url":"https:\/\/pubeurope.com\/@fr\/115814353147104473","error":""},"_links":{"self":[{"href":"https:\/\/www.europesays.com\/fr\/wp-json\/wp\/v2\/posts\/632146","targetHints":{"allow":["GET"]}}],"collection":[{"href":"https:\/\/www.europesays.com\/fr\/wp-json\/wp\/v2\/posts"}],"about":[{"href":"https:\/\/www.europesays.com\/fr\/wp-json\/wp\/v2\/types\/post"}],"author":[{"embeddable":true,"href":"https:\/\/www.europesays.com\/fr\/wp-json\/wp\/v2\/users\/2"}],"replies":[{"embeddable":true,"href":"https:\/\/www.europesays.com\/fr\/wp-json\/wp\/v2\/comments?post=632146"}],"version-history":[{"count":0,"href":"https:\/\/www.europesays.com\/fr\/wp-json\/wp\/v2\/posts\/632146\/revisions"}],"wp:featuredmedia":[{"embeddable":true,"href":"https:\/\/www.europesays.com\/fr\/wp-json\/wp\/v2\/media\/632147"}],"wp:attachment":[{"href":"https:\/\/www.europesays.com\/fr\/wp-json\/wp\/v2\/media?parent=632146"}],"wp:term":[{"taxonomy":"category","embeddable":true,"href":"https:\/\/www.europesays.com\/fr\/wp-json\/wp\/v2\/categories?post=632146"},{"taxonomy":"post_tag","embeddable":true,"href":"https:\/\/www.europesays.com\/fr\/wp-json\/wp\/v2\/tags?post=632146"}],"curies":[{"name":"wp","href":"https:\/\/api.w.org\/{rel}","templated":true}]}}