{"id":632156,"date":"2025-12-31T13:16:12","date_gmt":"2025-12-31T13:16:12","guid":{"rendered":"https:\/\/www.europesays.com\/fr\/632156\/"},"modified":"2025-12-31T13:16:12","modified_gmt":"2025-12-31T13:16:12","slug":"il-a-fait-partie-du-casting-dune-emission-televisee-sur-lillettrisme","status":"publish","type":"post","link":"https:\/\/www.europesays.com\/fr\/632156\/","title":{"rendered":"il a fait partie du casting d&rsquo;une \u00e9mission t\u00e9l\u00e9vis\u00e9e sur l&rsquo;illettrisme"},"content":{"rendered":"<p class=\"insetTitle\">Corinne, touch\u00e9e par une amn\u00e9sie r\u00e9trograde, a racont\u00e9 son histoire dans \u00ab\u00a0\u00c7a commence aujourd\u2019hui\u00a0\u00bb<\/p>\n<p>Originaire de Th\u00e9lis-la-Combe, Corinne Panel a partag\u00e9 son histoire dans l\u2019\u00e9mission \u00c7a commence aujourd\u2019hui sur France 2, diffus\u00e9e le 14\u00a0octobre dernier. Dans cet \u00e9pisode, Corinne revient sur son amn\u00e9sie r\u00e9trograde apr\u00e8s un accident de voiture entre Bourg-Argental et Saint-Marcel-l\u00e8s-Annonay. <a href=\"https:\/\/www.leprogres.fr\/sante\/2025\/10\/12\/je-ne-me-rappelle-plus-rien-d-avant-le-26-decembre-2015-elle-raconte-sa-vie-avec-l-amnesie\" target=\"_blank\" rel=\"noopener\">\u00ab\u00a0Je ne me rappelle plus rien d\u2019avant le 26\u00a0d\u00e9cembre 2015\u00a0\u00bb<\/a>, nous avait-elle racont\u00e9.<\/p>\n<p>Accompagn\u00e9e de sa fille, Corinne a r\u00e9pondu aux questions de Faustine Bollaert sur sa perte de souvenirs comme son mariage. \u00ab\u00a0C\u2019\u00e9tait une exp\u00e9rience unique. Il y avait beaucoup de bienveillance\u00a0\u00bb, souligne Corinne deux mois apr\u00e8s son apparition.<\/p>\n<p>\u00ab\u00a0Cette exp\u00e9rience a chang\u00e9 le regard des autres\u00a0\u00bb<\/p>\n<p>Elle, qui faisait face \u00e0 l\u2019incompr\u00e9hension des gens ou \u00e0 leurs doutes devant ce syndrome m\u00e9connu, a vu une diff\u00e9rence avant et apr\u00e8s son passage\u00a0: \u00ab\u00a0Cette exp\u00e9rience a chang\u00e9 le regard des autres et leur compr\u00e9hension <a href=\"https:\/\/www.leprogres.fr\/videos\/amnesique-depuis-dix-ans-corinne-panel-nous-raconte-son-histoire-3xruklu\" target=\"_blank\" rel=\"noopener\">face \u00e0 mon histoire<\/a> et \u00e0 mon comportement. Je me sens plus comprise. Avant, c&rsquo;\u00e9tait un sujet tabou. \u00bb<\/p>\n<p>Une premi\u00e8re en t\u00e9l\u00e9vision qui a beaucoup plu \u00e0 Corinne, qui n\u2019a pas eu peur des cam\u00e9ras. Alors que l\u2019\u00e9preuve un peu plus difficile pour sa fille Laure\u00a0: \u00ab\u00a0J\u2019\u00e9tais plus stress\u00e9e que ma m\u00e8re\u00a0\u00bb, ajoute-t-elle \u00e0 c\u00f4t\u00e9 d\u2019elle. Si elle en a la possibilit\u00e9, une nouvelle apparition \u00e0 la t\u00e9l\u00e9vision n\u2019est pas \u00e0 exclure.<\/p>\n<p class=\"insetSignature\">A.B.<\/p>\n","protected":false},"excerpt":{"rendered":"Corinne, touch\u00e9e par une amn\u00e9sie r\u00e9trograde, a racont\u00e9 son histoire dans \u00ab\u00a0\u00c7a commence aujourd\u2019hui\u00a0\u00bb Originaire de Th\u00e9lis-la-Combe, Corinne&hellip;\n","protected":false},"author":2,"featured_media":632157,"comment_status":"","ping_status":"","sticky":false,"template":"","format":"standard","meta":{"footnotes":""},"categories":[9653],"tags":[1111,11,2430,7539,1777,674,107,1011,27,3367,12,25,4001,7538,104,2205],"class_list":{"0":"post-632156","1":"post","2":"type-post","3":"status-publish","4":"format-standard","5":"has-post-thumbnail","7":"category-saint-etienne","8":"tag-actu","9":"tag-actualites","10":"tag-auvergne-rhone-alpes","11":"tag-edition-loire-sud","12":"tag-eu","13":"tag-europe","14":"tag-fil-info","15":"tag-fr","16":"tag-france","17":"tag-loire","18":"tag-news","19":"tag-republique-francaise","20":"tag-saint-etienne","21":"tag-saint-etienne-ville","22":"tag-societe","23":"tag-television-medias"},"share_on_mastodon":{"url":"https:\/\/pubeurope.com\/@fr\/115814372750412485","error":""},"_links":{"self":[{"href":"https:\/\/www.europesays.com\/fr\/wp-json\/wp\/v2\/posts\/632156","targetHints":{"allow":["GET"]}}],"collection":[{"href":"https:\/\/www.europesays.com\/fr\/wp-json\/wp\/v2\/posts"}],"about":[{"href":"https:\/\/www.europesays.com\/fr\/wp-json\/wp\/v2\/types\/post"}],"author":[{"embeddable":true,"href":"https:\/\/www.europesays.com\/fr\/wp-json\/wp\/v2\/users\/2"}],"replies":[{"embeddable":true,"href":"https:\/\/www.europesays.com\/fr\/wp-json\/wp\/v2\/comments?post=632156"}],"version-history":[{"count":0,"href":"https:\/\/www.europesays.com\/fr\/wp-json\/wp\/v2\/posts\/632156\/revisions"}],"wp:featuredmedia":[{"embeddable":true,"href":"https:\/\/www.europesays.com\/fr\/wp-json\/wp\/v2\/media\/632157"}],"wp:attachment":[{"href":"https:\/\/www.europesays.com\/fr\/wp-json\/wp\/v2\/media?parent=632156"}],"wp:term":[{"taxonomy":"category","embeddable":true,"href":"https:\/\/www.europesays.com\/fr\/wp-json\/wp\/v2\/categories?post=632156"},{"taxonomy":"post_tag","embeddable":true,"href":"https:\/\/www.europesays.com\/fr\/wp-json\/wp\/v2\/tags?post=632156"}],"curies":[{"name":"wp","href":"https:\/\/api.w.org\/{rel}","templated":true}]}}