{"id":632160,"date":"2025-12-31T13:19:31","date_gmt":"2025-12-31T13:19:31","guid":{"rendered":"https:\/\/www.europesays.com\/fr\/632160\/"},"modified":"2025-12-31T13:19:31","modified_gmt":"2025-12-31T13:19:31","slug":"en-10-ans-ces-villes-ont-connu-plus-de-departs-que-darrivees-de-nouveaux-habitants","status":"publish","type":"post","link":"https:\/\/www.europesays.com\/fr\/632160\/","title":{"rendered":"en 10 ans, ces villes ont connu plus de d\u00e9parts que d&rsquo;arriv\u00e9es de nouveaux habitants"},"content":{"rendered":"<p>                    Par<br \/>\n        <strong><br \/>\n            <a href=\"https:\/\/actu.fr\/auteur\/pierre-emile-bouchy-actu-fr\" title=\"Consulter tous les articles de Paul-Emile Bouchy\" target=\"_blank\" rel=\"noopener\">Paul-Emile Bouchy<\/a><br \/>\n                    <\/strong><\/p>\n<p>        Publi\u00e9 le<\/p>\n<p>            28 d\u00e9c. 2025 \u00e0 18h02        <\/p>\n<p>En d\u00e9voilant <a href=\"https:\/\/www.insee.fr\/fr\/statistiques\/8681011\" target=\"_blank\" rel=\"noopener\">ses derniers chiffres<\/a>, l\u2019Insee (Institut national de la statistique et des \u00e9tudes \u00e9conomiques) a indiqu\u00e9 <a href=\"https:\/\/actu.fr\/societe\/carte-la-population-francaise-augmente-decouvrez-combien-d-habitants-compte-votre-commune_63595651.html\" target=\"_blank\" rel=\"noopener\">une hausse de la population fran\u00e7aise<\/a> au 1er\u00a0janvier 2023.<\/p>\n<p class=\" wall-content\">En Lorraine, <a href=\"https:\/\/actu.fr\/societe\/lorraine-voici-les-villes-qui-ont-attire-le-plus-de-nouveaux-habitants-en-10-ans-d-apres-l-insee_63615825.html\" target=\"_blank\" rel=\"noopener\">des villes ont attir\u00e9 de nombreux nouveaux habitants en 10\u00a0ans<\/a>, notamment en raison de <strong>l\u2019attractivit\u00e9 du Luxembourg<\/strong>. En revanche, <strong>certaines constatent davantage de d\u00e9parts de leurs r\u00e9sidents<\/strong>. On fait le point.<\/p>\n<p>Une forte diff\u00e9rence entre les d\u00e9parts et les arriv\u00e9es \u00e0 Nancy<\/p>\n<p class=\" wall-content\">Pour \u00e9tablir ce classement, nous avons \u00e9tudi\u00e9 la variation de la population due au solde migratoire, c\u2019est-\u00e0-dire la diff\u00e9rence entre le nombre d\u2019habitants arriv\u00e9s et le nombre d\u2019habitants partis de la commune entre le 1er janvier 2012 et le 1er janvier 2023.<\/p>\n<p class=\" wall-content\">Voici donc les 10 villes de Lorraine qui affichent une grande diff\u00e9rence entre les d\u00e9parts et les arriv\u00e9es\u2009:<\/p>\n<ul class=\" wall-content\">\n<li><strong>Nancy<\/strong>\u2009: 5\u2009037\u00a0habitants en moins en raison du solde migratoire entre\u00a02012 et\u00a02023<\/li>\n<li><strong>Vand\u0153uvre-l\u00e8s-Nancy<\/strong>\u2009: 2\u2009095\u00a0habitants en moins<\/li>\n<li><strong>Metz<\/strong>\u2009: 1\u2009825\u00a0habitants en moins<\/li>\n<li><strong>Saint-Avold<\/strong>\u2009: 1\u2009474\u00a0habitants en moins<\/li>\n<li><strong>Behren-l\u00e8s-Forbach<\/strong>\u2009: 1\u2009348\u00a0habitants en moins<\/li>\n<li><strong>Lun\u00e9ville<\/strong>\u2009: 1\u2009325\u00a0habitants en moins<\/li>\n<li><strong>Forbach<\/strong>\u2009: 1\u2009196\u00a0habitants en moins<\/li>\n<li><strong>Verdun<\/strong>\u2009: 1\u2009093\u00a0habitants en moins<\/li>\n<li><strong>Saint-Di\u00e9-des-Vosges<\/strong>\u2009: 1\u2009052\u00a0habitants en moins<\/li>\n<li><strong>Stiring-Wendel<\/strong>\u2009: 1\u2009049\u00a0habitants en moins<\/li>\n<\/ul>\n<p class=\" wall-content\">\u00c0 noter qu\u2019au global (en consid\u00e9rant le solde naturel li\u00e9 aux naissances et aux d\u00e9c\u00e8s), la perte d\u2019habitants de <a href=\"https:\/\/actu.fr\/grand-est\/nancy_54395\/population-est-ce-que-nancy-a-gagne-des-habitants-en-un-an-les-chiffres-insee-viennent-de-tomber_63599405.html\" target=\"_blank\" rel=\"noopener\">Nancy<\/a> est de 1\u2009396\u00a0habitants entre\u00a02012 et\u00a02023. <a href=\"https:\/\/actu.fr\/grand-est\/metz_57463\/la-population-de-metz-continue-sa-progression-voici-les-derniers-chiffres-de-l-insee_63601353.html\" target=\"_blank\" rel=\"noopener\">Metz<\/a> a m\u00eame gagn\u00e9 3\u2009021\u00a0habitants en 10\u00a0ans.<\/p>\n<p class=\" wall-content\">Personnalisez votre actualit\u00e9 en ajoutant vos villes et m\u00e9dias en favori avec <a href=\"https:\/\/moncompte.actu.fr\" title=\"D\u00e9couvez Mon Actu\" rel=\"nofollow noopener\" data-trk=\"{&quot;cta&quot;:{&quot;action&quot;:&quot;https:\\\/\\\/moncompte.actu.fr&quot;,&quot;category&quot;:&quot;mon compte&quot;,&quot;from&quot;:&quot;article footer&quot;,&quot;name&quot;:&quot;Mon actu&quot;,&quot;type&quot;:&quot;cta&quot;}}\" target=\"_blank\">Mon Actu<\/a>.<\/p>\n","protected":false},"excerpt":{"rendered":"Par Paul-Emile Bouchy Publi\u00e9 le 28 d\u00e9c. 2025 \u00e0 18h02 En d\u00e9voilant ses derniers chiffres, l\u2019Insee (Institut national&hellip;\n","protected":false},"author":2,"featured_media":632161,"comment_status":"","ping_status":"","sticky":false,"template":"","format":"standard","meta":{"footnotes":""},"categories":[9635],"tags":[1111,11,6969,1777,674,1011,27,775,1702,12,25,104],"class_list":{"0":"post-632160","1":"post","2":"type-post","3":"status-publish","4":"format-standard","5":"has-post-thumbnail","7":"category-nancy","8":"tag-actu","9":"tag-actualites","10":"tag-demographie","11":"tag-eu","12":"tag-europe","13":"tag-fr","14":"tag-france","15":"tag-grand-est","16":"tag-nancy","17":"tag-news","18":"tag-republique-francaise","19":"tag-societe"},"share_on_mastodon":{"url":"https:\/\/pubeurope.com\/@fr\/115814384579077631","error":""},"_links":{"self":[{"href":"https:\/\/www.europesays.com\/fr\/wp-json\/wp\/v2\/posts\/632160","targetHints":{"allow":["GET"]}}],"collection":[{"href":"https:\/\/www.europesays.com\/fr\/wp-json\/wp\/v2\/posts"}],"about":[{"href":"https:\/\/www.europesays.com\/fr\/wp-json\/wp\/v2\/types\/post"}],"author":[{"embeddable":true,"href":"https:\/\/www.europesays.com\/fr\/wp-json\/wp\/v2\/users\/2"}],"replies":[{"embeddable":true,"href":"https:\/\/www.europesays.com\/fr\/wp-json\/wp\/v2\/comments?post=632160"}],"version-history":[{"count":0,"href":"https:\/\/www.europesays.com\/fr\/wp-json\/wp\/v2\/posts\/632160\/revisions"}],"wp:featuredmedia":[{"embeddable":true,"href":"https:\/\/www.europesays.com\/fr\/wp-json\/wp\/v2\/media\/632161"}],"wp:attachment":[{"href":"https:\/\/www.europesays.com\/fr\/wp-json\/wp\/v2\/media?parent=632160"}],"wp:term":[{"taxonomy":"category","embeddable":true,"href":"https:\/\/www.europesays.com\/fr\/wp-json\/wp\/v2\/categories?post=632160"},{"taxonomy":"post_tag","embeddable":true,"href":"https:\/\/www.europesays.com\/fr\/wp-json\/wp\/v2\/tags?post=632160"}],"curies":[{"name":"wp","href":"https:\/\/api.w.org\/{rel}","templated":true}]}}