{"id":632164,"date":"2025-12-31T13:23:22","date_gmt":"2025-12-31T13:23:22","guid":{"rendered":"https:\/\/www.europesays.com\/fr\/632164\/"},"modified":"2025-12-31T13:23:22","modified_gmt":"2025-12-31T13:23:22","slug":"top-14-albornoz-va-electriser-les-supporters-retour-en-analyse-sur-la-premiere-du-puma-avec-toulon","status":"publish","type":"post","link":"https:\/\/www.europesays.com\/fr\/632164\/","title":{"rendered":"Top 14 \u2013 \u00ab\u00a0Albornoz va \u00e9lectriser les supporters\u00a0\u00bb : retour en analyse sur la premi\u00e8re du Puma avec Toulon"},"content":{"rendered":"<p>\n                Avec un entra\u00eenement collectif avec ses partenaires, le demi d\u2019ouverture a offert une premi\u00e8re convaincante, pour sa premi\u00e8re en Top 14 avec le maillot frapp\u00e9 du muguet, lors du succ\u00e8s obtenu face \u00e0 Perpignan (31-16).\n            <\/p>\n<p>Entr\u00e9 \u00e0 la 56e minute de jeu face \u00e0 Perpignan, aux c\u00f4t\u00e9s de Baptiste Serin et d\u2019Esteban Abadie, Tom\u00e1s Albornoz a re\u00e7u un accueil chaleureux des supporters toulonnais. Sur le port ou dans les diff\u00e9rentes art\u00e8res allant au stade, avant cette rencontre comptant pour la 13e journ\u00e9e, le nom du natif de\u00a0San Miguel de Tucum\u00e1n \u00e9tait sur toutes les l\u00e8vres.<\/p>\n<p>Arrach\u00e9 au Benetton quelques mois plus t\u00f4t que ce qu\u2019il \u00e9tait pr\u00e9vu \u2013 il s\u2019\u00e9tait engag\u00e9 au pr\u00e9alable pour l\u2019an prochain \u2013, l\u2019ouvreur suscite d\u2019\u00e9normes attentes chez les supporters Rouge et Noir. Il faut dire que l\u2019int\u00e9ress\u00e9 dispose de\u00a0quelques vid\u00e9os et autres r\u00e9els qui ont fait le tour des\u00a0r\u00e9seaux sociaux. P\u00eale-m\u00eale, on l\u2019a vu causer quelques d\u00e9sordres, avec des attaques de lignes tranchantes, lors du dernier\u00a0Rugby Championship avec l\u2019Argentine. Tout cela face aux\u00a0meilleures nations de l\u2019h\u00e9misph\u00e8re sud. Derni\u00e8rement, il s\u2019est signal\u00e9 avec un drop de 50 m\u00e8tres pour ent\u00e9riner la victoire de Tr\u00e9vise chez les Lions en Challenge Cup.<\/p>\n<p>Il a plus attaqu\u00e9 la ligne que ce qu\u2019il a fait de passes \u00e0 la main<\/p>\n<p>Priv\u00e9 de Mat\u00e9o Garcia, qui souffre d\u2019une g\u00eane \u00e0 une cuisse, Pierre Mignoni n\u2019a pas h\u00e9sit\u00e9 \u00e0 lancer dans le grand bain sa recrue avec un \u00ab\u00a0seul entra\u00eenement collectif\u00a0\u00bb. Pas entr\u00e9 dans la meilleure p\u00e9riode de son \u00e9quipe, l\u2019ancien \u00e9l\u00e9ment des Jaguares a d\u2019abord chauff\u00e9 le chaud et le froid avant de monter en puissance.<\/p>\n<p>Pr\u00e9sent\u00e9 comme un \u00ab\u00a0gros d\u00e9fenseur\u00a0\u00bb par le coach varois et Leonardo Senatore, consultant pour Scrum ESPN sur les rencontres des Pumas, il a d\u00e9marr\u00e9 sa partie avec un plaquage tr\u00e8s positif sur Velarte, venu le d\u00e9fier frontalement (59e).<\/p>\n<p>En revanche, quelques instants plus tard, toujours sur un lancement en premi\u00e8re main, il a \u00e9t\u00e9 surpris par le crochet vers l\u2019int\u00e9rieur de Duguivalu (64e). Repris par Ollivon, le Fidjien est parvenu \u00e0 lib\u00e9rer les bras pour De la Fuente, pris sans ballon par Abadie. L\u2019Argentin, grima\u00e7ant, s\u2019est tout de suite excus\u00e9 aupr\u00e8s de ses co\u00e9quipiers pour son manque de connexion d\u00e9fensive\u00a0avec Serin et Sinzelle. Une erreur qui semble logique pour un nouvel \u00e9l\u00e9ment.<\/p>\n<p>        <img decoding=\"async\" class=\"std-img__img responsive-img\" src=\"https:\/\/www.europesays.com\/fr\/wp-content\/uploads\/2025\/12\/1767187394_343_image.png\" alt=\"Albornoz, dans le cercle vert, a mal jug\u00e9 la course de Duguivalu (capture d\u2019\u00e9cran LNR).\"\/><\/p>\n<p>                Albornoz, dans le cercle vert, a mal jug\u00e9 la course de Duguivalu (capture d\u2019\u00e9cran LNR).<\/p>\n<p>Possession en main, l\u2019ouvreur s\u2019est vite rassur\u00e9. \u00c0 la 67e minute, bien plac\u00e9 en couverture, il a tap\u00e9 une chandelle efficace. Premier \u00e0 la retomb\u00e9e, il n\u2019a pas \u00e9t\u00e9 en mesure d\u2019assurer la continuit\u00e9 en commettant un\u00a0en-avant sous l\u2019impact f\u00e9roce de son compatriote De La Fuente (67e).<\/p>\n<p>        <img decoding=\"async\" class=\"std-img__img responsive-img\" src=\"https:\/\/www.europesays.com\/fr\/wp-content\/uploads\/2025\/12\/1767187396_72_image.png\" alt=\"Comme souvent dans cette rencontre, Albornoz a brill\u00e9 par sa lecture du jeu. Ici, il place sa chandelle dans une zone d\u00e9garnie (capture d\u2019\u00e9cran LNR).\"\/><\/p>\n<p>                Comme souvent dans cette rencontre, Albornoz a brill\u00e9 par sa lecture du jeu. Ici, il place sa chandelle dans une zone d\u00e9garnie (capture d\u2019\u00e9cran LNR).<\/p>\n<p>Par la suite, il a jou\u00e9 lib\u00e9r\u00e9 en gagnant \u00e0 trois reprises la ligne d\u2019avantage face successivement \u00e0 Aprazidze, deux fois, Tetrashvili, et Duguivalu. Sur cette rencontre, il a d\u2019ailleurs plus jou\u00e9 ses duels (trois) que fait de passes \u00e0 la main (deux).<\/p>\n<p>Deux perc\u00e9es qui ont enflamm\u00e9 la foule<\/p>\n<p>\u00c0 cinq minutes du terme de cette affiche, Albornoz s\u2019est pr\u00e9sent\u00e9 \u00e0 Mayol avec une relance depuis ses cinq m\u00e8tres lors d\u2019un ballon de r\u00e9cup\u00e9ration. Avec un avantage sur un en-avant, il a pris ses responsabilit\u00e9s en entreprenant une relance \u00e0 la main. Gr\u00e2ce \u00e0 une prise d\u2019information pr\u00e9coce, il a analys\u00e9 le fait qu\u2019il se retrouvait face \u00e0 un avant (Yato).<\/p>\n<p>        <img decoding=\"async\" class=\"std-img__img responsive-img\" src=\"https:\/\/www.europesays.com\/fr\/wp-content\/uploads\/2025\/12\/1767187397_837_image.png\" alt=\"\u00c0 l\u2019arr\u00eat, sur un ballon de r\u00e9cup\u00e9ration, Albornoz (cercle vert) analyse bien la situation face \u00e0 Yato (cercle gris). Il ne prend pas le faux trou (fl\u00e8che verte) et d\u00e9cide de se lancer vers l\u2019ext\u00e9rieur (fl\u00e8che rouge) pour faire parler sa vitesse (capture d\u2019\u00e9cran LNR).\"\/><\/p>\n<p>                \u00c0 l\u2019arr\u00eat, sur un ballon de r\u00e9cup\u00e9ration, Albornoz (cercle vert) analyse bien la situation face \u00e0 Yato (cercle gris). Il ne prend pas le faux trou (fl\u00e8che verte) et d\u00e9cide de se lancer vers l\u2019ext\u00e9rieur (fl\u00e8che rouge) pour faire parler sa vitesse (capture d\u2019\u00e9cran LNR).<\/p>\n<p>Il a alors fait parler sa pointe de vitesse pour griller la politesse au Fidjien. D\u2019un\u00a0crochet vers l\u2019ext\u00e9rieur, il a \u00e9galement laiss\u00e9 sa carte de visite\u00a0\u00e0 Forner. En contr\u00f4le en bout de ligne, Velarte n\u2019a pas \u00e9t\u00e9 en mesure de r\u00e9agir assez vite.<\/p>\n<p>        <img decoding=\"async\" class=\"std-img__img responsive-img\" src=\"https:\/\/www.europesays.com\/fr\/wp-content\/uploads\/2025\/12\/1767187398_176_image.png\" alt=\"Le choix d\u2019Albornoz est payant\u00a0: il \u00e9chappe \u00e0 Yato et Forner (cercle gris), Velarte (cercle jaune) ne peut se livrer face au surnombre. En l\u2019espace de quatre secondes, l\u2019Argentin a fait la diff\u00e9rence (capture d\u2019\u00e9cran LNR).\"\/><\/p>\n<p>                Le choix d\u2019Albornoz est payant\u00a0: il \u00e9chappe \u00e0 Yato et Forner (cercle gris), Velarte (cercle jaune) ne peut se livrer face au surnombre. En l\u2019espace de quatre secondes, l\u2019Argentin a fait la diff\u00e9rence (capture d\u2019\u00e9cran LNR).<\/p>\n<p>Ce sera finalement Duguivalu et Reus qui viendront arr\u00eater la relance de l\u2019Argentin. L\u2019int\u00e9ress\u00e9\u00a0a d\u2019ailleurs pr\u00e9f\u00e9r\u00e9 conserver plut\u00f4t que de transmettre le ballon \u00e0 Serin.<\/p>\n<p>        <img decoding=\"async\" class=\"std-img__img responsive-img\" src=\"https:\/\/www.europesays.com\/fr\/wp-content\/uploads\/2025\/12\/1767187400_441_image.png\" alt=\"Albornoz (cercle vert) est repris apr\u00e8s une course de 40 m\u00e8tres. Serin a suivi, mais l\u2019Argentin pr\u00e9f\u00e8re passer au sol (capture d\u2019\u00e9cran LNR).\"\/><\/p>\n<p>                Albornoz (cercle vert) est repris apr\u00e8s une course de 40 m\u00e8tres. Serin a suivi, mais l\u2019Argentin pr\u00e9f\u00e8re passer au sol (capture d\u2019\u00e9cran LNR).<\/p>\n<p>Quelques instants plus tard, apr\u00e8s des relais notamment d\u2019Abadie et de Vill\u00e8re, Albornoz, sous fatigue apr\u00e8s sa grosse acc\u00e9l\u00e9ration, a encore une fois pris l\u2019information comme il le fallait. Il a fait fi de l\u2019appel de Sinzelle, pour tenter une diagonale sur l\u2019aile de Dr\u00e9an (non visible sur la prise d\u2019\u00e9cran). Le geste du pied gauche est parfait, et l\u2019ailier breton, malgr\u00e9 des crampes, a \u00e9t\u00e9 le plus vif pour bonifier\u00a0l\u2019offrande. Poing lev\u00e9 vers le ciel, l\u2019ouvreur a \u00e9t\u00e9 salu\u00e9 imm\u00e9diatement par le trio Ludlam \u2013 Serin \u2013 Sinzelle. \u00ab\u00a0Il a \u00e9t\u00e9 \u00e9norme et son niveau va encore monter, a salu\u00e9 le premier nomm\u00e9 face \u00e0 la presse. C\u2019est fou s\u2019il peut jouer comme \u00e7a avec \u00e0 peine deux jours d\u2019entra\u00eenement avec nous.\u00a0\u00bb<\/p>\n<p>        <img decoding=\"async\" class=\"std-img__img responsive-img\" src=\"https:\/\/www.europesays.com\/fr\/wp-content\/uploads\/2025\/12\/1767187401_787_image.png\" alt=\"Servi dans l\u2019avanc\u00e9e, lors de la m\u00eame situation, Albornoz (cercle vert), sous fatigue, a tout vu avant de recevoir le ballon. Malgr\u00e9 l\u2019appel de Sinzelle (cercle jaune), il d\u00e9cide de faire confiance \u00e0 son pied gauche. Dr\u00e9an, pas sur l\u2019\u00e9cran mais qui sera dans le cercle bleu dans la seconde d\u2019apr\u00e8s, profite de la passe d\u00e9cisive (capture d\u2019\u00e9cran LNR).\"\/><\/p>\n<p>                Servi dans l\u2019avanc\u00e9e, lors de la m\u00eame situation, Albornoz (cercle vert), sous fatigue, a tout vu avant de recevoir le ballon. Malgr\u00e9 l\u2019appel de Sinzelle (cercle jaune), il d\u00e9cide de faire confiance \u00e0 son pied gauche. Dr\u00e9an, pas sur l\u2019\u00e9cran mais qui sera dans le cercle bleu dans la seconde d\u2019apr\u00e8s, profite de la passe d\u00e9cisive (capture d\u2019\u00e9cran LNR).<\/p>\n<p>Sur le renvoi, Serin, en pr\u00e9paration de sa sortie de camp, s\u2019est ravis\u00e9 \u00e0 la suite\u00a0d\u2019un appel de Sinzelle. Le centre lui a demand\u00e9 de jouer \u00e0\u00a0l'\u00a0\u00bbext\u00e9\u00a0\u00bb. Servi en premier attaquant, l\u2019ex-Rochelais\u00a0a fix\u00e9 et transmis dans son dos pour Albornoz.<\/p>\n<p>        <img decoding=\"async\" class=\"std-img__img responsive-img\" src=\"https:\/\/www.europesays.com\/fr\/wp-content\/uploads\/2025\/12\/1767187402_461_image.png\" alt=\"Au fil des minutes, Albornoz (cercle vert) s\u2019est connect\u00e9 avec ses partenaires comme Sinzelle (cercle jaune). L\u00e0 encore, il fera le bon choix (fl\u00e8che verte) en attaquant la zone de Diaby (capture d\u2019\u00e9cran LNR).\"\/><\/p>\n<p>                Au fil des minutes, Albornoz (cercle vert) s\u2019est connect\u00e9 avec ses partenaires comme Sinzelle (cercle jaune). L\u00e0 encore, il fera le bon choix (fl\u00e8che verte) en attaquant la zone de Diaby (capture d\u2019\u00e9cran LNR).<\/p>\n<p>L\u00e0 encore, le Puma a fait le bon choix en utilisant les appels autour de lui pour jouer sa carte personnelle. Cette fois, l\u2019action n\u2019ira pas au bout. Apr\u00e8s un relais de Fert\u00e9, Jonathan Dufort s\u2019est mis, d\u2019une mani\u00e8re involontaire, sur une ligne de passe entre Serin et Garbisi. Ce sera la derni\u00e8re s\u00e9quence de l\u2019Argentin. Il\u00a0finira\u00a0la partie avec de sacr\u00e9es statistiques pour un peu plus de 20 minutes de jeu\u00a0: deux d\u00e9fenseurs battus, deux franchissements, et 51 m\u00e8tres parcourus.<\/p>\n<p>Senatore\u00a0: \u00ab\u00a0Il est capable de d\u00e9truire les meilleures d\u00e9fenses du monde\u00a0\u00bb<\/p>\n<p>Ces deux s\u00e9quences en fin de partie, et malgr\u00e9 le fait que le renfort soit \u00e0 court de ryhme, ont montr\u00e9 de belles promesses pour le futur. \u00ab\u00a0Ce n\u2019est que le d\u00e9but, a salu\u00e9 l\u2019ex-troisi\u00e8me ligne de Toulon Leonardo Senatore.\u00a0Tom\u00e1s est un joueur extraordinaire, un grand chef d\u2019orchestre, qui conna\u00eet bien le rugby. Il est capable de d\u00e9truire toutes les meilleures d\u00e9fenses du monde. En plus, c\u2019est un guerrier en d\u00e9fense. C\u2019est un guerrier comme les Toulonnais les aiment. Il y a quelques mois, on avait discut\u00e9 de cette possibilit\u00e9 pour lui de rejoindre le RCT. Il \u00e9tait d\u00e9j\u00e0 excit\u00e9.\u00a0Je lui ai dit que c\u2019\u00e9tait le meilleur endroit du monde pour jouer au rugby. Je sais qu\u2019il appr\u00e9ciera sa vie l\u00e0-bas, et que les Toulonnais vont se r\u00e9galer de le voir jouer. Il va \u00e9lectriser les supporters. Pour dire la v\u00e9rit\u00e9, je sais qu\u2019il a la possibilit\u00e9 d\u2019\u00eatre le digne successeur de Jonny (Wilkinson, NDLR). Pour moi, il joue dans la m\u00eame cat\u00e9gorie que les meilleurs ouvreurs du monde. Je suis certain d\u2019une chose\u00a0: les supporters vont rapidement voir son impact.\u00a0\u00bb<\/p>\n<p>\u00ab\u00a0Leo\u00a0\u00bb estime le joueur assez m\u00fbr, \u00e0 28 ans, pour saisir \u00ab\u00a0la chance de sa vie\u00a0\u00bb. \u00ab\u00a0Vous savez, pour nous, les Argentins, il est difficile d\u2019aller jouer en Europe quand nous ne sommes pas install\u00e9s avec les Pumas. Il a longtemps \u00e9volu\u00e9 dans l\u2019ombre de Nico (Sanchez). Il n\u2019a jamais eu sa chance.\u00a0Pour lui, c\u2019est l\u2019heure de montrer son talent avec les meilleurs. Il a un talent fou et rare. C\u2019est simple, il sait tout faire en d\u00e9fense, en attaque, et avec son pied gauche.\u00a0\u00bb<\/p>\n<p>Au d\u00e9triment de sa performance, Albornoz n\u2019a, en revanche, pas connu de r\u00e9ussite sur deux transformations tent\u00e9es.\u00a0Sa premi\u00e8re sortie demeure tout de m\u00eame, dans l\u2019esprit des observateurs, tr\u00e8s positive. \u00ab\u00a0Il a une certaine exp\u00e9rience, mais pas celle du Top 14, a calm\u00e9 Mignoni. Certes, c\u2019est un joueur de classe mondiale, mais il a rejoint un championnat difficile. Il doit encore se fondre dans l\u2019\u00e9quipe. Maintenant, bien \u00e9videmment, il redessine la hi\u00e9rarchie \u00e0 ce poste. Personne n\u2019est install\u00e9, et cela offre de la concurrence\u00a0saine \u00e0 Paolo (Garbisi) et Mateo (Garcia). C\u2019est tr\u00e8s bien de l\u2019avoir ici d\u00e8s maintenant.\u00a0\u00bb<\/p>\n<p>    L\u2019improbable surnom de Tom\u00e1s Albornoz<\/p>\n<p>En Am\u00e9rique du Sud, les athl\u00e8tes ont tr\u00e8s souvent des surnoms. Pour le nouvel ouvreur de Toulon, la presse argentine lui a offert le pseudonyme \u00ab\u00a0El Cepillo\u00a0\u00bb, soit\u2026 la brosse \u00e0 cheveux\u00a0! En se marrant, Leonardo Senatore est revenu sur la naissance de ce surnom\u00a0: \u00ab\u00a0Vous allez vite le voir, mais il a toujours la m\u00eame coupe de cheveux. C\u2019est assez parfait, et du coup, il est surnomm\u00e9 comme \u00e7a par ses partenaires et les m\u00e9dias.\u00a0\u00bb<\/p>\n","protected":false},"excerpt":{"rendered":"Avec un entra\u00eenement collectif avec ses partenaires, le demi d\u2019ouverture a offert une premi\u00e8re convaincante, pour sa premi\u00e8re&hellip;\n","protected":false},"author":2,"featured_media":632165,"comment_status":"","ping_status":"","sticky":false,"template":"","format":"standard","meta":{"footnotes":""},"categories":[9619],"tags":[1111,11,1777,674,1011,27,12,882,25,6233,2310],"class_list":{"0":"post-632164","1":"post","2":"type-post","3":"status-publish","4":"format-standard","5":"has-post-thumbnail","7":"category-toulon","8":"tag-actu","9":"tag-actualites","10":"tag-eu","11":"tag-europe","12":"tag-fr","13":"tag-france","14":"tag-news","15":"tag-provence-alpes-cote-dazur","16":"tag-republique-francaise","17":"tag-technique","18":"tag-toulon"},"share_on_mastodon":{"url":"https:\/\/pubeurope.com\/@fr\/115814400554454737","error":""},"_links":{"self":[{"href":"https:\/\/www.europesays.com\/fr\/wp-json\/wp\/v2\/posts\/632164","targetHints":{"allow":["GET"]}}],"collection":[{"href":"https:\/\/www.europesays.com\/fr\/wp-json\/wp\/v2\/posts"}],"about":[{"href":"https:\/\/www.europesays.com\/fr\/wp-json\/wp\/v2\/types\/post"}],"author":[{"embeddable":true,"href":"https:\/\/www.europesays.com\/fr\/wp-json\/wp\/v2\/users\/2"}],"replies":[{"embeddable":true,"href":"https:\/\/www.europesays.com\/fr\/wp-json\/wp\/v2\/comments?post=632164"}],"version-history":[{"count":0,"href":"https:\/\/www.europesays.com\/fr\/wp-json\/wp\/v2\/posts\/632164\/revisions"}],"wp:featuredmedia":[{"embeddable":true,"href":"https:\/\/www.europesays.com\/fr\/wp-json\/wp\/v2\/media\/632165"}],"wp:attachment":[{"href":"https:\/\/www.europesays.com\/fr\/wp-json\/wp\/v2\/media?parent=632164"}],"wp:term":[{"taxonomy":"category","embeddable":true,"href":"https:\/\/www.europesays.com\/fr\/wp-json\/wp\/v2\/categories?post=632164"},{"taxonomy":"post_tag","embeddable":true,"href":"https:\/\/www.europesays.com\/fr\/wp-json\/wp\/v2\/tags?post=632164"}],"curies":[{"name":"wp","href":"https:\/\/api.w.org\/{rel}","templated":true}]}}