{"id":632168,"date":"2025-12-31T13:25:15","date_gmt":"2025-12-31T13:25:15","guid":{"rendered":"https:\/\/www.europesays.com\/fr\/632168\/"},"modified":"2025-12-31T13:25:15","modified_gmt":"2025-12-31T13:25:15","slug":"un-interne-en-pharmacie-de-27-ans-se-suicide-au-chu-de-montpellier","status":"publish","type":"post","link":"https:\/\/www.europesays.com\/fr\/632168\/","title":{"rendered":"Un interne en pharmacie de 27\u00a0ans se suicide au CHU de Montpellier"},"content":{"rendered":"<p class=\"paragraph text_align_left lp-f-body-02\">Un <a href=\"https:\/\/www.leparisien.fr\/loiret-45\/depression-idees-suicidaires-a-orleans-une-etude-inedite-pour-suivre-la-sante-mentale-des-etudiants-en-medecine-04-12-2025-HCGNTOPDGZG4TMHJB3UWIMHBFI.php\" target=\"_blank\" rel=\"noreferrer noopener\">interne au CHU de Montpellier<\/a> (H\u00e9rault) s\u2019est donn\u00e9 la mort sur son lieu de travail lundi, a-t-on appris mercredi d\u2019une source proche du dossier, confirmant une information du journal local <a href=\"https:\/\/www.midilibre.fr\/2025\/12\/30\/deces-dun-jeune-interne-en-pharmacie-au-chu-de-montpellier-letablissement-exprime-son-emotion-une-enquete-ouverte-13136803.php\" target=\"_blank\" rel=\"noreferrer noopener\">Midi Libre<\/a>.<\/p>\n<p class=\"\">\u00ab Il s\u2019agit a priori d\u2019un suicide par absorption m\u00e9dicamenteuse \u00bb, explique cette source, pr\u00e9cisant que le jeune homme, de nationalit\u00e9 alg\u00e9rienne, \u00e9tait \u00e2g\u00e9 de 27 ans.<\/p>\n<p class=\"\">\u00ab Le CHU de Montpellier a l\u2019immense tristesse d\u2019annoncer le d\u00e9c\u00e8s brutal d\u2019un interne en pharmacie le lundi 29 d\u00e9cembre \u00bb, annonce l\u2019\u00e9tablissement de son c\u00f4t\u00e9 dans un communiqu\u00e9 mercredi, sans donner de pr\u00e9cision sur les causes et les circonstances du d\u00e9c\u00e8s.<\/p>\n<p>Une enqu\u00eate en cours<\/p>\n<p class=\"\">Le CHU pr\u00e9cise qu\u2019un dispositif de soutien psychologique a \u00e9t\u00e9 mis en place et qu\u2019une \u00ab enqu\u00eate est en cours \u00bb.<\/p>\n<p class=\"lp-card-podcast-highlighting__title  lp-f-subtitle-05\">[2\/2] Vengeance et colis pi\u00e9g\u00e9\u00a0: le myst\u00e9rieux attentat de La\u00a0Baule<\/p>\n<p><a class=\"lp-card-podcast-highlighting__call-to-action\" data-page-type=\"HP\" data-block-name=\"podcast-highlight\">\u00c9couter<\/a><\/p>\n<p class=\"\">En avril, 19 personnes \u2014 des soignants et des veufs ou veuves \u2014 <a href=\"https:\/\/www.leparisien.fr\/politique\/harcelement-moral-et-suicides-a-lhopital-vautrin-neuder-et-borne-vises-par-une-plainte-devant-la-cour-de-justice-de-la-republique-14-04-2025-JLTZQOQYMZG6HJFHI2K4DKR5HM.php\" target=\"_self\" rel=\"noopener\">avaient d\u00e9pos\u00e9 plainte pour harc\u00e8lement moral et homicide involontaire<\/a> contre les ministres de la Sant\u00e9 et de l\u2019Enseignement sup\u00e9rieur pour d\u00e9noncer des suicides de soignants de l\u2019h\u00f4pital public, dans un contexte de d\u00e9gradation des conditions de travail. Elle a \u00e9t\u00e9 class\u00e9e sans suite en juin.<\/p>\n","protected":false},"excerpt":{"rendered":"Un interne au CHU de Montpellier (H\u00e9rault) s\u2019est donn\u00e9 la mort sur son lieu de travail lundi, a-t-on&hellip;\n","protected":false},"author":2,"featured_media":632169,"comment_status":"","ping_status":"","sticky":false,"template":"","format":"standard","meta":{"footnotes":""},"categories":[9599],"tags":[1111,11,1777,674,118,1011,27,2208,12,2680,25],"class_list":{"0":"post-632168","1":"post","2":"type-post","3":"status-publish","4":"format-standard","5":"has-post-thumbnail","7":"category-montpellier","8":"tag-actu","9":"tag-actualites","10":"tag-eu","11":"tag-europe","12":"tag-faits-divers","13":"tag-fr","14":"tag-france","15":"tag-montpellier","16":"tag-news","17":"tag-occitanie","18":"tag-republique-francaise"},"share_on_mastodon":{"url":"https:\/\/pubeurope.com\/@fr\/115814408048270154","error":""},"_links":{"self":[{"href":"https:\/\/www.europesays.com\/fr\/wp-json\/wp\/v2\/posts\/632168","targetHints":{"allow":["GET"]}}],"collection":[{"href":"https:\/\/www.europesays.com\/fr\/wp-json\/wp\/v2\/posts"}],"about":[{"href":"https:\/\/www.europesays.com\/fr\/wp-json\/wp\/v2\/types\/post"}],"author":[{"embeddable":true,"href":"https:\/\/www.europesays.com\/fr\/wp-json\/wp\/v2\/users\/2"}],"replies":[{"embeddable":true,"href":"https:\/\/www.europesays.com\/fr\/wp-json\/wp\/v2\/comments?post=632168"}],"version-history":[{"count":0,"href":"https:\/\/www.europesays.com\/fr\/wp-json\/wp\/v2\/posts\/632168\/revisions"}],"wp:featuredmedia":[{"embeddable":true,"href":"https:\/\/www.europesays.com\/fr\/wp-json\/wp\/v2\/media\/632169"}],"wp:attachment":[{"href":"https:\/\/www.europesays.com\/fr\/wp-json\/wp\/v2\/media?parent=632168"}],"wp:term":[{"taxonomy":"category","embeddable":true,"href":"https:\/\/www.europesays.com\/fr\/wp-json\/wp\/v2\/categories?post=632168"},{"taxonomy":"post_tag","embeddable":true,"href":"https:\/\/www.europesays.com\/fr\/wp-json\/wp\/v2\/tags?post=632168"}],"curies":[{"name":"wp","href":"https:\/\/api.w.org\/{rel}","templated":true}]}}