{"id":632170,"date":"2025-12-31T13:27:11","date_gmt":"2025-12-31T13:27:11","guid":{"rendered":"https:\/\/www.europesays.com\/fr\/632170\/"},"modified":"2025-12-31T13:27:11","modified_gmt":"2025-12-31T13:27:11","slug":"black-bomb-a-annonce-un-concert-a-rouen-avec-primal-age-et-stabwound","status":"publish","type":"post","link":"https:\/\/www.europesays.com\/fr\/632170\/","title":{"rendered":"Black Bomb A annonce un concert \u00e0 Rouen avec Primal Age et Stabwound"},"content":{"rendered":"<p><strong>Le 7 f\u00e9vrier 2026, <a href=\"https:\/\/www.metalzone.fr\/black-bomb-a\/\" target=\"_blank\" rel=\"noopener\">Black Bomb A<\/a> sera en concert \u00e0 Rouen, accompagn\u00e9 de Primal Age et Stabwound, pour une soir\u00e9e plac\u00e9e sous le signe du metal hardcore.<\/strong><\/p>\n<p>Rendez-vous au Fury D\u00e9fendu<\/p>\n<p>Le concert se d\u00e9roulera au Fury D\u00e9fendu (2 quai Pierre Corneille), avec une ouverture des portes \u00e0 19h et un d\u00e9but de show \u00e0 20h. Les places sont propos\u00e9es entre 23,5 et 29,5 euros. Toutes les infos sont disponibles sur <a href=\"https:\/\/www.facebook.com\/events\/4306081852964391\" target=\"_blank\" rel=\"noopener\">l\u2019\u00e9v\u00e8nement Facebook<\/a>.<\/p>\n<p>Ce passage \u00e0 Rouen s\u2019inscrit dans la tourn\u00e9e li\u00e9e \u00e0 Unbuild The World, sorti en 2024 pour c\u00e9l\u00e9brer les 30 ans du groupe. Avec des morceaux tranchants et une pr\u00e9sence sc\u00e9nique toujours aussi intense, Black Bomb A reste une figure incontournable du <a href=\"https:\/\/www.metalzone.fr\/scene-francaise\/\" target=\"_blank\" rel=\"noopener\">metal fran\u00e7ais<\/a>.<\/p>\n","protected":false},"excerpt":{"rendered":"Le 7 f\u00e9vrier 2026, Black Bomb A sera en concert \u00e0 Rouen, accompagn\u00e9 de Primal Age et Stabwound,&hellip;\n","protected":false},"author":2,"featured_media":632171,"comment_status":"","ping_status":"","sticky":false,"template":"","format":"standard","meta":{"footnotes":""},"categories":[9587],"tags":[1111,11,1777,674,1011,27,12,5161,25,9590],"class_list":{"0":"post-632170","1":"post","2":"type-post","3":"status-publish","4":"format-standard","5":"has-post-thumbnail","7":"category-rouen","8":"tag-actu","9":"tag-actualites","10":"tag-eu","11":"tag-europe","12":"tag-fr","13":"tag-france","14":"tag-news","15":"tag-normandie","16":"tag-republique-francaise","17":"tag-rouen"},"share_on_mastodon":{"url":"https:\/\/pubeurope.com\/@fr\/115814416032701423","error":""},"_links":{"self":[{"href":"https:\/\/www.europesays.com\/fr\/wp-json\/wp\/v2\/posts\/632170","targetHints":{"allow":["GET"]}}],"collection":[{"href":"https:\/\/www.europesays.com\/fr\/wp-json\/wp\/v2\/posts"}],"about":[{"href":"https:\/\/www.europesays.com\/fr\/wp-json\/wp\/v2\/types\/post"}],"author":[{"embeddable":true,"href":"https:\/\/www.europesays.com\/fr\/wp-json\/wp\/v2\/users\/2"}],"replies":[{"embeddable":true,"href":"https:\/\/www.europesays.com\/fr\/wp-json\/wp\/v2\/comments?post=632170"}],"version-history":[{"count":0,"href":"https:\/\/www.europesays.com\/fr\/wp-json\/wp\/v2\/posts\/632170\/revisions"}],"wp:featuredmedia":[{"embeddable":true,"href":"https:\/\/www.europesays.com\/fr\/wp-json\/wp\/v2\/media\/632171"}],"wp:attachment":[{"href":"https:\/\/www.europesays.com\/fr\/wp-json\/wp\/v2\/media?parent=632170"}],"wp:term":[{"taxonomy":"category","embeddable":true,"href":"https:\/\/www.europesays.com\/fr\/wp-json\/wp\/v2\/categories?post=632170"},{"taxonomy":"post_tag","embeddable":true,"href":"https:\/\/www.europesays.com\/fr\/wp-json\/wp\/v2\/tags?post=632170"}],"curies":[{"name":"wp","href":"https:\/\/api.w.org\/{rel}","templated":true}]}}