{"id":632172,"date":"2025-12-31T13:28:11","date_gmt":"2025-12-31T13:28:11","guid":{"rendered":"https:\/\/www.europesays.com\/fr\/632172\/"},"modified":"2025-12-31T13:28:11","modified_gmt":"2025-12-31T13:28:11","slug":"grenoble-le-nouvel-espace-de-glisse-du-quartier-bouchayer-viallet-portera-le-nom-de-la-grenobloise-delphine-ulmann","status":"publish","type":"post","link":"https:\/\/www.europesays.com\/fr\/632172\/","title":{"rendered":"Grenoble. Le nouvel espace de glisse du quartier\u00a0Bouchayer-Viallet portera le nom de la Grenobloise Delphine Ulmann"},"content":{"rendered":"<p>Inaugur\u00e9 au d\u00e9but du mois de novembre, le <a href=\"https:\/\/www.ledauphine.com\/culture-loisirs\/2025\/11\/10\/street-plaza-le-nouvel-espace-de-glisse-urbaine-de-900-m-sup-2-sup\" target=\"_blank\" rel=\"noopener\">nouvel espace de glisse urbaine<\/a> , situ\u00e9 \u00e0 proximit\u00e9 de La Belle \u00c9lectrique, vient d\u2019\u00eatre baptis\u00e9 \u00e0 l\u2019issue d\u2019une proc\u00e9dure de consultation publique lanc\u00e9e aupr\u00e8s des habitants entre le 8\u00a0novembre et le 22\u00a0d\u00e9cembre dernier.\u00a0Selon la volont\u00e9 des votants, l\u2019espace portera le nom de Delphine Ulmann, en hommage \u00e0 \u201ccette skateuse grenobloise passionn\u00e9e et ayant \u0153uvr\u00e9 pour le d\u00e9veloppement de la pratique sur notre territoire\u201d, d\u00e9taille la Ville dans un communiqu\u00e9.<\/p>\n<p>  Trois grandes femmes du skate en lice<\/p>\n<p>N\u00e9e en 1981, elle avait d\u00e9marr\u00e9 la glisse d\u00e8s son plus jeune \u00e2ge dans la r\u00e9gion grenobloise. \u201cPratiquant le snowboard en comp\u00e9tition, Delphine Ulmann se passionne \u00e9galement pour le skate. Apr\u00e8s \u00eatre tomb\u00e9e malade en 2016, la glisse est son exutoire\u00a0: membre active de l\u2019association Alpine Skate Culture, elle pratique le snow ou le skate tous les jours et arpente les diff\u00e9rents skateparks de la r\u00e9gion grenobloise dont celui de La Bifurk, des 2 Alpes et de Chamrousse qu\u2019elle a contribu\u00e9 \u00e0 cr\u00e9er. D\u00e9c\u00e9d\u00e9e en 2021, son absence a laiss\u00e9 un grand vide dans la communaut\u00e9 skate locale\u201d, \u00e9crit la municipalit\u00e9.<\/p>\n<p>La Grenobloise devance au vote les deux autres noms qui avaient \u00e9t\u00e9 propos\u00e9s lors de la consultation\u00a0: Ellen O\u2019Neal, pionni\u00e8re du skateboard dans les ann\u00e9es 70 et figure de proue du skate f\u00e9minin surnomm\u00e9e \u00ab\u00a0la marraine du skateboard\u00a0\u00bb, et Patti Mc Gee, une autre pionni\u00e8re du skateboard qui fut la premi\u00e8re skateuse professionnelle et \u00e9tablit, en 1964, un record de vitesse de 47 miles par heure (\u00e9quivalent 76\u00a0km\/h). Un trio enti\u00e8rement f\u00e9minin car, constatant que 90\u00a0% des noms des rues ou des espaces publics sont masculins \u00e0 Grenoble, la Ville a choisi de donner d\u00e9sormais des noms de femmes \u00e0 tous ses nouveaux \u00e9quipements publics.<\/p>\n<p>  900m2 pour tous les niveaux<\/p>\n<p>Ce nouvel espace de glisse est d\u00e9sormais <a href=\"https:\/\/www.ledauphine.com\/societe\/2025\/03\/15\/isere-grenoble-un-nouvel-espace-de-glisse-urbaine-va-voir-le-jour-vers-la-belle-electrique\" target=\"_blank\" rel=\"noopener\">le plus grand disponible \u00e0 Grenoble<\/a> avec pr\u00e8s de 900m2 s\u00e9curis\u00e9s d\u00e9di\u00e9s aux amateurs et amatrices de glisse pour s\u2019adonner \u00e0 leur sport, \u201c\u00e0 l\u2019\u00e9cart de la circulation et des risques du milieu urbain\u201d, rappelle la Ville qui pr\u00e9cise que \u201ccet espace est ouvert \u00e0 tous et se veut un point de rencontre pour les pratiquants de tous les niveaux\u201d.<\/p>\n<p>R\u00e9alis\u00e9 par la Ville et Innovia, le projet \u2013 qui aura co\u00fbt\u00e9 pr\u00e8s de 450\u00a0000\u00a0\u20ac HT &#8211; a \u00e9t\u00e9 r\u00e9fl\u00e9chi depuis plusieurs ann\u00e9es avec les acteurs de la glisse urbaine, notamment l\u2019association Alpine skate culture. Con\u00e7u par InOut Concept, \u201cil s\u2019inspire largement des am\u00e9nagements urbains traditionnels, tels que des jardini\u00e8res, escaliers et main courante, rampes et bancs. Contrairement aux skateparks traditionnels, ax\u00e9s sur des rampes et des creux, le street plaza\u00a0utilise des modules qui peuvent donner l\u2019impression d\u2019\u00eatre sur une place publique. Les mat\u00e9riaux utilis\u00e9s sont le granit, le b\u00e9ton, l\u2019acier corten et l\u2019acier thermolaqu\u00e9\u201d, pr\u00e9cise la Ville. De nombreux arbres et arbustes ont \u00e9t\u00e9 plant\u00e9s en cette fin d\u2019ann\u00e9e et proposeront bient\u00f4t de l\u2019ombrage.<\/p>\n<p>La Ville rappelle enfin que ce nouvel espace compl\u00e8te les autres sites de skateboard\u00a0: modules de skate sur l\u2019anneau de vitesse et sur l\u2019Esplanade, zone de street au square Silvestri (pr\u00e8s de la Caserne de Bonne), bowl \u00e0 la Bifurk, skatepark des Sablons\u2026<\/p>\n","protected":false},"excerpt":{"rendered":"Inaugur\u00e9 au d\u00e9but du mois de novembre, le nouvel espace de glisse urbaine , situ\u00e9 \u00e0 proximit\u00e9 de&hellip;\n","protected":false},"author":2,"featured_media":632173,"comment_status":"","ping_status":"","sticky":false,"template":"","format":"standard","meta":{"footnotes":""},"categories":[9566],"tags":[1111,11,2430,1687,112,1777,674,1011,27,2731,2732,108,12,25,517],"class_list":{"0":"post-632172","1":"post","2":"type-post","3":"status-publish","4":"format-standard","5":"has-post-thumbnail","7":"category-grenoble","8":"tag-actu","9":"tag-actualites","10":"tag-auvergne-rhone-alpes","11":"tag-culture-loisirs","12":"tag-edition-grenoble-agglomeration","13":"tag-eu","14":"tag-europe","15":"tag-fr","16":"tag-france","17":"tag-grenoble","18":"tag-grenoble-bassin","19":"tag-isere","20":"tag-news","21":"tag-republique-francaise","22":"tag-sport"},"share_on_mastodon":{"url":"https:\/\/pubeurope.com\/@fr\/115814419911583056","error":""},"_links":{"self":[{"href":"https:\/\/www.europesays.com\/fr\/wp-json\/wp\/v2\/posts\/632172","targetHints":{"allow":["GET"]}}],"collection":[{"href":"https:\/\/www.europesays.com\/fr\/wp-json\/wp\/v2\/posts"}],"about":[{"href":"https:\/\/www.europesays.com\/fr\/wp-json\/wp\/v2\/types\/post"}],"author":[{"embeddable":true,"href":"https:\/\/www.europesays.com\/fr\/wp-json\/wp\/v2\/users\/2"}],"replies":[{"embeddable":true,"href":"https:\/\/www.europesays.com\/fr\/wp-json\/wp\/v2\/comments?post=632172"}],"version-history":[{"count":0,"href":"https:\/\/www.europesays.com\/fr\/wp-json\/wp\/v2\/posts\/632172\/revisions"}],"wp:featuredmedia":[{"embeddable":true,"href":"https:\/\/www.europesays.com\/fr\/wp-json\/wp\/v2\/media\/632173"}],"wp:attachment":[{"href":"https:\/\/www.europesays.com\/fr\/wp-json\/wp\/v2\/media?parent=632172"}],"wp:term":[{"taxonomy":"category","embeddable":true,"href":"https:\/\/www.europesays.com\/fr\/wp-json\/wp\/v2\/categories?post=632172"},{"taxonomy":"post_tag","embeddable":true,"href":"https:\/\/www.europesays.com\/fr\/wp-json\/wp\/v2\/tags?post=632172"}],"curies":[{"name":"wp","href":"https:\/\/api.w.org\/{rel}","templated":true}]}}