{"id":632188,"date":"2025-12-31T13:37:20","date_gmt":"2025-12-31T13:37:20","guid":{"rendered":"https:\/\/www.europesays.com\/fr\/632188\/"},"modified":"2025-12-31T13:37:20","modified_gmt":"2025-12-31T13:37:20","slug":"marc-bollengier-au-sifflet-lors-de-la-reception-de-nantes","status":"publish","type":"post","link":"https:\/\/www.europesays.com\/fr\/632188\/","title":{"rendered":"Marc Bollengier au sifflet lors de la r\u00e9ception de Nantes"},"content":{"rendered":"<p>\u00c0 peine les f\u00eates de fin d&rsquo;ann\u00e9e termin\u00e9es que la Ligue 1 fait d\u00e9j\u00e0 son retour. Si Toulouse et Lens ouvriront le bal de cette 17e journ\u00e9e, la derni\u00e8re de la phase aller, ce vendredi 2 janvier (20h45), <a href=\"https:\/\/www.laprovence.com\/article\/om\/43308060260303\/votre-equipe-de-lom-au-21e-siecle-greenwood-plebiscite-envers-et-contre-tout\" target=\"_blank\" rel=\"noopener\">l&rsquo;OM<\/a> retrouvera le championnat dimanche apr\u00e8s-midi (15h) contre Nantes au V\u00e9lodrome.<\/p>\n<p>La rencontre sera dirig\u00e9e par Marc Bollengier. L&rsquo;officiel de 34 ans a d\u00e9j\u00e0 crois\u00e9 la route du club olympien \u00e0 trois reprises depuis le d\u00e9but de sa carri\u00e8re, \u00e0 chaque fois dans l&rsquo;enceinte du boulevard Michelet : en 2023-24 (match nul contre Strasbourg 1-1), en 2024-25 (d\u00e9faite face \u00e0 Auxerre 1-3) et <a href=\"https:\/\/www.laprovence.com\/article\/om\/3260032258606914\/om-paris-fc-5-2-apres-une-semaine-daffaire-rabiot-les-olympiens-ont-enfin-retrouve-leurs-esprits\" target=\"_blank\" rel=\"noopener\">cette saison (victoire contre le Paris FC 5-2)<\/a>.<\/p>\n<p>Il sera assist\u00e9 par Thomas Luczinsky et Yannick Boutry tandis qu&rsquo;Eddy Rosier sera le quatri\u00e8me arbitre. Alexandre Castro sera en charge de l&rsquo;assistance vid\u00e9o.<\/p>\n","protected":false},"excerpt":{"rendered":"\u00c0 peine les f\u00eates de fin d&rsquo;ann\u00e9e termin\u00e9es que la Ligue 1 fait d\u00e9j\u00e0 son retour. Si Toulouse&hellip;\n","protected":false},"author":2,"featured_media":632189,"comment_status":"","ping_status":"","sticky":false,"template":"","format":"standard","meta":{"footnotes":""},"categories":[2818],"tags":[17,1111,11,74057,1777,674,1011,27,7826,13393,766,12,149,2636,12088,25,21020],"class_list":{"0":"post-632188","1":"post","2":"type-post","3":"status-publish","4":"format-standard","5":"has-post-thumbnail","7":"category-nantes","8":"tag-17","9":"tag-actu","10":"tag-actualites","11":"tag-bollengier","12":"tag-eu","13":"tag-europe","14":"tag-fr","15":"tag-france","16":"tag-lors","17":"tag-marc","18":"tag-nantes","19":"tag-news","20":"tag-om","21":"tag-pays-de-la-loire","22":"tag-reception","23":"tag-republique-francaise","24":"tag-sifflet"},"share_on_mastodon":{"url":"https:\/\/pubeurope.com\/@fr\/115814455804919553","error":""},"_links":{"self":[{"href":"https:\/\/www.europesays.com\/fr\/wp-json\/wp\/v2\/posts\/632188","targetHints":{"allow":["GET"]}}],"collection":[{"href":"https:\/\/www.europesays.com\/fr\/wp-json\/wp\/v2\/posts"}],"about":[{"href":"https:\/\/www.europesays.com\/fr\/wp-json\/wp\/v2\/types\/post"}],"author":[{"embeddable":true,"href":"https:\/\/www.europesays.com\/fr\/wp-json\/wp\/v2\/users\/2"}],"replies":[{"embeddable":true,"href":"https:\/\/www.europesays.com\/fr\/wp-json\/wp\/v2\/comments?post=632188"}],"version-history":[{"count":0,"href":"https:\/\/www.europesays.com\/fr\/wp-json\/wp\/v2\/posts\/632188\/revisions"}],"wp:featuredmedia":[{"embeddable":true,"href":"https:\/\/www.europesays.com\/fr\/wp-json\/wp\/v2\/media\/632189"}],"wp:attachment":[{"href":"https:\/\/www.europesays.com\/fr\/wp-json\/wp\/v2\/media?parent=632188"}],"wp:term":[{"taxonomy":"category","embeddable":true,"href":"https:\/\/www.europesays.com\/fr\/wp-json\/wp\/v2\/categories?post=632188"},{"taxonomy":"post_tag","embeddable":true,"href":"https:\/\/www.europesays.com\/fr\/wp-json\/wp\/v2\/tags?post=632188"}],"curies":[{"name":"wp","href":"https:\/\/api.w.org\/{rel}","templated":true}]}}