{"id":632196,"date":"2025-12-31T13:41:13","date_gmt":"2025-12-31T13:41:13","guid":{"rendered":"https:\/\/www.europesays.com\/fr\/632196\/"},"modified":"2025-12-31T13:41:13","modified_gmt":"2025-12-31T13:41:13","slug":"ce-qui-vous-attend-pour-debuter-2026","status":"publish","type":"post","link":"https:\/\/www.europesays.com\/fr\/632196\/","title":{"rendered":"ce qui vous attend pour d\u00e9buter 2026"},"content":{"rendered":"<p>                    Par<br \/>\n        <strong><br \/>\n            <a href=\"https:\/\/actu.fr\/auteur\/marie-lamarque\" title=\"Consulter tous les articles de Marie Lamarque\" target=\"_blank\" rel=\"noopener\">Marie Lamarque<\/a><br \/>\n                    <\/strong><\/p>\n<p>        Publi\u00e9 le<\/p>\n<p>            31 d\u00e9c. 2025 \u00e0 13h05        <\/p>\n<p>Adieu 2025. Bonjour 2026 ! Place \u00e0 une nouvelle ann\u00e9e dont <strong>les premiers jours seront marqu\u00e9s par le froid <\/strong><a href=\"https:\/\/actu.fr\/toulouse\/\" target=\"_blank\" rel=\"noopener\">\u00e0 Toulouse<\/a>, avec des temp\u00e9ratures en dessous des normales de saison, souligne M\u00e9t\u00e9o-France.<\/p>\n<p class=\" wall-content\">Le temps sera sec, et donc<strong> peu favorable pour observer des chutes de neige<\/strong>, sauf dans les Pyr\u00e9n\u00e9es, du c\u00f4t\u00e9 de <strong>Luchon<\/strong>. Le point sur les pr\u00e9visions pour les premiers jours de 2026, \u00e0 partir de ce jeudi 1er janvier.<\/p>\n<p>Entre -2 et -4\u00b0C le matin<\/p>\n<p class=\" wall-content\">A l\u2019instar de ce que l\u2019on a pu observer dans le ciel toulousain et haut-garonnais ces derniers jours, \u00ab\u00a0le temps sera calme et sec\u00a0\u00bb, d\u00e9crit <strong>Louis Soulard-Fischer<\/strong>, pr\u00e9visionniste chez M\u00e9t\u00e9o-France, contact\u00e9 par Actu Toulouse. Cons\u00e9quence d\u2019un \u00ab\u00a0anticyclone au nord de l\u2019Europe qui am\u00e8ne <strong>un air froid et de la brume<\/strong>\u00ab\u00a0.\u00a0<\/p>\n<p class=\" wall-content\">Il faudra veiller \u00e0 bien se couvrir dans la capitale occitane. <strong>Les matin\u00e9es s\u2019annoncent fra\u00eeches<\/strong>, avec <strong>des temp\u00e9ratures entre -2 et -4\u00b0C attendues en plaine toulousaine<\/strong>. Des minimales qui vont se maintenir au moins jusqu\u2019au premier week-end de janvier.<\/p>\n<p>    <img   decoding=\"async\" loading=\"lazy\" src=\"https:\/\/www.europesays.com\/fr\/wp-content\/uploads\/2025\/12\/meteo-toulouse-neige-previsions-2026-960x640.png\" alt=\"Les pr\u00e9visions \u00e0 Toulouse pour les premiers jours de janvier 2026.\" width=\"960\" height=\"640\"\/><br \/>\n    Les pr\u00e9visions \u00e0 Toulouse pour les premiers jours de janvier 2026. (\u00a9Capture d\u2019\u00e9cran \/ M\u00e9t\u00e9o-France)Vid\u00e9os : en ce moment sur Actu<\/p>\n<p class=\" wall-content\"><strong>Ces valeurs sont l\u00e9g\u00e8rement en dessous des normales de saison<\/strong>, de l\u2019ordre de 3 \u00e0 4 degr\u00e9s, et \u00ab\u00a0les nuages bas vont persister une bonne partie de la journ\u00e9e\u00a0\u00bb.\u00a0<\/p>\n<p>De la neige dans les Pyr\u00e9n\u00e9es<\/p>\n<p class=\" wall-content\">\u00ab\u00a0En l\u2019absence de pr\u00e9cipitations\u00a0\u00bb, <strong>ces faibles temp\u00e9ratures n\u2019apporteront pas de flocons<\/strong> \u00e0 Toulouse. \u00ab\u00a0Il n\u2019y aura pas de quoi blanchir les sols\u00a0\u00bb, souligne Louis Soulard-Fischer.<\/p>\n<p>Votre r\u00e9gion, votre actu !<\/p>\n<p>Recevez chaque jour les infos qui comptent pour vous.<\/p>\n<p>\t<a href=\"https:\/\/actu.fr\/newsletter\" class=\"ac-btn ac-btn--corner ac-btn--medium ac-btn--blue800\" target=\"_blank\" rel=\"noopener\">S&rsquo;incrire<\/a><\/p>\n<p class=\" wall-content\">En revanche, ceux qui ont d\u00e9cid\u00e9 de passer les premiers jours de l\u2019ann\u00e9e 2026 \u00e0 la montagne devraient \u00eatre g\u00e2t\u00e9s. <strong>A Luchon, la station haut-garonnaise<\/strong>, de la neige est attendue sur les massifs. \u00ab\u00a0De quoi blanchir le pi\u00e9mont dans le week-end du 3 et 4 janvier.\u00a0\u00bb Un ph\u00e9nom\u00e8ne li\u00e9 \u00e0 \u00ab\u00a0une perturbation au large de l\u2019Espagne qui viendra se bloquer sur les Pyr\u00e9n\u00e9es\u00a0\u00bb.\u00a0<\/p>\n<p>    <img   decoding=\"async\" loading=\"lazy\" src=\"https:\/\/www.europesays.com\/fr\/wp-content\/uploads\/2025\/12\/meteo-luchon-neige-superbagneres-toulouse-960x640.png\" alt=\"Les pr\u00e9visions au sein de la station de Luchon-Superbagn\u00e8res.\" width=\"960\" height=\"640\"\/><br \/>\n    Les pr\u00e9visions au sein de la station de Luchon-Superbagn\u00e8res. (\u00a9Capture d\u2019\u00e9cran \/ M\u00e9t\u00e9o-France)<\/p>\n<p class=\" wall-content\">Juste avant la rentr\u00e9e, les vacanciers pourront profiter des derniers jours de glisse !<\/p>\n<p class=\" wall-content\">Personnalisez votre actualit\u00e9 en ajoutant vos villes et m\u00e9dias en favori avec <a href=\"https:\/\/moncompte.actu.fr\" title=\"D\u00e9couvez Mon Actu\" rel=\"nofollow noopener\" data-trk=\"{&quot;cta&quot;:{&quot;action&quot;:&quot;https:\\\/\\\/moncompte.actu.fr&quot;,&quot;category&quot;:&quot;mon compte&quot;,&quot;from&quot;:&quot;article footer&quot;,&quot;name&quot;:&quot;Mon actu&quot;,&quot;type&quot;:&quot;cta&quot;}}\" target=\"_blank\">Mon Actu<\/a>.<\/p>\n","protected":false},"excerpt":{"rendered":"Par Marie Lamarque Publi\u00e9 le 31 d\u00e9c. 2025 \u00e0 13h05 Adieu 2025. Bonjour 2026 ! Place \u00e0 une&hellip;\n","protected":false},"author":2,"featured_media":632197,"comment_status":"","ping_status":"","sticky":false,"template":"","format":"standard","meta":{"footnotes":""},"categories":[2816],"tags":[1111,11,1777,674,1011,27,3447,2487,2357,10584,12,2680,25,2312],"class_list":{"0":"post-632196","1":"post","2":"type-post","3":"status-publish","4":"format-standard","5":"has-post-thumbnail","7":"category-toulouse","8":"tag-actu","9":"tag-actualites","10":"tag-eu","11":"tag-europe","12":"tag-fr","13":"tag-france","14":"tag-froid","15":"tag-meteo","16":"tag-meteo-france","17":"tag-neige","18":"tag-news","19":"tag-occitanie","20":"tag-republique-francaise","21":"tag-toulouse"},"share_on_mastodon":{"url":"https:\/\/pubeurope.com\/@fr\/115814471048899310","error":""},"_links":{"self":[{"href":"https:\/\/www.europesays.com\/fr\/wp-json\/wp\/v2\/posts\/632196","targetHints":{"allow":["GET"]}}],"collection":[{"href":"https:\/\/www.europesays.com\/fr\/wp-json\/wp\/v2\/posts"}],"about":[{"href":"https:\/\/www.europesays.com\/fr\/wp-json\/wp\/v2\/types\/post"}],"author":[{"embeddable":true,"href":"https:\/\/www.europesays.com\/fr\/wp-json\/wp\/v2\/users\/2"}],"replies":[{"embeddable":true,"href":"https:\/\/www.europesays.com\/fr\/wp-json\/wp\/v2\/comments?post=632196"}],"version-history":[{"count":0,"href":"https:\/\/www.europesays.com\/fr\/wp-json\/wp\/v2\/posts\/632196\/revisions"}],"wp:featuredmedia":[{"embeddable":true,"href":"https:\/\/www.europesays.com\/fr\/wp-json\/wp\/v2\/media\/632197"}],"wp:attachment":[{"href":"https:\/\/www.europesays.com\/fr\/wp-json\/wp\/v2\/media?parent=632196"}],"wp:term":[{"taxonomy":"category","embeddable":true,"href":"https:\/\/www.europesays.com\/fr\/wp-json\/wp\/v2\/categories?post=632196"},{"taxonomy":"post_tag","embeddable":true,"href":"https:\/\/www.europesays.com\/fr\/wp-json\/wp\/v2\/tags?post=632196"}],"curies":[{"name":"wp","href":"https:\/\/api.w.org\/{rel}","templated":true}]}}