{"id":632198,"date":"2025-12-31T13:43:10","date_gmt":"2025-12-31T13:43:10","guid":{"rendered":"https:\/\/www.europesays.com\/fr\/632198\/"},"modified":"2025-12-31T13:43:10","modified_gmt":"2025-12-31T13:43:10","slug":"greve-des-eboueurs-la-collecte-des-dechets-va-enfin-reprendre-dans-52-villes-de-la-metropole-de-lille","status":"publish","type":"post","link":"https:\/\/www.europesays.com\/fr\/632198\/","title":{"rendered":"Gr\u00e8ve des \u00e9boueurs. La collecte des d\u00e9chets va enfin reprendre dans 52 villes de la m\u00e9tropole de Lille"},"content":{"rendered":"<p>                    Par<br \/>\n        <strong><br \/>\n            <a href=\"https:\/\/actu.fr\/auteur\/hervine-mahaud\" title=\"Consulter tous les articles de Hervine Mahaud\" target=\"_blank\" rel=\"noopener\">Hervine Mahaud<\/a><br \/>\n                    <\/strong><\/p>\n<p>        Publi\u00e9 le<\/p>\n<p>            31 d\u00e9c. 2025 \u00e0 13h22        <\/p>\n<p>Soulagement dans la <b>m\u00e9tropole de Lille<\/b>. Apr\u00e8s 10 jours de gr\u00e8ve, les salari\u00e9s de la soci\u00e9t\u00e9 <b>Deverra<\/b> ont annonc\u00e9 la <b>fin du conflit<\/b> les opposant \u00e0 leur employeur. Concr\u00e8tement, la <b>collecte des d\u00e9chets va pouvoir reprendre dans les 52 communes de la MEL<\/b> impact\u00e9es, dont certains quartiers de <a href=\"https:\/\/actu.fr\/hauts-de-france\/lille_59350\" target=\"_blank\" rel=\"noopener\">Lille<\/a>.<\/p>\n<p>La collecte des d\u00e9chets va pouvoir reprendre d\u00e8s le 1er janvier dans la m\u00e9tropole de Lille<\/p>\n<p class=\" wall-content\">Dans un post publi\u00e9 sur les r\u00e9seaux sociaux, l\u2019Union d\u00e9partementale des syndicats CGT du Nord (UD CGT Nord<b>)<\/b> a annonc\u00e9 la fin du mouvement de gr\u00e8ve. \u00ab\u00a0R\u00e9unis en assembl\u00e9e g\u00e9n\u00e9rale, les salari\u00e9s ont majoritairement vot\u00e9 la fin du conflit et accept\u00e9 la signature du protocole de fin de conflit\u00a0\u00bb, a \u00e9crit le syndicat. <b>La reprise sera effective le 1er janvier 2026 \u00e0 5h30<\/b>.<\/p>\n<p>    <a href=\"https:\/\/www.facebook.com\/plugins\/post.php?href=https%3A%2F%2Fwww.facebook.com%2Fudcgtnord59%2Fposts%2Fpfbid0kMi4bXRLPC12fjrmr7qGeDCgDYiYnbmh8bpwo75QLfjWkCXj7MHbP7HD7X6hoQHnl&amp;show_text=true&amp;width=350\" title=\"Ouvrie le lien\" target=\"_blank\" rel=\"noopener\">Cliquez ici pour visualiser le contenu<\/a><\/p>\n<p class=\" wall-content\">Pour rappel, <a href=\"https:\/\/actu.fr\/hauts-de-france\/lille_59350\/eboueurs-la-greve-se-poursuit-dans-52-communes-de-la-metropole-lilloise_63628656.html\" target=\"_blank\" rel=\"noopener\">les salari\u00e9s de Deverra \u00e0 Sequedin ont commenc\u00e9 \u00e0 se mobiliser le 22 d\u00e9cembre dernier<\/a> pour d\u00e9noncer \u00ab\u00a0la\u00a0d\u00e9gradation continue de leurs conditions de travail : augmentation du nombre de tourn\u00e9es, baisse de la masse salariale, et, en contrepartie, 0 % d\u2019augmentation des salaires\u00a0\u00bb, explique l\u2019UD CGT Nord.<b\/><\/p>\n<p class=\" wall-content\"><a href=\"https:\/\/actu.fr\/hauts-de-france\/la-madeleine_59368\/greve-des-eboueurs-ca-deborde-a-la-madeleine-hellemmes-une-situation-inacceptable-selon-la-mel_63633053.html\" target=\"_blank\" rel=\"noopener\">En causant le ras-le-bol de certains habitants, et obligeant la MEL \u00e0 r\u00e9agir<\/a>, les gr\u00e9vistes ont r\u00e9ussi \u00e0 obtenir gain de cause, apr\u00e8s 10 jours de gr\u00e8ve, et d\u2019arr\u00eat des collectes.\u00a0<\/p>\n<p class=\" wall-content\">\u00ab\u00a0La direction a d\u00fb revenir sur sa position concernant la pr\u00e9sence de deux releveurs \u00e0 l\u2019arri\u00e8re des camions. Elle a \u00e9galement formul\u00e9 une premi\u00e8re proposition comprenant 1,5 % d\u2019augmentation salariale et une prime de 200 \u20ac, jug\u00e9e insuffisante par les salari\u00e9s. \u00c0 la suite d\u2019une nouvelle proposition de la direction ce matin (31 d\u00e9cembre, ndlr), il a \u00e9t\u00e9 act\u00e9 : 1,5 % d\u2019augmentation au 1er janvier ; 1 % suppl\u00e9mentaire au 1er mai, soit 2,5 % d\u2019augmentation au total\u00a0\u00bb, d\u00e9taille le syndicat.\u00a0<\/p>\n<p class=\" wall-content\">De quoi contenter les salari\u00e9s qui ont donc vot\u00e9 la fin du conflit. \u00ab\u00a0Nous remercions l\u2019ensemble des soutiens \u2014 usagers, organisations syndicales, \u00e9lus et responsables politiques \u2014 qui ont accompagn\u00e9 cette mobilisation. Nous, salari\u00e9s, continuerons \u00e0 d\u00e9fendre un service public de qualit\u00e9 aupr\u00e8s des usagers de la MEL. La lutte paie\u00a0\u00bb, conclut l\u2019UD CGT Nord.<\/p>\n<p class=\" wall-content\">Personnalisez votre actualit\u00e9 en ajoutant vos villes et m\u00e9dias en favori avec <a href=\"https:\/\/moncompte.actu.fr\" title=\"D\u00e9couvez Mon Actu\" rel=\"nofollow noopener\" data-trk=\"{&quot;cta&quot;:{&quot;action&quot;:&quot;https:\\\/\\\/moncompte.actu.fr&quot;,&quot;category&quot;:&quot;mon compte&quot;,&quot;from&quot;:&quot;article footer&quot;,&quot;name&quot;:&quot;Mon actu&quot;,&quot;type&quot;:&quot;cta&quot;}}\" target=\"_blank\">Mon Actu<\/a>.<\/p>\n","protected":false},"excerpt":{"rendered":"Par Hervine Mahaud Publi\u00e9 le 31 d\u00e9c. 2025 \u00e0 13h22 Soulagement dans la m\u00e9tropole de Lille. Apr\u00e8s 10&hellip;\n","protected":false},"author":2,"featured_media":632199,"comment_status":"","ping_status":"","sticky":false,"template":"","format":"standard","meta":{"footnotes":""},"categories":[2815],"tags":[1111,11,3008,1777,674,1011,27,811,1307,4863,12,25,104],"class_list":{"0":"post-632198","1":"post","2":"type-post","3":"status-publish","4":"format-standard","5":"has-post-thumbnail","7":"category-lille","8":"tag-actu","9":"tag-actualites","10":"tag-dechets","11":"tag-eu","12":"tag-europe","13":"tag-fr","14":"tag-france","15":"tag-hauts-de-france","16":"tag-lille","17":"tag-metropole-europeenne-de-lille","18":"tag-news","19":"tag-republique-francaise","20":"tag-societe"},"share_on_mastodon":{"url":"https:\/\/pubeurope.com\/@fr\/115814478890064502","error":""},"_links":{"self":[{"href":"https:\/\/www.europesays.com\/fr\/wp-json\/wp\/v2\/posts\/632198","targetHints":{"allow":["GET"]}}],"collection":[{"href":"https:\/\/www.europesays.com\/fr\/wp-json\/wp\/v2\/posts"}],"about":[{"href":"https:\/\/www.europesays.com\/fr\/wp-json\/wp\/v2\/types\/post"}],"author":[{"embeddable":true,"href":"https:\/\/www.europesays.com\/fr\/wp-json\/wp\/v2\/users\/2"}],"replies":[{"embeddable":true,"href":"https:\/\/www.europesays.com\/fr\/wp-json\/wp\/v2\/comments?post=632198"}],"version-history":[{"count":0,"href":"https:\/\/www.europesays.com\/fr\/wp-json\/wp\/v2\/posts\/632198\/revisions"}],"wp:featuredmedia":[{"embeddable":true,"href":"https:\/\/www.europesays.com\/fr\/wp-json\/wp\/v2\/media\/632199"}],"wp:attachment":[{"href":"https:\/\/www.europesays.com\/fr\/wp-json\/wp\/v2\/media?parent=632198"}],"wp:term":[{"taxonomy":"category","embeddable":true,"href":"https:\/\/www.europesays.com\/fr\/wp-json\/wp\/v2\/categories?post=632198"},{"taxonomy":"post_tag","embeddable":true,"href":"https:\/\/www.europesays.com\/fr\/wp-json\/wp\/v2\/tags?post=632198"}],"curies":[{"name":"wp","href":"https:\/\/api.w.org\/{rel}","templated":true}]}}