{"id":632204,"date":"2025-12-31T13:46:13","date_gmt":"2025-12-31T13:46:13","guid":{"rendered":"https:\/\/www.europesays.com\/fr\/632204\/"},"modified":"2025-12-31T13:46:13","modified_gmt":"2025-12-31T13:46:13","slug":"ici-les-pietons-doivent-simposer-devant-les-automobilistes-pour-traverser","status":"publish","type":"post","link":"https:\/\/www.europesays.com\/fr\/632204\/","title":{"rendered":"ici, les pi\u00e9tons doivent s\u2019imposer devant les automobilistes pour traverser"},"content":{"rendered":"<p>Il fallait trouver des solutions pour s\u00e9curiser les pi\u00e9tons, rue Marcel M\u00e9rieux, constitu\u00e9e en zone de rencontre (1), tr\u00e8s fr\u00e9quent\u00e9e, o\u00f9 devraient cohabiter, selon le code de la route, de mani\u00e8re apais\u00e9e, les pi\u00e9tons, absolument prioritaires y compris sur la chauss\u00e9e, et les v\u00e9hicules, limit\u00e9s \u00e0 20\u00a0km\/h.<\/p>\n<p>C\u2019est dans ce cadre qu\u2019entre le 10\u00a0et le 20\u00a0avril, un vote citoyen, organis\u00e9 par le conseil de quartier Gerland et les Compagnons des Pavillons, a \u00e9t\u00e9 propos\u00e9 aux habitants pour mat\u00e9rialiser un marquage de pas au sol afin de s\u00e9curiser la travers\u00e9e. En&#8230;<\/p>\n","protected":false},"excerpt":{"rendered":"Il fallait trouver des solutions pour s\u00e9curiser les pi\u00e9tons, rue Marcel M\u00e9rieux, constitu\u00e9e en zone de rencontre (1),&hellip;\n","protected":false},"author":2,"featured_media":632205,"comment_status":"","ping_status":"","sticky":false,"template":"","format":"standard","meta":{"footnotes":""},"categories":[1889],"tags":[1111,11,2430,2757,1777,674,1011,27,2428,5947,5946,12,25,2429,3151,104,1631],"class_list":{"0":"post-632204","1":"post","2":"type-post","3":"status-publish","4":"format-standard","5":"has-post-thumbnail","7":"category-lyon","8":"tag-actu","9":"tag-actualites","10":"tag-auvergne-rhone-alpes","11":"tag-edition-lyon-villeurbanne","12":"tag-eu","13":"tag-europe","14":"tag-fr","15":"tag-france","16":"tag-lyon","17":"tag-lyon-7e","18":"tag-lyon-7e-arrondissement","19":"tag-news","20":"tag-republique-francaise","21":"tag-rhone","22":"tag-selection-de-la-redaction-69","23":"tag-societe","24":"tag-vie-associative"},"share_on_mastodon":{"url":"https:\/\/pubeurope.com\/@fr\/115814490710302653","error":""},"_links":{"self":[{"href":"https:\/\/www.europesays.com\/fr\/wp-json\/wp\/v2\/posts\/632204","targetHints":{"allow":["GET"]}}],"collection":[{"href":"https:\/\/www.europesays.com\/fr\/wp-json\/wp\/v2\/posts"}],"about":[{"href":"https:\/\/www.europesays.com\/fr\/wp-json\/wp\/v2\/types\/post"}],"author":[{"embeddable":true,"href":"https:\/\/www.europesays.com\/fr\/wp-json\/wp\/v2\/users\/2"}],"replies":[{"embeddable":true,"href":"https:\/\/www.europesays.com\/fr\/wp-json\/wp\/v2\/comments?post=632204"}],"version-history":[{"count":0,"href":"https:\/\/www.europesays.com\/fr\/wp-json\/wp\/v2\/posts\/632204\/revisions"}],"wp:featuredmedia":[{"embeddable":true,"href":"https:\/\/www.europesays.com\/fr\/wp-json\/wp\/v2\/media\/632205"}],"wp:attachment":[{"href":"https:\/\/www.europesays.com\/fr\/wp-json\/wp\/v2\/media?parent=632204"}],"wp:term":[{"taxonomy":"category","embeddable":true,"href":"https:\/\/www.europesays.com\/fr\/wp-json\/wp\/v2\/categories?post=632204"},{"taxonomy":"post_tag","embeddable":true,"href":"https:\/\/www.europesays.com\/fr\/wp-json\/wp\/v2\/tags?post=632204"}],"curies":[{"name":"wp","href":"https:\/\/api.w.org\/{rel}","templated":true}]}}