{"id":632206,"date":"2025-12-31T13:47:11","date_gmt":"2025-12-31T13:47:11","guid":{"rendered":"https:\/\/www.europesays.com\/fr\/632206\/"},"modified":"2025-12-31T13:47:11","modified_gmt":"2025-12-31T13:47:11","slug":"la-prefecture-va-deployer-un-helicoptere-equipe-dune-camera-thermique","status":"publish","type":"post","link":"https:\/\/www.europesays.com\/fr\/632206\/","title":{"rendered":"la pr\u00e9fecture va d\u00e9ployer un h\u00e9licopt\u00e8re \u00e9quip\u00e9 d\u2019une cam\u00e9ra thermique"},"content":{"rendered":"<p>\n    Avant le r\u00e9veillon du 31 janvier, la pr\u00e9fecture du Rh\u00f4ne a d\u00e9cid\u00e9 de d\u00e9ployer un h\u00e9licopt\u00e8re \u00e9quip\u00e9 d\u2019une cam\u00e9ra thermique et infrarouge dans les villes Vaulx-en-Velin, V\u00e9nissieux, Villeurbanne et Rillieux-la-Pape.<\/p>\n<p class=\"fig-paragraph\">Dans la m\u00e9tropole de Lyon, les forces de l\u2019ordre et de s\u00e9curit\u00e9 se pr\u00e9parent pour<a href=\"http:\/\/www.lefigaro.fr\/lyon\/un-chauffeur-routier-poignarde-a-la-gorge-le-soir-de-la-saint-sylvestre-pres-de-lyon-20240103\" data-fig-type=\"NewsFlash\" data-gtm-custom-categorie=\"navigation\" data-gtm-custom-action=\"crossclick\" data-gtm-custom-label=\"Contextuel\" data-gtm-event=\"customEventSPE\" data-fig-domain=\"LEFIGARO\" target=\"_blank\" rel=\"noopener\">\u00a0la soir\u00e9e de la Saint-Sylvestre<\/a>. Au regard des nombreux troubles \u00e0 l\u2019ordre public connus lors de la soir\u00e9e du r\u00e9veillon les ann\u00e9es pr\u00e9c\u00e9dentes, la pr\u00e9fecture du Rh\u00f4ne a pris un ensemble d\u2019arr\u00eat\u00e9s pour pr\u00e9server la tranquillit\u00e9 publique.<\/p>\n<p class=\"fig-paragraph\">Ainsi, les services de l\u2019\u00c9tat ont autoris\u00e9 le survol par h\u00e9licopt\u00e8re de quatre communes (Vaulx-en-Velin, V\u00e9nissieux, Villeurbanne et Rillieux-la-Pape) par\u00a0<a href=\"https:\/\/www.lefigaro.fr\/lefigaromagazine\/2010\/02\/06\/01006-20100206ARTFIG00102--cet-helico-repere-les-voyous-a-2-km-.php\" data-fig-type=\"Article\" data-gtm-custom-categorie=\"navigation\" data-gtm-custom-action=\"crossclick\" data-gtm-custom-label=\"Contextuel\" data-gtm-event=\"customEventSPE\" data-fig-domain=\"LEFIGARO\" target=\"_blank\" rel=\"noopener\">un h\u00e9licopt\u00e8re \u00e9quip\u00e9 d\u2019une cam\u00e9ra Wescam MX15<\/a>, qui permet de suivre des actions au sol gr\u00e2ce \u00e0 des optiques thermiques et infrarouges. La surveillance sera \u00abstrictement limit\u00e9e aux lieux o\u00f9 sont susceptibles de survenir les atteintes\u00bb et commencera \u00e0 partir de 18 heures ce mercredi 31 d\u00e9cembre pour se terminer le 1er janvier \u00e0 2 heures.<\/p>\n<p>                                            <a class=\"fig-a11y-skip\" href=\"#fig-a11y-skip-main-inarticle\" data-module=\"a11y-skip\" data-context=\"was @visible\"><br \/>\n    Passer la publicit\u00e9<br \/>\n<\/a>            <\/p>\n<p class=\"fig-paragraph\">Ces quatre villes ont \u00e9t\u00e9 cibl\u00e9es car elles ont concentr\u00e9 49% des faits de violences, d\u00e9gradations et destructions lors de la Saint-Sylvestre 2024. En tout,\u00a0<a href=\"http:\/\/www.lefigaro.fr\/lyon\/une-soixantaine-de-voitures-brulees-dans-la-metropole-de-lyon-pour-le-reveillon-du-nouvel-an-20240102\" data-fig-type=\"NewsFlash\" data-gtm-custom-categorie=\"navigation\" data-gtm-custom-action=\"crossclick\" data-gtm-custom-label=\"Contextuel\" data-gtm-event=\"customEventSPE\" data-fig-domain=\"LEFIGARO\" target=\"_blank\" rel=\"noopener\">82 v\u00e9hicules avaient \u00e9t\u00e9 br\u00fbl\u00e9s l\u2019an pass\u00e9<\/a>\u00a0dans le d\u00e9partement du Rh\u00f4ne et la m\u00e9tropole de Lyon.<\/p>\n<p>                                            La consommation d\u2019alcool encadr\u00e9e<\/p>\n<p class=\"fig-paragraph\">En plus de cette surveillance a\u00e9rienne, la pr\u00e9fecture a d\u00e9cid\u00e9 d\u2019interdire, du 31 d\u00e9cembre au 1er janvier, la \u00abconsommation de boissons alcoolis\u00e9es sur la voie publique en dehors des lieux r\u00e9serv\u00e9s \u00e0 cet effet\u00bb, \u00abla vente d\u2019alcool \u00e0 emporter \u00e0 partir de 20 heures et la d\u00e9tention, le transport et la vente de carburant en r\u00e9cipient portables\u00bb. Dans le m\u00eame temps, du 30 d\u00e9cembre au 3 janvier, \u00abl\u2019achat, la vente, la d\u00e9tention, le transport et l\u2019usage d\u2019artifices et autres articles pyrotechniques par les particuliers\u00bb ont \u00e9t\u00e9 interdits sur la voie publique.<\/p>\n<p class=\"fig-paragraph\">Les services de l\u2019\u00c9tat vont \u00e9galement intensifier les contr\u00f4les sur les routes et invitent les usagers \u00e0 la prudence et la mod\u00e9ration. Depuis d\u00e9but 2025, 66 personnes ont perdu la vie sur les routes du d\u00e9partement du Rh\u00f4ne dans un accident provoqu\u00e9 dans 48% du temps par une vitesse excessive ou inadapt\u00e9e, dans 29% des cas par la conduite en \u00e9tat d\u2019ivresse et 17% par la prise de stup\u00e9fiants.<\/p>\n","protected":false},"excerpt":{"rendered":"Avant le r\u00e9veillon du 31 janvier, la pr\u00e9fecture du Rh\u00f4ne a d\u00e9cid\u00e9 de d\u00e9ployer un h\u00e9licopt\u00e8re \u00e9quip\u00e9 d\u2019une&hellip;\n","protected":false},"author":2,"featured_media":632207,"comment_status":"","ping_status":"","sticky":false,"template":"","format":"standard","meta":{"footnotes":""},"categories":[1889],"tags":[1111,11,2430,2950,1777,674,1011,27,1310,2428,12,25,72837],"class_list":{"0":"post-632206","1":"post","2":"type-post","3":"status-publish","4":"format-standard","5":"has-post-thumbnail","7":"category-lyon","8":"tag-actu","9":"tag-actualites","10":"tag-auvergne-rhone-alpes","11":"tag-delinquance","12":"tag-eu","13":"tag-europe","14":"tag-fr","15":"tag-france","16":"tag-incendie","17":"tag-lyon","18":"tag-news","19":"tag-republique-francaise","20":"tag-saint-sylvestre"},"share_on_mastodon":{"url":"https:\/\/pubeurope.com\/@fr\/115814494530507499","error":""},"_links":{"self":[{"href":"https:\/\/www.europesays.com\/fr\/wp-json\/wp\/v2\/posts\/632206","targetHints":{"allow":["GET"]}}],"collection":[{"href":"https:\/\/www.europesays.com\/fr\/wp-json\/wp\/v2\/posts"}],"about":[{"href":"https:\/\/www.europesays.com\/fr\/wp-json\/wp\/v2\/types\/post"}],"author":[{"embeddable":true,"href":"https:\/\/www.europesays.com\/fr\/wp-json\/wp\/v2\/users\/2"}],"replies":[{"embeddable":true,"href":"https:\/\/www.europesays.com\/fr\/wp-json\/wp\/v2\/comments?post=632206"}],"version-history":[{"count":0,"href":"https:\/\/www.europesays.com\/fr\/wp-json\/wp\/v2\/posts\/632206\/revisions"}],"wp:featuredmedia":[{"embeddable":true,"href":"https:\/\/www.europesays.com\/fr\/wp-json\/wp\/v2\/media\/632207"}],"wp:attachment":[{"href":"https:\/\/www.europesays.com\/fr\/wp-json\/wp\/v2\/media?parent=632206"}],"wp:term":[{"taxonomy":"category","embeddable":true,"href":"https:\/\/www.europesays.com\/fr\/wp-json\/wp\/v2\/categories?post=632206"},{"taxonomy":"post_tag","embeddable":true,"href":"https:\/\/www.europesays.com\/fr\/wp-json\/wp\/v2\/tags?post=632206"}],"curies":[{"name":"wp","href":"https:\/\/api.w.org\/{rel}","templated":true}]}}