{"id":632208,"date":"2025-12-31T13:49:14","date_gmt":"2025-12-31T13:49:14","guid":{"rendered":"https:\/\/www.europesays.com\/fr\/632208\/"},"modified":"2025-12-31T13:49:14","modified_gmt":"2025-12-31T13:49:14","slug":"ile-de-france-une-qualite-de-lair-mauvaise-a-paris-et-en-petite-couronne-pour-ce-dernier-jour-de-lannee","status":"publish","type":"post","link":"https:\/\/www.europesays.com\/fr\/632208\/","title":{"rendered":"\u00cele-de-France : une qualit\u00e9 de l&rsquo;air \u00ab\u00a0mauvaise\u00a0\u00bb \u00e0 Paris et en petite couronne pour ce dernier jour de l&rsquo;ann\u00e9e"},"content":{"rendered":"<ul class=\"jsx-862013697 ArticleChapo__List\">\n<li class=\"jsx-862013697 ArticleChapo__List_Item flex\">Airparif indique dans son dernier bulletin que la qualit\u00e9 de l&rsquo;air sera \u00ab\u00a0mauvaise\u00a0\u00bb \u00e0 Paris et dans les trois d\u00e9partements de la petite couronne ce mercredi.<\/li>\n<li class=\"jsx-862013697 ArticleChapo__List_Item flex\">\u00ab\u00a0Un vent faible et des temp\u00e9ratures froides entra\u00eeneront une accumulation des polluants \u00e9mis localement\u00a0\u00bb, lit-on.<\/li>\n<li class=\"jsx-862013697 ArticleChapo__List_Item flex\">La situation s&rsquo;am\u00e9liorera demain, jeudi 1er janvier.<\/li>\n<\/ul>\n<p data-module=\"article-paragraph\" class=\"jsx-157965717 Paragraph Paragraph__End\">Le dernier jour de l&rsquo;ann\u00e9e 2025 sera marqu\u00e9 par une <a href=\"https:\/\/www.tf1info.fr\/environnement-ecologie\/en-ile-de-france-lutter-contre-la-pollution-de-l-air-a-coute-dix-fois-moins-cher-que-le-cout-sanitaire-d-un-air-pollue-2397024.html\" target=\"_blank\" rel=\"noopener\">qualit\u00e9 de l&rsquo;air mauvaise<\/a> en \u00cele-de-France. Airparif, l&rsquo;observatoire de la qualit\u00e9 de l&rsquo;air en \u00cele-de-France, indique ce mercredi 31 d\u00e9cembre que Paris et plusieurs d\u00e9partements des environs auront une qualit\u00e9 de l&rsquo;air \u00ab\u00a0mauvaise\u00a0\u00bb ce jour. \u00ab\u00a0Un vent faible et des temp\u00e9ratures froides entra\u00eeneront une accumulation des polluants \u00e9mis localement\u00a0\u00bb, indique le bulletin de pr\u00e9vision. \u00ab\u00a0Des concentrations soutenues en particules sont attendues sans pour autant d\u00e9passer le seuil d&rsquo;information. La qualit\u00e9 de l&rsquo;air sera moyenne \u00e0 mauvaise sur la r\u00e9gion.\u00a0\u00bb<\/p>\n<p><img decoding=\"async\" src=\"https:\/\/www.europesays.com\/fr\/wp-content\/uploads\/2025\/12\/qualite-air-31-decembre-2025-c4d5d0-0@1x.jpeg\" alt=\"La carte de la qualit\u00e9 de l'air en \u00cele-de-France le mercredi 31 d\u00e9cembre 2025 - Airparif\" loading=\"lazy\" importance=\"low\" fetchpriority=\"low\" class=\"\" data-module=\"article-image\"\/>La carte de la qualit\u00e9 de l&rsquo;air en \u00cele-de-France le mercredi 31 d\u00e9cembre 2025 &#8211; Airparif<\/p>\n<p data-module=\"article-paragraph\" class=\"jsx-157965717 Paragraph Paragraph__End\">On voit en effet sur la carte ci-dessus que la qualit\u00e9 de l&rsquo;air de la ville de Paris est \u00ab\u00a0mauvaise\u00a0\u00bb, et qu&rsquo;il en va de m\u00eame pour les Hauts-de-Seine, la Seine-Saint-Denis et le Val-de-Marne, les trois d\u00e9partements de la petite couronne. Une partie de la Seine-et-Marne et de l&rsquo;Essonne sont \u00e9galement en rouge. Plus loin, Val-d&rsquo;Oise ou Yvelines sont majoritairement en orange, ce qui signifie que leur qualit\u00e9 de l&rsquo;air est \u00ab\u00a0d\u00e9grad\u00e9e\u00a0\u00bb.\u00a0<\/p>\n<p><a href=\"https:\/\/www.tf1info.fr\/transports\/pollution-limitation-de-vitesse-et-voie-reservee-que-dit-la-premiere-etude-un-an-apres-la-mise-en-place-de-ces-mesures-sur-le-boulevard-peripherique-a-paris-2397946.html\" rel=\"noopener\" class=\"jsx-3308031228 Link flex\" target=\"_blank\"><img decoding=\"async\" src=\"https:\/\/www.europesays.com\/fr\/wp-content\/uploads\/2025\/12\/le-peripherique-parisien-limite-a-50-des-le-1er-octobre-cd92b4-1@1x.jpeg\" alt=\"TF1\" loading=\"lazy\" importance=\"low\" fetchpriority=\"low\" class=\"\" aria-hidden=\"true\"\/><\/p>\n<p class=\"jsx-3657663356 ReadMoreArticle__Title\">Lire aussi<\/p>\n<p class=\"jsx-3657663356\">Limitation de vitesse et voie r\u00e9serv\u00e9e : quel effet sur la qualit\u00e9 de l&rsquo;air sur le boulevard p\u00e9riph\u00e9rique ?<\/p>\n<p><\/a><\/p>\n<p data-module=\"article-paragraph\" class=\"jsx-157965717 Paragraph Paragraph__End\">Demain, jeudi 1er janvier, \u00ab\u00a0les conditions m\u00e9t\u00e9orologiques deviendront plus favorables \u00e0 la dispersion de la pollution \u00e9mise localement. Les concentrations en particules seront en l\u00e9g\u00e8re baisse. La qualit\u00e9 de l&rsquo;air sera moyenne \u00e0 ponctuellement mauvaise sur la r\u00e9gion\u00a0\u00bb, indique le bulletin d&rsquo;Airparif.\u00a0<\/p>\n<p>J.F.<\/p>\n","protected":false},"excerpt":{"rendered":"Airparif indique dans son dernier bulletin que la qualit\u00e9 de l&rsquo;air sera \u00ab\u00a0mauvaise\u00a0\u00bb \u00e0 Paris et dans les&hellip;\n","protected":false},"author":2,"featured_media":632209,"comment_status":"","ping_status":"","sticky":false,"template":"","format":"standard","meta":{"footnotes":""},"categories":[1592],"tags":[1111,11,1921,1777,674,1011,27,662,1922,12,626,1800,25,133,5737],"class_list":{"0":"post-632208","1":"post","2":"type-post","3":"status-publish","4":"format-standard","5":"has-post-thumbnail","7":"category-ile-de-france","8":"tag-actu","9":"tag-actualites","10":"tag-article-video","11":"tag-eu","12":"tag-europe","13":"tag-fr","14":"tag-france","15":"tag-ile-de-france","16":"tag-info","17":"tag-news","18":"tag-paris","19":"tag-pollution","20":"tag-republique-francaise","21":"tag-video","22":"tag-video-environnement"},"share_on_mastodon":{"url":"https:\/\/pubeurope.com\/@fr\/115814502659727345","error":""},"_links":{"self":[{"href":"https:\/\/www.europesays.com\/fr\/wp-json\/wp\/v2\/posts\/632208","targetHints":{"allow":["GET"]}}],"collection":[{"href":"https:\/\/www.europesays.com\/fr\/wp-json\/wp\/v2\/posts"}],"about":[{"href":"https:\/\/www.europesays.com\/fr\/wp-json\/wp\/v2\/types\/post"}],"author":[{"embeddable":true,"href":"https:\/\/www.europesays.com\/fr\/wp-json\/wp\/v2\/users\/2"}],"replies":[{"embeddable":true,"href":"https:\/\/www.europesays.com\/fr\/wp-json\/wp\/v2\/comments?post=632208"}],"version-history":[{"count":0,"href":"https:\/\/www.europesays.com\/fr\/wp-json\/wp\/v2\/posts\/632208\/revisions"}],"wp:featuredmedia":[{"embeddable":true,"href":"https:\/\/www.europesays.com\/fr\/wp-json\/wp\/v2\/media\/632209"}],"wp:attachment":[{"href":"https:\/\/www.europesays.com\/fr\/wp-json\/wp\/v2\/media?parent=632208"}],"wp:term":[{"taxonomy":"category","embeddable":true,"href":"https:\/\/www.europesays.com\/fr\/wp-json\/wp\/v2\/categories?post=632208"},{"taxonomy":"post_tag","embeddable":true,"href":"https:\/\/www.europesays.com\/fr\/wp-json\/wp\/v2\/tags?post=632208"}],"curies":[{"name":"wp","href":"https:\/\/api.w.org\/{rel}","templated":true}]}}