{"id":632223,"date":"2025-12-31T13:57:13","date_gmt":"2025-12-31T13:57:13","guid":{"rendered":"https:\/\/www.europesays.com\/fr\/632223\/"},"modified":"2025-12-31T13:57:13","modified_gmt":"2025-12-31T13:57:13","slug":"la-reine-camilla-raconte-avoir-ete-agressee-dans-un-train","status":"publish","type":"post","link":"https:\/\/www.europesays.com\/fr\/632223\/","title":{"rendered":"la reine Camilla raconte avoir \u00e9t\u00e9 agress\u00e9e dans un train"},"content":{"rendered":"<p>La reine Camilla a racont\u00e9 sur la BBC s&rsquo;\u00eatre d\u00e9fendue contre un homme qui l&rsquo;agressait dans un train quand elle \u00e9tait adolescente, ce qui l&rsquo;a rendue \u00ab furieuse \u00bb et est rest\u00e9 en elle \u00ab pendant des ann\u00e9es \u00bb.<\/p>\n<p>\u00ab Adolescente, j&rsquo;ai \u00e9t\u00e9 agress\u00e9e dans un train \u00bb, a t\u00e9moign\u00e9 l&rsquo;\u00e9pouse du roi <a href=\"https:\/\/www.ledauphine.com\/p\/roi-charles-iii\" target=\"_blank\" rel=\"noopener\">Charles III<\/a>, dans un entretien diffus\u00e9 mercredi. \u00ab J&rsquo;avais en quelque sorte oubli\u00e9 cet incident, mais je me souviens avoir \u00e9t\u00e9 tr\u00e8s en col\u00e8re \u00e0 ce moment-l\u00e0 \u00bb, a t\u00e9moign\u00e9 la reine, \u00e2g\u00e9e de 78 ans, qui s&rsquo;exprimait publiquement pour la premi\u00e8re fois sur cette agression.<\/p>\n<p>\u00ab C&rsquo;\u00e9tait quelqu&rsquo;un que je ne connaissais pas. Je lisais un livre, et un gar\u00e7on, un homme, m&rsquo;a attaqu\u00e9e \u00bb, a-t-elle racont\u00e9. \u00ab Je me suis d\u00e9fendue \u00bb, a ajout\u00e9 Camilla, sans donner de d\u00e9tail.<\/p>\n<p>Cheveux\u00a0\u00ab \u00e9bouriff\u00e9s \u00bb et bouton manquant<\/p>\n<p>Quand elle est descendue du train, sa m\u00e8re lui a demand\u00e9 pourquoi ses cheveux \u00e9taient \u00ab \u00e9bouriff\u00e9s \u00bb et pourquoi un bouton \u00e0 son manteau manquait, s&rsquo;est-elle souvenue.\u00a0\u00ab J&rsquo;\u00e9tais furieuse \u00bb et cette agression \u00ab est rest\u00e9e en moi pendant des ann\u00e9es \u00bb, a t\u00e9moign\u00e9 la reine.<\/p>\n<p>Son agression avait \u00e9t\u00e9 \u00e9voqu\u00e9e dans un livre sur la famille royale publi\u00e9 en septembre. Son auteur, l&rsquo;ancien correspondant royal du Times, Valentine Low, a rapport\u00e9 que Camilla avait alors 16 ou 17 ans et avait repouss\u00e9 son agresseur \u00e0 l&rsquo;aide du talon de sa chaussure. A son arriv\u00e9e \u00e0 la gare, elle avait signal\u00e9 l&rsquo;incident et l&rsquo;homme avait \u00e9t\u00e9 arr\u00eat\u00e9.<\/p>\n<p>  Le sujet de la violence conjugale \u00ab me touche profond\u00e9ment \u00bb<\/p>\n<p>La reine Camilla s&rsquo;exprimait au cours d&rsquo;une \u00e9mission aux c\u00f4t\u00e9s de John Hunt, un commentateur hippique de la BBC dont l&rsquo;\u00e9pouse et les deux filles ont \u00e9t\u00e9 tu\u00e9es en juillet 2024 par l&rsquo;ancien petit ami de l&rsquo;une des jeunes femmes. Ce dernier a \u00e9t\u00e9 condamn\u00e9 en mars \u00e0 la perp\u00e9tuit\u00e9 incompressible. Le sujet de la violence conjugale \u00ab me touche profond\u00e9ment \u00bb, a dit la reine.<\/p>\n","protected":false},"excerpt":{"rendered":"La reine Camilla a racont\u00e9 sur la BBC s&rsquo;\u00eatre d\u00e9fendue contre un homme qui l&rsquo;agressait dans un train&hellip;\n","protected":false},"author":2,"featured_media":632224,"comment_status":"","ping_status":"","sticky":false,"template":"","format":"standard","meta":{"footnotes":""},"categories":[1588],"tags":[11,271,272,1777,674,274,107,329,12,973,473,1853,1851,1850,1852],"class_list":{"0":"post-632223","1":"post","2":"type-post","3":"status-publish","4":"format-standard","5":"has-post-thumbnail","7":"category-royaume-uni","8":"tag-actualites","9":"tag-crime","10":"tag-delit-et-contravention","11":"tag-eu","12":"tag-europe","13":"tag-faits-divers-justice","14":"tag-fil-info","15":"tag-france-monde","16":"tag-news","17":"tag-people","18":"tag-royaume-uni","19":"tag-royaume-uni-de-grande-bretagne-et-dirlande-du-nord","20":"tag-uk","21":"tag-united-kingdom","22":"tag-united-kingdom-of-great-britain-and-northern-ireland"},"share_on_mastodon":{"url":"https:\/\/pubeurope.com\/@fr\/115814533977657264","error":""},"_links":{"self":[{"href":"https:\/\/www.europesays.com\/fr\/wp-json\/wp\/v2\/posts\/632223","targetHints":{"allow":["GET"]}}],"collection":[{"href":"https:\/\/www.europesays.com\/fr\/wp-json\/wp\/v2\/posts"}],"about":[{"href":"https:\/\/www.europesays.com\/fr\/wp-json\/wp\/v2\/types\/post"}],"author":[{"embeddable":true,"href":"https:\/\/www.europesays.com\/fr\/wp-json\/wp\/v2\/users\/2"}],"replies":[{"embeddable":true,"href":"https:\/\/www.europesays.com\/fr\/wp-json\/wp\/v2\/comments?post=632223"}],"version-history":[{"count":0,"href":"https:\/\/www.europesays.com\/fr\/wp-json\/wp\/v2\/posts\/632223\/revisions"}],"wp:featuredmedia":[{"embeddable":true,"href":"https:\/\/www.europesays.com\/fr\/wp-json\/wp\/v2\/media\/632224"}],"wp:attachment":[{"href":"https:\/\/www.europesays.com\/fr\/wp-json\/wp\/v2\/media?parent=632223"}],"wp:term":[{"taxonomy":"category","embeddable":true,"href":"https:\/\/www.europesays.com\/fr\/wp-json\/wp\/v2\/categories?post=632223"},{"taxonomy":"post_tag","embeddable":true,"href":"https:\/\/www.europesays.com\/fr\/wp-json\/wp\/v2\/tags?post=632223"}],"curies":[{"name":"wp","href":"https:\/\/api.w.org\/{rel}","templated":true}]}}