{"id":632225,"date":"2025-12-31T13:58:13","date_gmt":"2025-12-31T13:58:13","guid":{"rendered":"https:\/\/www.europesays.com\/fr\/632225\/"},"modified":"2025-12-31T13:58:13","modified_gmt":"2025-12-31T13:58:13","slug":"braquage-a-la-casa-de-papel-en-allemagne-les-ravisseurs-sen-tirent-avec-un-butin-de-30-millions-deuros","status":"publish","type":"post","link":"https:\/\/www.europesays.com\/fr\/632225\/","title":{"rendered":"Braquage \u00e0 la \u00abCasa De Papel\u00bb en Allemagne : les ravisseurs s\u2019en tirent avec un butin de 30 millions d\u2019euros"},"content":{"rendered":"<p>  \tL\u2019Allemagne est sous le choc apr\u00e8s un casse digne des plus grands films : des voleurs ont perc\u00e9 les coffres d\u2019une banque avec une perceuse g\u00e9ante, emportant un butin colossal.<\/p>\n<p>&#13;<br \/>\n&#13;<\/p>\n<p>L\u2019Allemagne a \u00e9t\u00e9 le th\u00e9\u00e2tre d\u2019un braquage digne des plus grands films d\u2019action, suscitant stupeur et interrogations parmi les autorit\u00e9s et le public. En s\u2019introduisant dans la salle des coffres d\u2019une banque par une technique spectaculaire, les malfaiteurs ont d\u00e9fi\u00e9 toutes les mesures de s\u00e9curit\u00e9 en vigueur. \u00c0 l\u2019aide d\u2019une perceuse g\u00e9ante, ils ont creus\u00e9 un trou permettant de contourner les d\u00e9fenses de l\u2019\u00e9tablissement. L\u2019op\u00e9ration a \u00e9t\u00e9 minutieusement pr\u00e9par\u00e9e, r\u00e9v\u00e9lant un savoir-faire hors du commun qui laisse les experts perplexes.<\/p>\n<p>\n  &#13;<br \/>\n  \u00c0 lire aussi&#13;<br \/>\n  &#13;<\/p>\n<p>  <img decoding=\"async\" data-copyright=\"AFP\" class=\"r-img\"  typeof=\"foaf:Image\" src=\"https:\/\/www.europesays.com\/fr\/wp-content\/uploads\/2025\/12\/58396700.jpeg\" alt=\"Belgaimage-141521567.jpg\"\/><br \/>\n        <a class=\"r-stories--link\" href=\"https:\/\/www.rtl.be\/actu\/monde\/europe\/violences-sexisme-usage-de-drogues-et-symboles-neonazis-larmee-allemande-secouee\/2025-12-29\/article\/774964\" target=\"_blank\" rel=\"noopener\">Violences, sexisme, usage de drogues et symboles n\u00e9onazis : l\u2019arm\u00e9e allemande secou\u00e9e par un scandale<\/a>&#13;<br \/>\n  &#13;<br \/>\n&#13;\n<\/p>\n<p>Les voleurs sont pass\u00e9s par un parking souterrain pour acc\u00e9der \u00e0 la salle des coffres. Apr\u00e8s avoir forc\u00e9 plusieurs portes, ils ont utilis\u00e9 leur \u00e9quipement impressionnant pour percer un acc\u00e8s direct aux coffres fortifi\u00e9s. Selon un t\u00e9moin anonyme, pr\u00e8s de 90 % des coffres de la banque ont \u00e9t\u00e9 ouverts, entra\u00eenant le vol de bijoux, d\u2019or et d\u2019autres objets de grande valeur. Cette attaque a laiss\u00e9 de nombreux clients dans le d\u00e9sarroi total. \u00ab Je n\u2019ai pas dormi de la nuit\u2026 Les bijoux de ma femme, de mes enfants, tout est parti. \u00bb, confie un client de la banque<\/p>\n<p>&#13;<br \/>\n&#13;<\/p>\n<p>&#13;<br \/>\n&#13;<br \/>\n\u00abUn \u00e9v\u00e8nement spectaculaire\u00bb<\/p>\n<p>La valeur totale du butin d\u00e9rob\u00e9 est estim\u00e9e \u00e0 30 millions d\u2019euros. Les 3000 coffres compromis contenaient une richesse inestimable pour leurs propri\u00e9taires, rendant cette affaire particuli\u00e8rement retentissante. L\u2019attaque s\u2019est d\u00e9roul\u00e9e durant une p\u00e9riode de cong\u00e9, ce qui aurait contribu\u00e9 \u00e0 la lenteur de la d\u00e9tection de l\u2019intrusion. Ce n\u2019est qu\u2019une alarme incendie qui a fini par signaler la pr\u00e9sence des voleurs, mais les malfaiteurs avaient d\u00e9j\u00e0 pris la fuite lorsque les autorit\u00e9s sont arriv\u00e9es sur les lieux.<\/p>\n<p>\u00a0\u00abC\u2019est un \u00e9v\u00e9nement spectaculaire. Compar\u00e9 \u00e0 tout ce que j\u2019ai pu voir, entendre ou lire, c\u2019est un acte v\u00e9ritablement unique. Je ne connais aucun cas comparable, si ce n\u2019est peut-\u00eatre \u00e0 la t\u00e9l\u00e9vision.\u00bb, d\u00e9clare Thomas Nowaczyk, porte-parole de la police de Gelsenkirchen.<\/p>\n<p>\n  &#13;<br \/>\n  \u00c0 lire aussi&#13;<br \/>\n  &#13;<\/p>\n<p>  <img decoding=\"async\" data-copyright=\"AFP\" class=\"r-img\"  typeof=\"foaf:Image\" src=\"https:\/\/www.europesays.com\/fr\/wp-content\/uploads\/2025\/12\/57267905.jpeg\" alt=\"L\u2019Allemagne tient de nombreux march\u00e9s de No\u00ebl, comme ici, \u00e0 Nuremberg.\"\/><br \/>\n        <a class=\"r-stories--link\" href=\"https:\/\/www.rtl.be\/actu\/monde\/europe\/lallemagne-dejoue-un-projet-dattentat-la-voiture-belier-sur-un-marche-de-noel\/2025-12-14\/article\/773479\" target=\"_blank\" rel=\"noopener\">L\u2019Allemagne d\u00e9joue un projet d\u2019attentat \u00e0 la voiture b\u00e9lier sur un march\u00e9 de No\u00ebl\u00a0: cinq suspects arr\u00eat\u00e9s<\/a>&#13;<br \/>\n  &#13;<br \/>\n&#13;\n<\/p>\n<p>Des t\u00e9moins ont d\u00e9crit avoir vu plusieurs individus s\u2019enfuir avec de gros sacs avant de s\u2019engouffrer dans une voiture noire. Cette sc\u00e8ne, digne d\u2019un sc\u00e9nario de cin\u00e9ma, a soulev\u00e9 de nombreuses questions sur les failles de s\u00e9curit\u00e9 de la banque. \u00ab Je ne vois vraiment pas comment ils ont pu entrer si facilement \u00bb, a d\u00e9clar\u00e9 un client choqu\u00e9. Quant aux forces de l\u2019ordre, elles explorent activement toutes les pistes disponibles pour identifier les responsables et analyser les d\u00e9tails de cette op\u00e9ration criminelle bien r\u00e9fl\u00e9chie.<\/p>\n<p>&#13;<br \/>\n&#13;<\/p>\n<p>&#13;<br \/>\n&#13;<\/p>\n","protected":false},"excerpt":{"rendered":"L\u2019Allemagne est sous le choc apr\u00e8s un casse digne des plus grands films : des voleurs ont perc\u00e9&hellip;\n","protected":false},"author":2,"featured_media":632226,"comment_status":"","ping_status":"","sticky":false,"template":"","format":"standard","meta":{"footnotes":""},"categories":[1587],"tags":[11,672,1804,1805,1803,1777,674,1801,12,1802,63397],"class_list":{"0":"post-632225","1":"post","2":"type-post","3":"status-publish","4":"format-standard","5":"has-post-thumbnail","7":"category-allemagne","8":"tag-actualites","9":"tag-allemagne","10":"tag-bundesrepublik-deutschland","11":"tag-de","12":"tag-deutschland","13":"tag-eu","14":"tag-europe","15":"tag-germany","16":"tag-news","17":"tag-republique-federale-dallemagne","18":"tag-rtl-info"},"share_on_mastodon":{"url":"https:\/\/pubeurope.com\/@fr\/115814537939638275","error":""},"_links":{"self":[{"href":"https:\/\/www.europesays.com\/fr\/wp-json\/wp\/v2\/posts\/632225","targetHints":{"allow":["GET"]}}],"collection":[{"href":"https:\/\/www.europesays.com\/fr\/wp-json\/wp\/v2\/posts"}],"about":[{"href":"https:\/\/www.europesays.com\/fr\/wp-json\/wp\/v2\/types\/post"}],"author":[{"embeddable":true,"href":"https:\/\/www.europesays.com\/fr\/wp-json\/wp\/v2\/users\/2"}],"replies":[{"embeddable":true,"href":"https:\/\/www.europesays.com\/fr\/wp-json\/wp\/v2\/comments?post=632225"}],"version-history":[{"count":0,"href":"https:\/\/www.europesays.com\/fr\/wp-json\/wp\/v2\/posts\/632225\/revisions"}],"wp:featuredmedia":[{"embeddable":true,"href":"https:\/\/www.europesays.com\/fr\/wp-json\/wp\/v2\/media\/632226"}],"wp:attachment":[{"href":"https:\/\/www.europesays.com\/fr\/wp-json\/wp\/v2\/media?parent=632225"}],"wp:term":[{"taxonomy":"category","embeddable":true,"href":"https:\/\/www.europesays.com\/fr\/wp-json\/wp\/v2\/categories?post=632225"},{"taxonomy":"post_tag","embeddable":true,"href":"https:\/\/www.europesays.com\/fr\/wp-json\/wp\/v2\/tags?post=632225"}],"curies":[{"name":"wp","href":"https:\/\/api.w.org\/{rel}","templated":true}]}}