{"id":632232,"date":"2025-12-31T14:02:11","date_gmt":"2025-12-31T14:02:11","guid":{"rendered":"https:\/\/www.europesays.com\/fr\/632232\/"},"modified":"2025-12-31T14:02:11","modified_gmt":"2025-12-31T14:02:11","slug":"mort-develyne-leclercq-la-presentatrice-de-tournez-manege","status":"publish","type":"post","link":"https:\/\/www.europesays.com\/fr\/632232\/","title":{"rendered":"Mort d\u2019\u00c9velyne Leclercq, la pr\u00e9sentatrice de \u00ab\u00a0Tournez man\u00e8ge !\u00a0\u00bb"},"content":{"rendered":"<p class=\"paragraph text_align_left lp-f-body-02\">Elle a \u00e9t\u00e9 l\u2019un des visages les plus embl\u00e9matiques de la Une pendant plus de vingt ans, de 1975 \u00e0 1997. <a href=\"https:\/\/www.leparisien.fr\/culture-loisirs\/tv\/mort-de-charly-oleg-je-ne-lai-jamais-vu-vieillir-confie-evelyne-leclercq-sa-complice-de-tournez-manege-09-09-2025-4O6WWFZVCFBKRPSHAZNL33X3BI.php\" target=\"_blank\" rel=\"noreferrer noopener\">\u00c9velyne Leclercq<\/a> est d\u00e9c\u00e9d\u00e9e mardi \u00e0 l\u2019\u00e2ge de 74 ans. Apr\u00e8s avoir d\u00e9but\u00e9 comme speakerine sur une antenne r\u00e9gionale \u00e0 Nice, l\u2019animatrice prend du galon en assurant les m\u00eames missions sur TF1, d\u00e8s la naissance de la cha\u00eene. Puis, dans les ann\u00e9es 1980, elle entre d\u00e9finitivement dans le salon des Fran\u00e7ais avec la co-pr\u00e9sentation de la c\u00e9l\u00e8bre \u00e9mission \u00ab Tournez man\u00e8ge ! \u00bb<\/p>\n<p class=\"\">Ce jeu matrimonial o\u00f9 des c\u00e9libataires s\u00e9par\u00e9s par une cloison doivent r\u00e9pondre \u00e0 des questions de pr\u00e9tendants en vue de trouver l\u2019\u00e2me s\u0153ur permet \u00e0 la p\u00e9tillante pr\u00e9sentatrice de briller \u00e0 l\u2019\u00e9cran. \u00c0 ses c\u00f4t\u00e9s, Fabienne \u00c9gal, <a href=\"https:\/\/www.leparisien.fr\/culture-loisirs\/tv\/a-92-ans-simone-garnier-ouvre-son-album-a-souvenirs-le-general-de-gaulle-aimait-beaucoup-intervilles-28-11-2024-WVPRZLCAHNA4ZJZS3IP4DCBYPY.php\" target=\"_blank\" rel=\"noreferrer noopener\">Simone Garnier<\/a> et Charly Oleg. L\u2019aventure durera huit ans, de septembre 1985 \u00e0 juillet 1993.<\/p>\n<p>De l\u2019animation \u00e0 la com\u00e9die<\/p>\n<p class=\"\">\u00c9velyne Leclercq avait par ailleurs coanim\u00e9 \u00ab Intervilles \u00bb au d\u00e9but des ann\u00e9es 1990 avec Guy Lux et Simone Garnier. \u00c9galement pr\u00e9sente \u00e0 la radio, l\u2019animatrice avait \u00e9t\u00e9 une fid\u00e8le pensionnaire des <a href=\"https:\/\/www.leparisien.fr\/culture-loisirs\/tv\/rtl-la-recette-secrete-des-grosses-tetes-04-12-2020-8412263.php\" target=\"_blank\" rel=\"noreferrer noopener\">\u00ab Grosses T\u00eates \u00bb<\/a> sur RTL, puis avait tent\u00e9 de relancer \u00ab le Schmilblick \u00bb avec Georges Beller \u00e0 la fin des ann\u00e9es 1990 sur Nostalgie.<\/p>\n<p class=\"\">Sur les planches, \u00c9velyne Leclercq avait notamment jou\u00e9 \u00ab Le Canard \u00e0 l\u2019orange \u00bb, une com\u00e9die, \u00e0 de nombreuses reprises. En 2019, elle avait rendu public son combat contre la maladie et le fait qu\u2019elle souffrait alors d\u2019un cancer au syst\u00e8me lymphatique.<\/p>\n<p class=\"\">En septembre dernier, l\u2019animatrice avait rendu hommage \u00e0 son coll\u00e8gue Charly Oleg, le pianiste de \u00ab Tournez man\u00e8ge ! \u00bb d\u00e9c\u00e9d\u00e9 \u00e0 94 ans. \u00ab Je ne l\u2019ai jamais vu vieillir \u00bb, nous confiait-elle alors.<\/p>\n<p>\u00ab Parmi les plus populaires de sa g\u00e9n\u00e9ration \u00bb<\/p>\n<p class=\"\">L\u2019animatrice est d\u00e9c\u00e9d\u00e9e \u00e0 Grasse (Alpes-Maritimes), \u00ab entour\u00e9e de sa famille, des suites d\u2019une tr\u00e8s longue maladie \u00bb et avait \u00ab affront\u00e9 l\u2019\u00e9preuve avec un courage hors du commun port\u00e9e jusqu\u2019au bout par l\u2019amour des siens \u00bb, a indiqu\u00e9 sa fille C\u00e9line Olive dans un communiqu\u00e9 adress\u00e9 \u00e0 l\u2019AFP.<\/p>\n<p class=\"\">Ce mercredi, la Une salue la m\u00e9moire de son ancienne \u00ab speakerine embl\u00e9matique devenue animatrice parmi les plus populaires de sa g\u00e9n\u00e9ration \u00bb. \u00ab \u00c9velyne Leclercq a marqu\u00e9 durablement l\u2019histoire de TF1 et le c\u0153ur de plusieurs g\u00e9n\u00e9rations de Fran\u00e7ais par sa pr\u00e9sence, son humour, son sourire et sa proximit\u00e9 avec le public \u00bb, r\u00e9agit le groupe audiovisuel dans un communiqu\u00e9.<\/p>\n","protected":false},"excerpt":{"rendered":"Elle a \u00e9t\u00e9 l\u2019un des visages les plus embl\u00e9matiques de la Une pendant plus de vingt ans, de&hellip;\n","protected":false},"author":2,"featured_media":632233,"comment_status":"","ping_status":"","sticky":false,"template":"","format":"standard","meta":{"footnotes":""},"categories":[2],"tags":[11,872,1011,27,12,25,2205],"class_list":{"0":"post-632232","1":"post","2":"type-post","3":"status-publish","4":"format-standard","5":"has-post-thumbnail","7":"category-actualites","8":"tag-actualites","9":"tag-culture-et-loisirs","10":"tag-fr","11":"tag-france","12":"tag-news","13":"tag-republique-francaise","14":"tag-television-medias"},"share_on_mastodon":{"url":"https:\/\/pubeurope.com\/@fr\/115814553614687997","error":""},"_links":{"self":[{"href":"https:\/\/www.europesays.com\/fr\/wp-json\/wp\/v2\/posts\/632232","targetHints":{"allow":["GET"]}}],"collection":[{"href":"https:\/\/www.europesays.com\/fr\/wp-json\/wp\/v2\/posts"}],"about":[{"href":"https:\/\/www.europesays.com\/fr\/wp-json\/wp\/v2\/types\/post"}],"author":[{"embeddable":true,"href":"https:\/\/www.europesays.com\/fr\/wp-json\/wp\/v2\/users\/2"}],"replies":[{"embeddable":true,"href":"https:\/\/www.europesays.com\/fr\/wp-json\/wp\/v2\/comments?post=632232"}],"version-history":[{"count":0,"href":"https:\/\/www.europesays.com\/fr\/wp-json\/wp\/v2\/posts\/632232\/revisions"}],"wp:featuredmedia":[{"embeddable":true,"href":"https:\/\/www.europesays.com\/fr\/wp-json\/wp\/v2\/media\/632233"}],"wp:attachment":[{"href":"https:\/\/www.europesays.com\/fr\/wp-json\/wp\/v2\/media?parent=632232"}],"wp:term":[{"taxonomy":"category","embeddable":true,"href":"https:\/\/www.europesays.com\/fr\/wp-json\/wp\/v2\/categories?post=632232"},{"taxonomy":"post_tag","embeddable":true,"href":"https:\/\/www.europesays.com\/fr\/wp-json\/wp\/v2\/tags?post=632232"}],"curies":[{"name":"wp","href":"https:\/\/api.w.org\/{rel}","templated":true}]}}