{"id":632236,"date":"2025-12-31T14:04:12","date_gmt":"2025-12-31T14:04:12","guid":{"rendered":"https:\/\/www.europesays.com\/fr\/632236\/"},"modified":"2025-12-31T14:04:12","modified_gmt":"2025-12-31T14:04:12","slug":"apres-levy-et-pineau-un-troisieme-francais-aux-cartes-du-liv-golf","status":"publish","type":"post","link":"https:\/\/www.europesays.com\/fr\/632236\/","title":{"rendered":"Apr\u00e8s Levy et Pineau, un troisi\u00e8me Fran\u00e7ais aux cartes du LIV Golf !"},"content":{"rendered":"<p>\t\t\t\t\t\t<img width=\"770\" height=\"556\" src=\"https:\/\/www.europesays.com\/fr\/wp-content\/uploads\/2025\/11\/liv-golf-770x556.jpg\" class=\"img-responsive wp-post-image\" alt=\"\" decoding=\"async\" fetchpriority=\"high\"  \/>\t\t\t\t\t<\/p>\n<p>\t\t\t\t\t\t Partager cet article <\/p>\n<p class=\"screen-reader-text juiz_sps_maybe_hidden_text\">Partager la publication \u00ab\u00a0Apr\u00e8s Levy et Pineau, un troisi\u00e8me Fran\u00e7ais aux cartes du LIV Golf !\u00a0\u00bb<\/p>\n<p><strong>Pour tenter de suivre les traces de Victor Perez recrut\u00e9 par le LIV Golf, trois joueurs tricolores vont tenter leur chance lors de l\u2019\u00e9preuve de promotions qui aura lieu en Floride du 8 au 11 janvier prochain.<\/strong><\/p>\n<p>&#13;<br \/>\nLe <strong>LIV Golf<\/strong> pourrait accueillir davantage de Fran\u00e7ais en 2026. <a href=\"https:\/\/www.golfplanete.com\/actualites\/victor-perez-tourne-le-dos-au-pga-tour-et-met-le-cap-sur-le-liv\/\" target=\"_blank\" rel=\"noopener\">Si <strong>Victor Perez <\/strong>\u00a0s\u2019est officiellement engag\u00e9 avec le circuit saoudien apr\u00e8s avoir sign\u00e9 avec l\u2019\u00e9quipe des <strong>Cleeks Golf Club<\/strong><\/a>, trois Tricolores vont tenter de le rejoindre par le biais du <strong>LIV Golf Promotions<\/strong>.<\/p>\n<p>Un tournoi sur 4 tours dont on vous d\u00e9taille les \u00e9tapes ci-apr\u00e8s. Le LIV a d\u2019ailleurs d\u00e9cid\u00e9 de r\u00e9compenser les trois premiers et non pas simplement les deux meilleurs comme annonc\u00e9 initialement.<\/p>\n<p>Comme ses compagnons du DP World Tour <strong>Pierre Pineau <\/strong>et<strong> Alex Levy, <\/strong>l\u2019ancien joueur du Texas Tech <strong>Cl\u00e9ment Sordet <\/strong>va lui aussi essayer de d\u00e9crocher le pr\u00e9cieux s\u00e9same apr\u00e8s avoir obtenu une invitation pour le premier tour des cartes du LIV. P<\/p>\n<p>Pass\u00e9 par les cartes du <strong>DP World Tour<\/strong> fin 2024, l\u2019Is\u00e9rois a manqu\u00e9 d\u2019un rien le top 115 (119e) de la <strong>Race to Dubai<\/strong>, synonyme de maintien dans l\u2019\u00e9lite europ\u00e9enne.<\/p>\n<p>Parmi les participants de ces cartes, on retrouvera plusieurs noms connus du <strong>DP World Tour<\/strong> : <strong>Matthias Schwab, Lucas Bjerregaard, Callum Shinkwin, Max Kieffer <\/strong>ou encore<strong> Jason Scrivener<\/strong>. En pleine renaissance, <strong>Chris Wood<\/strong> sera \u00e9galement de la partie, tout comme <strong>Chase Koepka<\/strong>, qui tentera de remplacer son fr\u00e8re sur le circuit.<\/p>\n<p><a href=\"https:\/\/www.livgolf.com\/news\/field-confirmed-liv-golf-promotions-2026-black-diamond-ranch-florida\" target=\"_blank\" rel=\"noopener\">Le champ complet\u00a0<\/a><\/p>\n<blockquote data-service=\"instagram\" data-category=\"marketing\" data-placeholder-image=\"https:\/\/www.golfplanete.com\/wp-content\/plugins\/complianz-gdpr-premium\/assets\/images\/placeholders\/instagram-minimal.jpg\" class=\"cmplz-placeholder-element instagram-media\" style=\"background: #FFF; border: 0; border-radius: 3px; box-shadow: 0 0 1px 0 rgba(0,0,0,0.5),0 1px 10px 0 rgba(0,0,0,0.15); margin: 1px; max-width: 540px; min-width: 326px; padding: 0; width: calc(100% - 2px);\" data-instgrm-captioned=\"\" data-instgrm-permalink=\"https:\/\/www.instagram.com\/p\/DO79BaSio66\/?utm_source=ig_embed&amp;utm_campaign=loading\" data-instgrm-version=\"14\"><p>&#13;<br \/>\n&#13;\n<\/p><\/blockquote>\n<p>Quatre jours de comp\u00e9tition<\/p>\n<p>Le <strong>LIV Golf Promotions<\/strong> se jouera sur quatre tours en Floride sur le <strong>Black Diamond Ranch<\/strong>. Apr\u00e8s un premier tour le jeudi 8 janvier, les 20 premiers (ex \u00e6quo compris) acc\u00e9deront au deuxi\u00e8me tour, avec une remise \u00e0 z\u00e9ro des scores et l\u2019entr\u00e9e de joueurs d\u00e9j\u00e0 qualifi\u00e9s. \u00c0 l\u2019issue du deuxi\u00e8me tour, les 20 premiers joueurs et ex \u00e6quo se qualifieront pour le troisi\u00e8me jour de comp\u00e9tition, avec une nouvelle remise \u00e0 z\u00e9ro des scores.<\/p>\n<p>Une phase finale de 36 trous sur deux jours d\u00e9butera alors. \u00c0 l\u2019issue du tournoi, les trois premiers d\u00e9crocheront leur carte pour le <strong>LIV Golf<\/strong> 2026. Les dix premiers obtiendront \u00e9galement une exemption compl\u00e8te pour les <strong>International Series<\/strong> 2026 de l\u2019<strong>Asian Tour<\/strong>.<\/p>\n<p>\u00a9Cliff Hawkins \/ GETTY IMAGES NORTH AMERICA \/ Getty Images via AFP<\/p>\n<p>\t\t\t<script async src=\"\/\/www.instagram.com\/embed.js\"><\/script><\/p>\n","protected":false},"excerpt":{"rendered":"Partager cet article Partager la publication \u00ab\u00a0Apr\u00e8s Levy et Pineau, un troisi\u00e8me Fran\u00e7ais aux cartes du LIV Golf&hellip;\n","protected":false},"author":2,"featured_media":511904,"comment_status":"","ping_status":"","sticky":false,"template":"","format":"standard","meta":{"footnotes":""},"categories":[1418],"tags":[1011,27,1472,60],"class_list":{"0":"post-632236","1":"post","2":"type-post","3":"status-publish","4":"format-standard","5":"has-post-thumbnail","7":"category-golf","8":"tag-fr","9":"tag-france","10":"tag-golf","11":"tag-sports"},"share_on_mastodon":{"url":"https:\/\/pubeurope.com\/@fr\/115814561421520606","error":""},"_links":{"self":[{"href":"https:\/\/www.europesays.com\/fr\/wp-json\/wp\/v2\/posts\/632236","targetHints":{"allow":["GET"]}}],"collection":[{"href":"https:\/\/www.europesays.com\/fr\/wp-json\/wp\/v2\/posts"}],"about":[{"href":"https:\/\/www.europesays.com\/fr\/wp-json\/wp\/v2\/types\/post"}],"author":[{"embeddable":true,"href":"https:\/\/www.europesays.com\/fr\/wp-json\/wp\/v2\/users\/2"}],"replies":[{"embeddable":true,"href":"https:\/\/www.europesays.com\/fr\/wp-json\/wp\/v2\/comments?post=632236"}],"version-history":[{"count":0,"href":"https:\/\/www.europesays.com\/fr\/wp-json\/wp\/v2\/posts\/632236\/revisions"}],"wp:featuredmedia":[{"embeddable":true,"href":"https:\/\/www.europesays.com\/fr\/wp-json\/wp\/v2\/media\/511904"}],"wp:attachment":[{"href":"https:\/\/www.europesays.com\/fr\/wp-json\/wp\/v2\/media?parent=632236"}],"wp:term":[{"taxonomy":"category","embeddable":true,"href":"https:\/\/www.europesays.com\/fr\/wp-json\/wp\/v2\/categories?post=632236"},{"taxonomy":"post_tag","embeddable":true,"href":"https:\/\/www.europesays.com\/fr\/wp-json\/wp\/v2\/tags?post=632236"}],"curies":[{"name":"wp","href":"https:\/\/api.w.org\/{rel}","templated":true}]}}