{"id":632241,"date":"2025-12-31T14:11:12","date_gmt":"2025-12-31T14:11:12","guid":{"rendered":"https:\/\/www.europesays.com\/fr\/632241\/"},"modified":"2025-12-31T14:11:12","modified_gmt":"2025-12-31T14:11:12","slug":"amandine-fouquenet-la-nouvelle-pepite-francaise-a-trouve-une-equipe","status":"publish","type":"post","link":"https:\/\/www.europesays.com\/fr\/632241\/","title":{"rendered":"Amandine Fouquenet, la nouvelle p\u00e9pite fran\u00e7aise a trouv\u00e9 une \u00e9quipe"},"content":{"rendered":"<p><strong>Sans contrat suite \u00e0 l&rsquo;arr\u00eat de<br \/>\nl&rsquo;\u00e9quipe Ark\u00e9a-BxB Hotels, la Fran\u00e7aise de 24 ans Amandine<br \/>\nFouquenet, qui r\u00e9alise une tr\u00e8s belle saison de cyclo-cross, a<br \/>\ntrouv\u00e9 une \u00e9quipe pour 2026. Il s&rsquo;agit de Pauwels<br \/>\nSauzen.<\/strong><\/p>\n<p>Quelle belle fin d\u2019ann\u00e9e pour Amandine Fouquenet ! Le 23<br \/>\nd\u00e9cembre dernier, la championne de France mettait fin \u00e0 huit ans de<br \/>\ndisette pour le cyclo-cross f\u00e9minin fran\u00e7ais en remportant la<br \/>\nmanche du Superprestige disput\u00e9e \u00e0 Heusden-Zolder, effa\u00e7ant ainsi<br \/>\ndes tablettes une certaine Pauline Ferrand-Pr\u00e9vot. Et quelques<br \/>\njours apr\u00e8s No\u00ebl, la Bretonne de 24 ans a re\u00e7u un joli cadeau : un<br \/>\ncontrat avec l\u2019\u00e9quipe Pauwels Sauzen pour les deux prochaines<br \/>\nsaisons !<\/p>\n<p>Suite \u00e0 l\u2019arr\u00eat de l\u2019\u00e9quipe Ark\u00e9a-BxB Hotels ce 31 d\u00e9cembre, la<br \/>\nFran\u00e7aise se retrouvait en effet sans contrat, mais ses<br \/>\nperformances en cyclo-cross (trois podiums sur des manches de Coupe<br \/>\ndu Monde, en plus de sa victoire \u00e0 Heusden-Zolder) ont convaincu la<br \/>\nformation belge de la faire signer.<\/p>\n<p>\u00ab\u00a0De nombreuses \u00e9quipes la<br \/>\nconvoitaient\u00a0\u00bb<\/p>\n<p>\u00ab\u00a0Nous croyons en elle. Elle est motiv\u00e9e et souhaite m\u00eame<br \/>\ns\u2019installer en Flandre six mois par an pour participer \u00e0 des<br \/>\ncourses ici. Elle a un fort potentiel ; il nous faut simplement<br \/>\ntravailler sa technique. Mais je suis convaincu que nous pouvons<br \/>\n\u00e9crire une belle histoire avec elle. De nombreuses \u00e9quipes la<br \/>\nconvoitaient, mais nous avions absolument besoin de quelqu\u2019un pour<br \/>\nrivaliser avec Leonie Bentveld semaine apr\u00e8s semaine au sommet du<br \/>\ncyclo-cross f\u00e9minin\u00a0\u00bb, a d\u00e9clar\u00e9 J\u00fcrgen Mettepenningen, le<br \/>\nmanager de l\u2019\u00e9quipe, aupr\u00e8s du m\u00e9dia belge Sporza.<\/p>\n<p>Fouquenet \u00e9trennera ses nouvelles<br \/>\ncouleurs samedi<\/p>\n<p>Leonie Bentveld court actuellement en cyclo-cross pour Pauwels<br \/>\nSauzen et sur route pour AG Insurance-Soudal Team. La formation<br \/>\nbelge \u00ab \u00e9tudie la possibilit\u00e9 que cela soit \u00e9galement possible \u00bb<br \/>\nqu\u2019Amandine Fouquenet coure aussi sur route le reste de la saison.<br \/>\nLa Fran\u00e7aise portera ses nouvelles couleurs pour la premi\u00e8re fois<br \/>\nle 3 janvier \u00e0 Gullegem en Belgique. Elle participera ensuite \u00e0<br \/>\ntoutes les courses jusqu\u2019\u00e0 la derni\u00e8re \u00e9preuve \u00e0 Oostmalle le 22<br \/>\nf\u00e9vrier. La championne de France est actuellement troisi\u00e8me de la<br \/>\nCoupe du Monde, \u00e0 quatre manches de la fin, derri\u00e8re les<br \/>\nN\u00e9erlandaises Lucinda Brand et Aniek van Alphen.<\/p>\n","protected":false},"excerpt":{"rendered":"Sans contrat suite \u00e0 l&rsquo;arr\u00eat de l&rsquo;\u00e9quipe Ark\u00e9a-BxB Hotels, la Fran\u00e7aise de 24 ans Amandine Fouquenet, qui r\u00e9alise&hellip;\n","protected":false},"author":2,"featured_media":632242,"comment_status":"","ping_status":"","sticky":false,"template":"","format":"standard","meta":{"footnotes":""},"categories":[1411],"tags":[1154,207,59294,74059,1011,27,57681,60],"class_list":{"0":"post-632241","1":"post","2":"type-post","3":"status-publish","4":"format-standard","5":"has-post-thumbnail","7":"category-cyclisme","8":"tag-cycling","9":"tag-cyclisme","10":"tag-cyclo-cross","11":"tag-fouquenet","12":"tag-fr","13":"tag-france","14":"tag-sport365-fr","15":"tag-sports"},"share_on_mastodon":{"url":"https:\/\/pubeurope.com\/@fr\/115814589119340147","error":""},"_links":{"self":[{"href":"https:\/\/www.europesays.com\/fr\/wp-json\/wp\/v2\/posts\/632241","targetHints":{"allow":["GET"]}}],"collection":[{"href":"https:\/\/www.europesays.com\/fr\/wp-json\/wp\/v2\/posts"}],"about":[{"href":"https:\/\/www.europesays.com\/fr\/wp-json\/wp\/v2\/types\/post"}],"author":[{"embeddable":true,"href":"https:\/\/www.europesays.com\/fr\/wp-json\/wp\/v2\/users\/2"}],"replies":[{"embeddable":true,"href":"https:\/\/www.europesays.com\/fr\/wp-json\/wp\/v2\/comments?post=632241"}],"version-history":[{"count":0,"href":"https:\/\/www.europesays.com\/fr\/wp-json\/wp\/v2\/posts\/632241\/revisions"}],"wp:featuredmedia":[{"embeddable":true,"href":"https:\/\/www.europesays.com\/fr\/wp-json\/wp\/v2\/media\/632242"}],"wp:attachment":[{"href":"https:\/\/www.europesays.com\/fr\/wp-json\/wp\/v2\/media?parent=632241"}],"wp:term":[{"taxonomy":"category","embeddable":true,"href":"https:\/\/www.europesays.com\/fr\/wp-json\/wp\/v2\/categories?post=632241"},{"taxonomy":"post_tag","embeddable":true,"href":"https:\/\/www.europesays.com\/fr\/wp-json\/wp\/v2\/tags?post=632241"}],"curies":[{"name":"wp","href":"https:\/\/api.w.org\/{rel}","templated":true}]}}