{"id":632249,"date":"2025-12-31T14:16:10","date_gmt":"2025-12-31T14:16:10","guid":{"rendered":"https:\/\/www.europesays.com\/fr\/632249\/"},"modified":"2025-12-31T14:16:10","modified_gmt":"2025-12-31T14:16:10","slug":"ce-nest-pas-un-choix-de-ma-part-ines-vandamme-evincee-de-la-nouvelle-saison-de-danse-avec-les-stars","status":"publish","type":"post","link":"https:\/\/www.europesays.com\/fr\/632249\/","title":{"rendered":"\u00ab\u00a0Ce n\u2019est pas un choix de ma part\u00a0\u00bb\u00a0: In\u00e8s Vandamme \u00e9vinc\u00e9e de la nouvelle saison de \u00ab\u00a0Danse avec les Stars\u00a0\u00bb"},"content":{"rendered":"<p class=\"paragraph text_align_left lp-f-body-02\">\u00ab\u00a0Cette saison, je ne serai pas de l\u2019aventure\u00a0\u00bb. In\u00e8s Vandamme a annonc\u00e9 sur Instagram qu\u2019elle ne ferait pas partie du prochain casting de \u00ab\u00a0<a href=\"https:\/\/www.leparisien.fr\/culture-loisirs\/tv\/danse-avec-les-stars\/\" target=\"_self\" rel=\"noopener\">Danse avec les Stars\u00a0<\/a>\u00bb. \u00ab\u00a0Ce n\u2019est pas un choix de ma part, pr\u00e9cise-t-elle dans la foul\u00e9e. La production ne promet jamais de reconduire les danseurs d\u2019une saison \u00e0 l\u2019autre, et c\u2019est une r\u00e9alit\u00e9 que j\u2019ai toujours connue et respect\u00e9e.\u00a0\u00bb<\/p>\n<p class=\"\">Pour autant, la danseuse professionnelle de 33\u00a0ans, \u00e0 l\u2019affiche du concours de TF1 depuis cinq ans, a fait savoir \u00e0 la production qu\u2019elle souhaitait poursuivre l\u2019aventure. \u00ab\u00a0Elle connaissait simplement mon envie profonde de continuer cette saison, de danser encore, de transmettre et de vibrer sur ce parquet que j\u2019aime tant\u00a0\u00bb, \u00e9crit-elle sur ses r\u00e9seaux sociaux.<\/p>\n<p>\u00ab\u00a0Un pincement au c\u0153ur\u00a0\u00bb<\/p>\n<p class=\"\">\u00ab\u00a0Il y a forc\u00e9ment un pincement au c\u0153ur, l\u2019\u00e9motion de tourner une page importante, et le temps n\u00e9cessaire pour l\u2019accueillir\u00a0\u00bb, poursuit-elle avant d\u2019expliquer ressentir une \u00ab\u00a0immense gratitude\u00a0\u00bb pour \u00ab\u00a0ces ann\u00e9es incroyables, pour la confiance accord\u00e9e, pour les \u00e9quipes, les artistes, le public, et pour tout ce que cette aventure m\u2019a permis de vivre et de devenir.\u00a0\u00bb<\/p>\n<p class=\"\">Les artistes pass\u00e9s par l\u2019\u00e9mission pr\u00e9sent\u00e9e par Camille Combal n\u2019ont pas tard\u00e9 a salu\u00e9 son travail sur les r\u00e9seaux sociaux. \u00ab\u00a0T\u2019es la meilleure grande s\u0153ur\u00a0\u00bb, \u00e9crit par exemple le chanteur <a href=\"https:\/\/www.leparisien.fr\/culture-loisirs\/tv\/meme-mon-proviseur-regarde-qui-est-jungeli-le-petit-genie-de-danse-avec-les-stars-04-04-2025-COFNQ6LORJH7VHMB25W2WEYPUQ.php\" target=\"_self\" rel=\"noopener\">Jungeli<\/a> avec qui elle a dans\u00e9 dans la saison\u00a014 jusqu\u2019en demi-finale.<\/p>\n<p class=\"\">Avant lui, la danseuse a eu l\u2019occasion de fouler le parquet de TF1 avec l\u2019athl\u00e8te Ladji Doucour\u00e9, le chanteur Jean-Baptiste Maunier, l\u2019humoriste Florent Peyre et l\u2019influenceur Nico Capone, avec qui elle avait termin\u00e9 deuxi\u00e8me de la comp\u00e9tition. \u00ab\u00a0Cinq saisons de travail, de rencontres, de trac, de joies intenses, de doutes parfois, mais surtout de passion et de d\u00e9passement de soi\u00a0\u00bb, r\u00e9sume-t-elle. Et de conclure\u00a0: \u00ab\u00a0Une chose est s\u00fbre\u00a0: \u00ab\u00a0La suite s\u2019\u00e9crira autrement.\u00a0\u00bb<\/p>\n","protected":false},"excerpt":{"rendered":"\u00ab\u00a0Cette saison, je ne serai pas de l\u2019aventure\u00a0\u00bb. In\u00e8s Vandamme a annonc\u00e9 sur Instagram qu\u2019elle ne ferait pas&hellip;\n","protected":false},"author":2,"featured_media":632250,"comment_status":"","ping_status":"","sticky":false,"template":"","format":"standard","meta":{"footnotes":""},"categories":[1356],"tags":[872,58,59,1011,27,252,2205,1364],"class_list":{"0":"post-632249","1":"post","2":"type-post","3":"status-publish","4":"format-standard","5":"has-post-thumbnail","7":"category-television","8":"tag-culture-et-loisirs","9":"tag-divertissement","10":"tag-entertainment","11":"tag-fr","12":"tag-france","13":"tag-television","14":"tag-television-medias","15":"tag-tv"},"share_on_mastodon":{"url":"https:\/\/pubeurope.com\/@fr\/115814608707836152","error":""},"_links":{"self":[{"href":"https:\/\/www.europesays.com\/fr\/wp-json\/wp\/v2\/posts\/632249","targetHints":{"allow":["GET"]}}],"collection":[{"href":"https:\/\/www.europesays.com\/fr\/wp-json\/wp\/v2\/posts"}],"about":[{"href":"https:\/\/www.europesays.com\/fr\/wp-json\/wp\/v2\/types\/post"}],"author":[{"embeddable":true,"href":"https:\/\/www.europesays.com\/fr\/wp-json\/wp\/v2\/users\/2"}],"replies":[{"embeddable":true,"href":"https:\/\/www.europesays.com\/fr\/wp-json\/wp\/v2\/comments?post=632249"}],"version-history":[{"count":0,"href":"https:\/\/www.europesays.com\/fr\/wp-json\/wp\/v2\/posts\/632249\/revisions"}],"wp:featuredmedia":[{"embeddable":true,"href":"https:\/\/www.europesays.com\/fr\/wp-json\/wp\/v2\/media\/632250"}],"wp:attachment":[{"href":"https:\/\/www.europesays.com\/fr\/wp-json\/wp\/v2\/media?parent=632249"}],"wp:term":[{"taxonomy":"category","embeddable":true,"href":"https:\/\/www.europesays.com\/fr\/wp-json\/wp\/v2\/categories?post=632249"},{"taxonomy":"post_tag","embeddable":true,"href":"https:\/\/www.europesays.com\/fr\/wp-json\/wp\/v2\/tags?post=632249"}],"curies":[{"name":"wp","href":"https:\/\/api.w.org\/{rel}","templated":true}]}}