{"id":63225,"date":"2025-04-30T01:54:11","date_gmt":"2025-04-30T01:54:11","guid":{"rendered":"https:\/\/www.europesays.com\/fr\/63225\/"},"modified":"2025-04-30T01:54:11","modified_gmt":"2025-04-30T01:54:11","slug":"un-couple-damericains-frottait-les-gencives-de-leur-fille-de-4-mois-avec-de-lalcool-le-bebe-est-decede","status":"publish","type":"post","link":"https:\/\/www.europesays.com\/fr\/63225\/","title":{"rendered":"Un couple d\u2019Am\u00e9ricains frottait les gencives de leur fille de 4 mois avec de l\u2019alcool, le b\u00e9b\u00e9 est d\u00e9c\u00e9d\u00e9"},"content":{"rendered":"<p>De jeunes parents originaires de Virginie Occidentale sont accus\u00e9s du meurtre de leur fille dont ils aspergeaient la bouche d\u2019alcool pour arr\u00eater ses pleurs.<\/p>\n<p class=\"fig-paragraph\">Pour calmer ses cris, Angel Talbert et James Smith avaient pris l\u2019habitude d\u2019appliquer de l\u2019\u00e9thanol en grande quantit\u00e9 sur les gencives et sur le contour de la bouche de leur fille. Les faits se sont d\u00e9roul\u00e9s en novembre 2024 et la police du comt\u00e9 de Braxton en Virginie Occidentale a ouvert une plainte concernant la mort du nourrisson le 16 novembre 2024, comme l\u2019indique le m\u00e9dia local<a href=\"https:\/\/www.wboy.com\/news\/crime\/braxton-county-couple-charged-after-infant-dies-of-alcohol-poisoning-on-gums\/\" target=\"_blank\" rel=\"nofollow noopener\" data-gtm-custom-categorie=\"navigation\" data-gtm-custom-action=\"crossclick\" data-gtm-custom-label=\"Contextuel\" data-gtm-event=\"customEventSPE\">\u00a0WBOY .<\/a><\/p>\n<p class=\"fig-paragraph\">\u00abLe b\u00e9b\u00e9 ne respirait pas et \u00e9tait allong\u00e9 sur le ventre\u00bb. Le p\u00e8re aurait retrouv\u00e9 son enfant dans cette position au petit matin et aurait demand\u00e9 \u00e0 sa femme d\u2019appeler le 911 pendant que lui d\u00e9butait un massage cardiaque. Selon une plainte de la police, le b\u00e9b\u00e9 est d\u00e9c\u00e9d\u00e9 quelques heures apr\u00e8s, en arrivant \u00e0 l\u2019h\u00f4pital de Braxton County Memorial. Les parents ont t\u00e9moign\u00e9 de leur incompr\u00e9hension face au d\u00e9c\u00e8s soudain de leur fille qui n\u2019avait pas \u00e9t\u00e9 malade derni\u00e8rement et ne pr\u00e9sentait aucun probl\u00e8me de sant\u00e9 particulier.<\/p>\n<p>\u00ab3.21 grammes d\u2019\u00e9thanol par litre de sang\u00bb<\/p>\n<p class=\"fig-paragraph\">Une perquisition du domicile a r\u00e9v\u00e9l\u00e9 des conditions de vie d\u00e9plorables. Sur place, les enqu\u00eateurs ont constat\u00e9 la pr\u00e9sence de nombreux cafards notamment dans la cuisine et la salle de bains, et l\u2019absence d\u2019eau potable. La piste de la maltraitance a \u00e9t\u00e9 \u00e9cart\u00e9e malgr\u00e9 ces \u00e9l\u00e9ments, mais les soup\u00e7ons sur la pr\u00e9sence de l\u2019alcool sont tr\u00e8s vite apparus apr\u00e8s les r\u00e9sultats d\u2019une autopsie le 10 avril 2025. Dans le sang de l\u2019enfant \u00e9tait pr\u00e9sent 3.21 grammes d\u2019\u00e9thanol par litre de sang , un taux mortel pour un nourrisson. Apr\u00e8s ces r\u00e9sultats, Angel Talbert et James Smith ont d\u00e9clar\u00e9 n\u2019avoir aucune id\u00e9e de la fa\u00e7on dont l\u2019alcool aurait pu se retrouver dans le sang de leur fille.<\/p>\n<p class=\"fig-paragraph\">Le 14 avril, Angel Talbert est sortie du silence et a d\u00e9clar\u00e9 que son mari \u00abprenait de l\u2019alcool et le frottait sur ses gencives d\u00e8s que sa fille se mettait \u00e0 \u00eatre irritable ou \u00e0 pleurer\u00bb. Le p\u00e8re de famille a r\u00e9pondu que sa compagne faisait de m\u00eame en sa compagnie, \u00ab presque tous les jours pendant un mois\u00bb. Ce geste aurait \u00e9t\u00e9 r\u00e9p\u00e9t\u00e9 tous les jours dans le mois pr\u00e9c\u00e9dant la mort du b\u00e9b\u00e9. Ils ont \u00e9t\u00e9 inculp\u00e9s pour n\u00e9gligence ayant entra\u00een\u00e9 la mort d\u2019un enfant, meurtre au premier et au second degr\u00e9, et association de malfaiteurs. Le couple est d\u00e9tenu dans une prison r\u00e9gionale sans possibilit\u00e9 de caution.<\/p>\n","protected":false},"excerpt":{"rendered":"De jeunes parents originaires de Virginie Occidentale sont accus\u00e9s du meurtre de leur fille dont ils aspergeaient la&hellip;\n","protected":false},"author":2,"featured_media":63226,"comment_status":"","ping_status":"","sticky":false,"template":"","format":"standard","meta":{"footnotes":""},"categories":[5],"tags":[328,47,3132,259,11,5702,3493,33,73,1011,27,1110,14,12,517,3131,28],"class_list":{"0":"post-63225","1":"post","2":"type-post","3":"status-publish","4":"format-standard","5":"has-post-thumbnail","7":"category-international","8":"tag-a-la-une","9":"tag-actualite","10":"tag-actualite-francaise","11":"tag-actualite-internationale","12":"tag-actualites","13":"tag-alcool","14":"tag-bebe","15":"tag-economie","16":"tag-etats-unis","17":"tag-fr","18":"tag-france","19":"tag-informations","20":"tag-international","21":"tag-news","22":"tag-sport","23":"tag-titres","24":"tag-world"},"share_on_mastodon":{"url":"https:\/\/pubeurope.com\/@fr\/114424424997482950","error":""},"_links":{"self":[{"href":"https:\/\/www.europesays.com\/fr\/wp-json\/wp\/v2\/posts\/63225","targetHints":{"allow":["GET"]}}],"collection":[{"href":"https:\/\/www.europesays.com\/fr\/wp-json\/wp\/v2\/posts"}],"about":[{"href":"https:\/\/www.europesays.com\/fr\/wp-json\/wp\/v2\/types\/post"}],"author":[{"embeddable":true,"href":"https:\/\/www.europesays.com\/fr\/wp-json\/wp\/v2\/users\/2"}],"replies":[{"embeddable":true,"href":"https:\/\/www.europesays.com\/fr\/wp-json\/wp\/v2\/comments?post=63225"}],"version-history":[{"count":0,"href":"https:\/\/www.europesays.com\/fr\/wp-json\/wp\/v2\/posts\/63225\/revisions"}],"wp:featuredmedia":[{"embeddable":true,"href":"https:\/\/www.europesays.com\/fr\/wp-json\/wp\/v2\/media\/63226"}],"wp:attachment":[{"href":"https:\/\/www.europesays.com\/fr\/wp-json\/wp\/v2\/media?parent=63225"}],"wp:term":[{"taxonomy":"category","embeddable":true,"href":"https:\/\/www.europesays.com\/fr\/wp-json\/wp\/v2\/categories?post=63225"},{"taxonomy":"post_tag","embeddable":true,"href":"https:\/\/www.europesays.com\/fr\/wp-json\/wp\/v2\/tags?post=63225"}],"curies":[{"name":"wp","href":"https:\/\/api.w.org\/{rel}","templated":true}]}}