{"id":632251,"date":"2025-12-31T14:17:30","date_gmt":"2025-12-31T14:17:30","guid":{"rendered":"https:\/\/www.europesays.com\/fr\/632251\/"},"modified":"2025-12-31T14:17:30","modified_gmt":"2025-12-31T14:17:30","slug":"lamine-yamal-toujours-aussi-fan-de-rap-francais-single-jul-r2-en-story-generations-hip-hop-soul-radio","status":"publish","type":"post","link":"https:\/\/www.europesays.com\/fr\/632251\/","title":{"rendered":"Lamine Yamal toujours aussi fan de rap fran\u00e7ais : single Jul, R2 en story, &#8230; &#8211; Generations &#8211; Hip Hop Soul Radio"},"content":{"rendered":"<ol>\n<li><a href=\"https:\/\/news.google.com\/rss\/articles\/CBMiugFBVV95cUxPTzN4WWhWUDl2OFVEWVBXVWFtaHpBRGN0d2hWVWtlOVVKcTRPTFhyWWRlN3NhZzRGLWY4c1k0OG5qQnZ2ZDBBaElJNzdkVno5eTRzWDgtLVhTaWpYekppeDhZZkc3bjhiV0FwUndnNjNxZHAwbmdMckE1UmlpZEhDMFoxVENJajN5d1VXenh6ZFdDWmFQVWN1S3JFaC1hZ19IRXFVb3h2OTZuUEJsQkdLTWpmNUU0dnVMQUE?oc=5\" target=\"_blank\" rel=\"noopener\">Lamine Yamal toujours aussi fan de rap fran\u00e7ais : single Jul, R2 en story, &#8230;<\/a>&nbsp;&nbsp;Generations &#8211; Hip Hop Soul Radio<\/li>\n<li><a href=\"https:\/\/news.google.com\/rss\/articles\/CBMipwFBVV95cUxOT3kzUUE3NFBqRWdDYjBXWHFtWFNKVkR5SjBaUVBoQm1ZTXp3WnFXQW1yV2RSaFJMdUVPRXlUT2F2WWRzSWlMcGtqYnJ4UEtfNUFBS2FZNUNUQ2VTWUdVdzNpY1BZVmpILThWZl9XQzNOcGVpcFQ4RGF2ZDFsa1lkRG5OUm5pcHYzQy1iQWpHOERrR2dGand5XzFaRHNWNk5Ca2Z1MjJqTQ?oc=5\" target=\"_blank\" rel=\"noopener\">Lamine Yamal et Ousmane Demb\u00e9l\u00e9 re\u00e7oivent pour 600 000 \u20ac en montres<\/a>&nbsp;&nbsp;Sportune<\/li>\n<li><a href=\"https:\/\/news.google.com\/rss\/articles\/CBMiggJBVV95cUxPQU9XTm1TdlotRUplSU1xd1VibjlOQ3VZcl9lT1JhVE0wbUlCd1J1RG53bXlFMEFtTjRSaW5kN19nTXFKOW1QaS1XSnZXTnc4bHBIeXNXWnBwOG1sSHJsRHhYWGhlcnVYWHcydGJSaUNfMjUwX1ZhR3VVOXVsMU1CZDlUZmFqV3pMOUZhX1k5VGtTVVh4YmRkYi1uc2tqUl9GdERUcFdsVzlsMWlKVzlvTkFEV18xXzJOZm1yTUxVbzNEZThFMFpJb0FnVTNsbFRxMHlIb0M4R2tVSXVpanNBWF9NQkd5aklhdndzdmhvTUZ2VHA4X2JNbG42Zy1LT29NRWc?oc=5\" target=\"_blank\" rel=\"noopener\">Lamine Yamal aime le rappeur marseillais Jul et l&rsquo;a (encore) prouv\u00e9 lors de la c\u00e9r\u00e9monie des Globe Soccer Awards<\/a>&nbsp;&nbsp;RMC Sport<\/li>\n<li><a href=\"https:\/\/news.google.com\/rss\/articles\/CBMiugFBVV95cUxOUVlWNlB3SjF4M05HdktGbno0MlZkaHZpRHdySkNQXzUwWk1lY29nZTlKVGhvUDc2MlVqZERfdVkyZW1EOUZoTU1rb2ZuRHNMWDJfTjFEbkc1V0NESUFDSE1lcGFNUjFMMkQtRXZ2SWxEdVJFLS1wUU5TbEo4WXRKd1RrTFYtTTRJMVhEclg4dlp4YUpWUlVBQnpTOWtkQmR2TWRORHNTSzJyd0ZXT0ZJamU4MXlDVC1lM2c?oc=5\" target=\"_blank\" rel=\"noopener\">Lamine Yamal \u00e9lu meilleur attaquant de l\u2019ann\u00e9e aux Globe Soccer Awards<\/a>&nbsp;&nbsp;Foot Mercato<\/li>\n<li><a href=\"https:\/\/news.google.com\/rss\/articles\/CBMifkFVX3lxTE5yNWZfNDViN2VYbmVTZzRUak1NNzFfUzJYOHlQYldBdlNScWl4T3FIYkFOaHY2YjFzMktNOEFiQmVCbi1oSXU0U3dLTHJzMjkyTTBDUFJhN0V3ak5qU3l6WFVwSHZjNmhmR2x4VkVtYW9IMDlEUnUyWjd4TEFWdw?oc=5\" target=\"_blank\" rel=\"noopener\">Globe Awards, le Bar\u00e7a rafle tout<\/a>&nbsp;&nbsp;football365.fr<\/li>\n<\/ol>\n","protected":false},"excerpt":{"rendered":"Lamine Yamal toujours aussi fan de rap fran\u00e7ais : single Jul, R2 en story, &#8230;&nbsp;&nbsp;Generations &#8211; Hip Hop&hellip;\n","protected":false},"author":2,"featured_media":632252,"comment_status":"","ping_status":"","sticky":false,"template":"","format":"standard","meta":{"footnotes":""},"categories":[1355],"tags":[1111,67642,11,2163,58,59,1011,27,3612,3620,3606,3607,3605,3608,3617,3615,3609,1922,1361,873,12,2189,3658,1825,67643,3616,3656,67641,3619,3621,3611,3610,2955,3655],"class_list":{"0":"post-632251","1":"post","2":"type-post","3":"status-publish","4":"format-standard","5":"has-post-thumbnail","7":"category-musique","8":"tag-actu","9":"tag-actu-rap","10":"tag-actualites","11":"tag-chroniques","12":"tag-divertissement","13":"tag-entertainment","14":"tag-fr","15":"tag-france","16":"tag-freestyles","17":"tag-funk","18":"tag-generation","19":"tag-generation88-2","20":"tag-generations","21":"tag-generations88-2","22":"tag-hip-hop","23":"tag-hiphop","24":"tag-hiphopsoul","25":"tag-info","26":"tag-music","27":"tag-musique","28":"tag-news","29":"tag-photos","30":"tag-playlist","31":"tag-radio","32":"tag-radio-rap","33":"tag-rap","34":"tag-rapfr","35":"tag-rapus","36":"tag-reggae","37":"tag-rnb","38":"tag-sons","39":"tag-soul","40":"tag-videos","41":"tag-webradio"},"share_on_mastodon":{"url":"https:\/\/pubeurope.com\/@fr\/115814612808318524","error":""},"_links":{"self":[{"href":"https:\/\/www.europesays.com\/fr\/wp-json\/wp\/v2\/posts\/632251","targetHints":{"allow":["GET"]}}],"collection":[{"href":"https:\/\/www.europesays.com\/fr\/wp-json\/wp\/v2\/posts"}],"about":[{"href":"https:\/\/www.europesays.com\/fr\/wp-json\/wp\/v2\/types\/post"}],"author":[{"embeddable":true,"href":"https:\/\/www.europesays.com\/fr\/wp-json\/wp\/v2\/users\/2"}],"replies":[{"embeddable":true,"href":"https:\/\/www.europesays.com\/fr\/wp-json\/wp\/v2\/comments?post=632251"}],"version-history":[{"count":0,"href":"https:\/\/www.europesays.com\/fr\/wp-json\/wp\/v2\/posts\/632251\/revisions"}],"wp:featuredmedia":[{"embeddable":true,"href":"https:\/\/www.europesays.com\/fr\/wp-json\/wp\/v2\/media\/632252"}],"wp:attachment":[{"href":"https:\/\/www.europesays.com\/fr\/wp-json\/wp\/v2\/media?parent=632251"}],"wp:term":[{"taxonomy":"category","embeddable":true,"href":"https:\/\/www.europesays.com\/fr\/wp-json\/wp\/v2\/categories?post=632251"},{"taxonomy":"post_tag","embeddable":true,"href":"https:\/\/www.europesays.com\/fr\/wp-json\/wp\/v2\/tags?post=632251"}],"curies":[{"name":"wp","href":"https:\/\/api.w.org\/{rel}","templated":true}]}}