{"id":632253,"date":"2025-12-31T14:18:11","date_gmt":"2025-12-31T14:18:11","guid":{"rendered":"https:\/\/www.europesays.com\/fr\/632253\/"},"modified":"2025-12-31T14:18:11","modified_gmt":"2025-12-31T14:18:11","slug":"avatar-3-depasse-deja-la-barre-des-5-millions-dentrees-jusquou-ira-le-film-de-james-cameron","status":"publish","type":"post","link":"https:\/\/www.europesays.com\/fr\/632253\/","title":{"rendered":"\u00ab Avatar 3 \u00bb d\u00e9passe (d\u00e9j\u00e0) la barre des 5 millions d\u2019entr\u00e9es : jusqu\u2019o\u00f9 ira le film de James Cameron ?"},"content":{"rendered":"<p class=\"paragraph text_align_left lp-f-body-02\">\u00ab Avatar \u00bb est toujours <a href=\"https:\/\/www.leparisien.fr\/culture-loisirs\/cinema\/avatar-3-effets-speciaux-box-office-prochains-volets-mais-jusquou-ira-la-saga-de-james-cameron-17-12-2025-G72EYFNRZNBNTKMJOMORFPK2JM.php\" target=\"_blank\" rel=\"noreferrer noopener\">une saga \u00e0 part<\/a> dans le c\u0153ur des Fran\u00e7ais. En deux semaines d\u2019exploitation seulement, <a href=\"https:\/\/www.leparisien.fr\/culture-loisirs\/cinema\/avatar-3-plus-sombre-plus-spectaculaire-plus-merveilleux-coup-de-foudre-pour-de-feu-et-de-cendres-16-12-2025-M7KTUJMPDBEWHAZC6XSFWXM46E.php\" target=\"_blank\" rel=\"noreferrer noopener\">le troisi\u00e8me volet sign\u00e9 James Cameron<\/a> atteint d\u00e9j\u00e0 la barre des 5 millions de tickets vendus dans l\u2019hexagone. Un cap symbolique d\u00e9pass\u00e9 d\u00e8s ce mardi, soit quatorze jours apr\u00e8s la sortie le 17 d\u00e9cembre de ce (tr\u00e8s) long m\u00e9trage de 3h17 baptis\u00e9 \u00ab De feu et de cendres \u00bb. Pas un mince exploit pour le film de science-fiction. Cette ann\u00e9e, en France, seules deux autres productions, toutes am\u00e9ricaines, ont franchi ce seuil : <a href=\"https:\/\/www.leparisien.fr\/culture-loisirs\/cinema\/paresseux-chauffard-lapine-pas-cretine-musaraigne-mafieuse-notre-classement-des-heros-de-zootopie-2-06-12-2025-4AXQ4Z4SRBE7DBZA7ROMKC6VSU.php\" target=\"_blank\" rel=\"noreferrer noopener\">\u00ab Zootopie 2 \u00bb<\/a> et la version en images r\u00e9elles de \u00ab Lilo et Stich \u00bb. <\/p>\n<p class=\"\">La question est maintenant de savoir jusqu\u2019o\u00f9 peuvent s\u2019envoler les chiffres de fr\u00e9quentation pour le nouveau film du <a href=\"https:\/\/www.leparisien.fr\/culture-loisirs\/cinema\/avatar-3-explique-par-son-realisateur-james-cameron-cest-une-metaphore-de-ce-qui-nous-arrive-actuellement-20-12-2025-2UEZBU5LPVDFFNONHBPLINLGG4.php\" target=\"_blank\" rel=\"noreferrer noopener\">r\u00e9alisateur de \u00ab Titanic \u00bb<\/a>. Pour rappel, les deux premiers volets de sa saga futuriste au message \u00e9cologique avaient attir\u00e9 en France respectivement 14,6 millions (pour le premier volet sorti en 2009) et 14 millions (pour sa suite en 2022). <\/p>\n<p class=\"\">Au regard des deux premi\u00e8res semaines d\u2019exploitation, le num\u00e9ro 3 de la saga n\u2019a pas trop \u00e0 rougir de ses temps de passage, m\u00eame s\u2019il est l\u00e9g\u00e8rement derri\u00e8re ses pr\u00e9d\u00e9cesseurs : 5 millions, donc, contre 5,6 pour le premier et 5,8 pour le deuxi\u00e8me. Sauf coup de mou apr\u00e8s les f\u00eates, la barre des 10 millions a de grandes chances d\u2019\u00eatre une nouvelle fois franchie durant le premier trimestre de 2026. Mais de l\u00e0 \u00e0 titiller les 15 millions comme ses grands fr\u00e8res, il y a un pas de g\u00e9ant qui semble difficilement franchissable.<\/p>\n<p>La suite de la saga d\u00e9pend du box-office mondial<\/p>\n<p class=\"\">En attendant, ces scores stratosph\u00e9riques repr\u00e9sentent une jolie \u00e9claircie de fin d\u2019ann\u00e9e pour les salles obscures qui, dans l\u2019hexagone, ont souffert en 2025. Le Centre national du cin\u00e9ma a d\u2019ailleurs publi\u00e9 ce mercredi les chiffres de l\u2019ann\u00e9e et <a href=\"https:\/\/www.leparisien.fr\/culture-loisirs\/cinema\/avatar-3-et-zootopie-2-qui-rient-jean-dujardin-qui-pleure-les-tops-et-les-flops-cinema-de-2025-24-12-2025-VPPS2UDRVFEJJKHZ7NRWLBTB3E.php\" target=\"_blank\" rel=\"noreferrer noopener\">ils ne sont pas reluisants<\/a> : \u00ab seulement \u00bb 157 millions d\u2019entr\u00e9es enregistr\u00e9es, soit un recul de 13% par rapport \u00e0 2024. Un cru, il est vrai, extraordinaire pour le 7e art en France qui avait pu compter l\u2019an pass\u00e9 sur des locomotives hors du commun avec \u00ab Un p\u2019tit truc en plus \u00bb et \u00ab Le Comte de Monte-Cristo \u00bb. Le premier avait d\u00e9pass\u00e9 la barre des 10 millions d\u2019entr\u00e9es, quand le deuxi\u00e8me la chatouillait presque.<\/p>\n<p class=\"\">Le choix de lancer \u00ab Avatar 3 \u00bb en France deux jours avant les Etats-Unis n\u2019avait pas \u00e9t\u00e9 anodin pour James Cameron. \u00ab J\u2019avoue que le fait de lancer l\u2019avant-premi\u00e8re europ\u00e9enne du film \u00e0 Paris n\u2019\u00e9tait pas innocent : le public fran\u00e7ais aime le cin\u00e9ma, et semble appr\u00e9cier la saga. Les premiers scores au box-office sont toujours importants dans le monde entier, mais je tiens particuli\u00e8rement \u00e0 la France \u00bb, nous confiait le r\u00e9alisateur il y a quelques jours. <\/p>\n<p class=\"\">L\u2019enjeu du box-office est de taille pour le cin\u00e9aste. Ce sont les \u00e9ventuels bons chiffres de \u00ab De feu et de cendres \u00bb qui conditionneront la suite de ses aventures. En cas de nouveau raz-de-mar\u00e9e mondial, deux autres films, d\u00e9j\u00e0 \u00e9crits par James Cameron, seront mis en chantier pour des sorties pr\u00e9vues en 2029 et 2031. Pour l\u2019heure, les signaux sont plut\u00f4t au vert : les recettes internationales tournent d\u00e9j\u00e0 autour des 800 millions de dollars en moins de deux semaines d\u2019exploitation \u00e0 travers la plan\u00e8te. Les deux premiers volets en avaient totalis\u00e9 plus de deux milliards chacun.<\/p>\n","protected":false},"excerpt":{"rendered":"\u00ab Avatar \u00bb est toujours une saga \u00e0 part dans le c\u0153ur des Fran\u00e7ais. En deux semaines d\u2019exploitation&hellip;\n","protected":false},"author":2,"featured_media":632254,"comment_status":"","ping_status":"","sticky":false,"template":"","format":"standard","meta":{"footnotes":""},"categories":[1354],"tags":[650,872,58,59,1346,1011,27,1360],"class_list":{"0":"post-632253","1":"post","2":"type-post","3":"status-publish","4":"format-standard","5":"has-post-thumbnail","7":"category-films","8":"tag-cinema","9":"tag-culture-et-loisirs","10":"tag-divertissement","11":"tag-entertainment","12":"tag-films","13":"tag-fr","14":"tag-france","15":"tag-movies"},"share_on_mastodon":{"url":"https:\/\/pubeurope.com\/@fr\/115814616533063815","error":""},"_links":{"self":[{"href":"https:\/\/www.europesays.com\/fr\/wp-json\/wp\/v2\/posts\/632253","targetHints":{"allow":["GET"]}}],"collection":[{"href":"https:\/\/www.europesays.com\/fr\/wp-json\/wp\/v2\/posts"}],"about":[{"href":"https:\/\/www.europesays.com\/fr\/wp-json\/wp\/v2\/types\/post"}],"author":[{"embeddable":true,"href":"https:\/\/www.europesays.com\/fr\/wp-json\/wp\/v2\/users\/2"}],"replies":[{"embeddable":true,"href":"https:\/\/www.europesays.com\/fr\/wp-json\/wp\/v2\/comments?post=632253"}],"version-history":[{"count":0,"href":"https:\/\/www.europesays.com\/fr\/wp-json\/wp\/v2\/posts\/632253\/revisions"}],"wp:featuredmedia":[{"embeddable":true,"href":"https:\/\/www.europesays.com\/fr\/wp-json\/wp\/v2\/media\/632254"}],"wp:attachment":[{"href":"https:\/\/www.europesays.com\/fr\/wp-json\/wp\/v2\/media?parent=632253"}],"wp:term":[{"taxonomy":"category","embeddable":true,"href":"https:\/\/www.europesays.com\/fr\/wp-json\/wp\/v2\/categories?post=632253"},{"taxonomy":"post_tag","embeddable":true,"href":"https:\/\/www.europesays.com\/fr\/wp-json\/wp\/v2\/tags?post=632253"}],"curies":[{"name":"wp","href":"https:\/\/api.w.org\/{rel}","templated":true}]}}