{"id":632255,"date":"2025-12-31T14:19:18","date_gmt":"2025-12-31T14:19:18","guid":{"rendered":"https:\/\/www.europesays.com\/fr\/632255\/"},"modified":"2025-12-31T14:19:18","modified_gmt":"2025-12-31T14:19:18","slug":"plusieurs-lots-de-farine-contamines-rappeles-ce-quil-faut-savoir","status":"publish","type":"post","link":"https:\/\/www.europesays.com\/fr\/632255\/","title":{"rendered":"Plusieurs lots de farine contamin\u00e9s rappel\u00e9s : ce qu&rsquo;il faut savoir"},"content":{"rendered":"<p class=\"e-post--resume\">Si vous avez achet\u00e9 de la farine de bl\u00e9 r\u00e9cemment, prudence ! Plusieurs r\u00e9f\u00e9rences font actuellement l\u2019objet d\u2019un rappel consommateur partout en France en raison de la pr\u00e9sence de toxines.<\/p>\n<p>      <img loading=\"lazy\" decoding=\"async\" class=\"e-post--publisher--thumbnail\" src=\"https:\/\/www.europesays.com\/fr\/wp-content\/uploads\/2025\/12\/1767190755_549_media.jpg\" alt=\"La r\u00e9daction d'Allo Docteurs avec Rappel Conso\" width=\"32\" height=\"32\"\/><\/p>\n<p>  <a class=\"e-post--publisher--author\" href=\"https:\/\/www.allodocteurs.fr\/auteurs\/la-redaction-dallo-docteurs-avec-rappel-conso\/\" title=\"La r\u00e9daction d&#039;Allo Docteurs avec Rappel Conso\" target=\"_blank\" rel=\"noopener\">La r\u00e9daction d&rsquo;Allo Docteurs avec Rappel Conso<\/a><\/p>\n<p>R\u00e9dig\u00e9 le 30\/12\/2025<\/p>\n<p><img loading=\"lazy\" decoding=\"async\" alt=\"Les bons r\u00e9flexes \u00e0 avoir en cas de rappel produit\" src=\"https:\/\/www.europesays.com\/fr\/wp-content\/uploads\/2025\/05\/media.jpg\" width=\"660\" height=\"371\"\/><\/p>\n<p>        Allodocteurs &#8211; Newen Digital<\/p>\n<p>Mal con\u00e7us ou contamin\u00e9s pendant leur production, certains produits peuvent \u00eatre dangereux pour la sant\u00e9 des consommateurs. Chaque jour, plusieurs lots de produits sont ainsi retir\u00e9s de la vente.\n<\/p>\n<p>Ces retraits sont signal\u00e9s sur Rappel Conso, la plateforme du gouvernement. AlloDocteurs recense ces rappels et vous indique la conduite \u00e0 adopter si vous avez achet\u00e9 ou consomm\u00e9 ce produit.\n<\/p>\n<p>  Quel produit est concern\u00e9 ?<\/p>\n<p>  <img loading=\"lazy\" decoding=\"async\" src=\"https:\/\/www.europesays.com\/fr\/wp-content\/uploads\/2025\/05\/blank.png\" alt=\"\" width=\"660\" height=\"371\"\/><\/p>\n<p>Le rappel consommateur concerne la FARINE DE BLE T65 PANIFIABLE 25KG METRO CHEF et la FARINE DE BLE T65 POUR PAIN TRADITION 25KG METRO CHEF de la marque METRO CHEF. Elles ont \u00e9t\u00e9 commercialis\u00e9es dans les enseignes METRO France de France enti\u00e8re du 27\/08\/2025 au 18\/12\/2025.<\/p>\n<p>Il s\u2019agit du lot 3439495105575 233ES8 Date de durabilit\u00e9 minimale 22\/05\/2026 3439495122183 265ES8 Date de durabilit\u00e9 minimale 22\/06\/2026.\n<\/p>\n<p>  Infos sur le rappel<\/p>\n<p>Le motif de rappel de ce produit est le suivant : Teneur en alcalo\u00efdes de l\u2019ergot sup\u00e9rieure \u00e0 la teneur r\u00e9glementaire.\u00a0Les alcalo\u00efdes d&rsquo;ergot sont des toxines dangereuses pour les humains, produites par une moisissure et infectant certaines c\u00e9r\u00e9ales.\n<\/p>\n<p>Si vous avez achet\u00e9 ce produit, les consignes du gouvernement sont claires : Ne plus consommer Rapporter le produit au point de vente.\n<\/p>\n<p>Un num\u00e9ro (0170960278) a \u00e9t\u00e9 mis en place pour contacter le service consommateur de la marque. La date de fin de la proc\u00e9dure de rappel est fix\u00e9e au vendredi 20 f\u00e9vrier 2026.\n<\/p>\n<p>  Votre sant\u00e9<\/p>\n<p>  Les num\u00e9ros utiles<\/p>\n<p>  En cas d&rsquo;intoxication :<\/p>\n<p>Les centres Antipoison sont des services m\u00e9dicaux situ\u00e9s dans 8 centres hospitaliers universitaires fran\u00e7ais, poss\u00e9dant une expertise en toxicologie m\u00e9dicale. Ils ont un r\u00f4le d&rsquo;information aupr\u00e8s des professionnels de sant\u00e9 et du public et apportent une aide par t\u00e9l\u00e9phone au diagnostic, \u00e0 la prise en charge et au traitement des intoxications.\n<\/p>\n<p>La liste des centres est \u00e0 retrouver ici : <a href=\"https:\/\/centres-antipoison.net\/\" title=\"Centres Antipoison\" target=\"_blank\" rel=\"noopener\">https:\/\/centres-antipoison.net\/<\/a>\n<\/p>\n<p>  En cas d&rsquo;accident :<\/p>\n<p>Si vous \u00eates victime ou t\u00e9moin d&rsquo;un accident domestique, rapprochez-vous des professionnels comp\u00e9tents.<br \/>Voici les diff\u00e9rents num\u00e9ros d&rsquo;urgence :<br \/><strong>18 : Pompiers<\/strong> (Incendies, accidents et urgences m\u00e9dicales)<br \/><strong>17 : Police<\/strong> (Secours ou gendarmerie)<br \/><strong>15 : SAMU<\/strong> (Urgences m\u00e9dicales en agglom\u00e9ration)<br \/><strong>3624 : SOS M\u00e9decins<\/strong> (R\u00e9seau de soins 24H\/24)<br \/><strong>112 : Urgences<\/strong> (Urgences m\u00e9dicales dans l\u2019ensemble de l\u2019Union Europ\u00e9enne)\n<\/p>\n<p>  En savoir plus sur les rappels officiels<\/p>\n<p>Vous pouvez retrouver l\u2019ensemble des rappels avec davantage de d\u00e9tails sur le site gouvernemental <a href=\"https:\/\/rappel.conso.gouv.fr\" title=\"Site des alertes de produits dangereux\" target=\"_blank\" rel=\"noopener\">https:\/\/rappel.conso.gouv.fr<\/a> : le site des alertes de produits dangereux.\n<\/p>\n<p>Si vous \u00eates malade apr\u00e8s avoir mang\u00e9 un aliment ou si vous constatez qu\u2019un produit concern\u00e9 par un rappel conso est toujours vendu par un commer\u00e7ant, vous pouvez le signaler ici : <a href=\"https:\/\/signal.conso.gouv.fr\/\" title=\"Signaler un produit vendu par un commer\u00e7ant\" target=\"_blank\" rel=\"noopener\">https:\/\/signal.conso.gouv.fr\/<\/a><\/p>\n","protected":false},"excerpt":{"rendered":"Si vous avez achet\u00e9 de la farine de bl\u00e9 r\u00e9cemment, prudence ! Plusieurs r\u00e9f\u00e9rences font actuellement l\u2019objet d\u2019un&hellip;\n","protected":false},"author":2,"featured_media":632256,"comment_status":"","ping_status":"","sticky":false,"template":"","format":"standard","meta":{"footnotes":""},"categories":[10],"tags":[1011,27,72,71],"class_list":{"0":"post-632255","1":"post","2":"type-post","3":"status-publish","4":"format-standard","5":"has-post-thumbnail","7":"category-sante","8":"tag-fr","9":"tag-france","10":"tag-health","11":"tag-sante"},"share_on_mastodon":{"url":"https:\/\/pubeurope.com\/@fr\/115814620583017904","error":""},"_links":{"self":[{"href":"https:\/\/www.europesays.com\/fr\/wp-json\/wp\/v2\/posts\/632255","targetHints":{"allow":["GET"]}}],"collection":[{"href":"https:\/\/www.europesays.com\/fr\/wp-json\/wp\/v2\/posts"}],"about":[{"href":"https:\/\/www.europesays.com\/fr\/wp-json\/wp\/v2\/types\/post"}],"author":[{"embeddable":true,"href":"https:\/\/www.europesays.com\/fr\/wp-json\/wp\/v2\/users\/2"}],"replies":[{"embeddable":true,"href":"https:\/\/www.europesays.com\/fr\/wp-json\/wp\/v2\/comments?post=632255"}],"version-history":[{"count":0,"href":"https:\/\/www.europesays.com\/fr\/wp-json\/wp\/v2\/posts\/632255\/revisions"}],"wp:featuredmedia":[{"embeddable":true,"href":"https:\/\/www.europesays.com\/fr\/wp-json\/wp\/v2\/media\/632256"}],"wp:attachment":[{"href":"https:\/\/www.europesays.com\/fr\/wp-json\/wp\/v2\/media?parent=632255"}],"wp:term":[{"taxonomy":"category","embeddable":true,"href":"https:\/\/www.europesays.com\/fr\/wp-json\/wp\/v2\/categories?post=632255"},{"taxonomy":"post_tag","embeddable":true,"href":"https:\/\/www.europesays.com\/fr\/wp-json\/wp\/v2\/tags?post=632255"}],"curies":[{"name":"wp","href":"https:\/\/api.w.org\/{rel}","templated":true}]}}