{"id":632281,"date":"2025-12-31T14:36:11","date_gmt":"2025-12-31T14:36:11","guid":{"rendered":"https:\/\/www.europesays.com\/fr\/632281\/"},"modified":"2025-12-31T14:36:11","modified_gmt":"2025-12-31T14:36:11","slug":"un-interne-en-pharmacie-decede-au-chu-de-montpellier-pendant-une-garde","status":"publish","type":"post","link":"https:\/\/www.europesays.com\/fr\/632281\/","title":{"rendered":"Un interne en pharmacie d\u00e9c\u00e9d\u00e9 au CHU de Montpellier pendant une garde"},"content":{"rendered":"<p>Un interne au CHU de Montpellier est d\u00e9c\u00e9d\u00e9 sur son lieu de travail lundi, a annonc\u00e9 l\u2019h\u00f4pital qui a mis en place un dispositif de soutien psychologique. \u00ab Le CHU de Montpellier a l\u2019immense tristesse d\u2019annoncer le d\u00e9c\u00e8s brutal d\u2019un interne en pharmacie le lundi 29 d\u00e9cembre \u00bb, annonce l\u2019\u00e9tablissement dans un communiqu\u00e9 ce mercredi, sans donner de pr\u00e9cision sur les causes et les circonstances du d\u00e9c\u00e8s.<\/p>\n<p>\u00ab Souci de transparence \u00bb<\/p>\n<p>\u00ab Une enqu\u00eate est en cours \u00bb, ajoute le CHU et \u00ab toutes les informations disponibles ont \u00e9t\u00e9 adress\u00e9es aux autorit\u00e9s comp\u00e9tentes, dans un souci de transparence et de coordination des actions dans ces contextes douloureux \u00bb. Un dispositif de soutien psychologique a \u00e9t\u00e9 mis en place \u00e0 destination des \u00e9quipes m\u00e9dicales.<\/p>\n<p>Si une source proche a pr\u00e9c\u00e9demment indiqu\u00e9 qu\u2019il s\u2019agirait d\u2019un suicide, la famille conteste formellement cette version aupr\u00e8s de l\u2019AFP, pr\u00e9cisant que le d\u00e9funt est d\u00e9c\u00e9d\u00e9 pendant sa garde \u00e0 l\u2019h\u00f4pital et l\u2019enqu\u00eate en cours d\u00e9terminera les causes exactes de son d\u00e9c\u00e8s. Contact\u00e9 par l\u2019AFP, le parquet de Montpellier n\u2019avait pas donn\u00e9 suite dans l\u2019imm\u00e9diat.<\/p>\n","protected":false},"excerpt":{"rendered":"Un interne au CHU de Montpellier est d\u00e9c\u00e9d\u00e9 sur son lieu de travail lundi, a annonc\u00e9 l\u2019h\u00f4pital qui&hellip;\n","protected":false},"author":2,"featured_media":632282,"comment_status":"","ping_status":"","sticky":false,"template":"","format":"standard","meta":{"footnotes":""},"categories":[9599],"tags":[1111,11,765,1777,674,1011,27,100,2208,12,2680,25,71],"class_list":{"0":"post-632281","1":"post","2":"type-post","3":"status-publish","4":"format-standard","5":"has-post-thumbnail","7":"category-montpellier","8":"tag-actu","9":"tag-actualites","10":"tag-en-continu","11":"tag-eu","12":"tag-europe","13":"tag-fr","14":"tag-france","15":"tag-hopital","16":"tag-montpellier","17":"tag-news","18":"tag-occitanie","19":"tag-republique-francaise","20":"tag-sante"},"share_on_mastodon":{"url":"https:\/\/pubeurope.com\/@fr\/115814687425105141","error":""},"_links":{"self":[{"href":"https:\/\/www.europesays.com\/fr\/wp-json\/wp\/v2\/posts\/632281","targetHints":{"allow":["GET"]}}],"collection":[{"href":"https:\/\/www.europesays.com\/fr\/wp-json\/wp\/v2\/posts"}],"about":[{"href":"https:\/\/www.europesays.com\/fr\/wp-json\/wp\/v2\/types\/post"}],"author":[{"embeddable":true,"href":"https:\/\/www.europesays.com\/fr\/wp-json\/wp\/v2\/users\/2"}],"replies":[{"embeddable":true,"href":"https:\/\/www.europesays.com\/fr\/wp-json\/wp\/v2\/comments?post=632281"}],"version-history":[{"count":0,"href":"https:\/\/www.europesays.com\/fr\/wp-json\/wp\/v2\/posts\/632281\/revisions"}],"wp:featuredmedia":[{"embeddable":true,"href":"https:\/\/www.europesays.com\/fr\/wp-json\/wp\/v2\/media\/632282"}],"wp:attachment":[{"href":"https:\/\/www.europesays.com\/fr\/wp-json\/wp\/v2\/media?parent=632281"}],"wp:term":[{"taxonomy":"category","embeddable":true,"href":"https:\/\/www.europesays.com\/fr\/wp-json\/wp\/v2\/categories?post=632281"},{"taxonomy":"post_tag","embeddable":true,"href":"https:\/\/www.europesays.com\/fr\/wp-json\/wp\/v2\/tags?post=632281"}],"curies":[{"name":"wp","href":"https:\/\/api.w.org\/{rel}","templated":true}]}}