{"id":632300,"date":"2025-12-31T14:47:10","date_gmt":"2025-12-31T14:47:10","guid":{"rendered":"https:\/\/www.europesays.com\/fr\/632300\/"},"modified":"2025-12-31T14:47:10","modified_gmt":"2025-12-31T14:47:10","slug":"le-diagnostic-du-cancer-ameliore-grace-a-cette-innovation","status":"publish","type":"post","link":"https:\/\/www.europesays.com\/fr\/632300\/","title":{"rendered":"le diagnostic du cancer am\u00e9lior\u00e9 gr\u00e2ce \u00e0 cette innovation"},"content":{"rendered":"<p>                    Par<br \/>\n        <strong><br \/>\n            <a href=\"https:\/\/actu.fr\/auteur\/laure-gentil\" title=\"Consulter tous les articles de Laure Gentil\" target=\"_blank\" rel=\"noopener\">Laure Gentil<\/a><br \/>\n                    <\/strong><\/p>\n<p>        Publi\u00e9 le<\/p>\n<p>            31 d\u00e9c. 2025 \u00e0 14h16        <\/p>\n<p>Le <b>CHU de Nantes <\/b>continue \u00e0 innover. Depuis le <b>10 septembre 2025,<\/b> le service d\u2019anatomie pathologique \u00ab\u00a0num\u00e9rise ses lames et les pathologistes les interpr\u00e8tent directement sur ordinateur via un syst\u00e8me de gestion d\u2019images\u00a0\u00bb, a communiqu\u00e9 le CHU. \u00ab\u00a0Avec la num\u00e9risation, chaque lame, support de l\u2019\u00e9chantillon tissulaire, est transform\u00e9e en une image num\u00e9rique haute r\u00e9solution (environ 1,2 Go par lame).\u00a0\u00bb L\u2019<b>image est ensuite interpr\u00e9t\u00e9e directement<\/b> \u00e0 l\u2019\u00e9cran d\u2019ordinateur par les professionnels \u00ab\u00a0gr\u00e2ce \u00e0 des scanners en haute r\u00e9solution et haut d\u00e9bit.\u00a0\u00bb<\/p>\n<p class=\" wall-content\">Il s\u2019agit, selon le CHU de Nantes, d\u2019une \u00ab\u00a0avanc\u00e9e technologique majeure\u00a0\u00bb permettant \u00ab\u00a0de mieux diagnostiquer les cancers gr\u00e2ce \u00e0 l\u2019IA et de d\u00e9velopper la coop\u00e9ration inter-\u00e9tablissements \u00e0 l\u2019\u00e9chelle de la r\u00e9gion\u00a0\u00bb.\u00a0<\/p>\n<p>C&rsquo;est quoi une lame ?<\/p>\n<p>Alors non, il ne s&rsquo;agit pas d&rsquo;un couteau. Dans le cas pr\u00e9sent, lorsque l&rsquo;on parle de lame, c&rsquo;est pour parler de la petite plaque de verre utilis\u00e9e pour poser et maintenir un \u00e9chantillon pr\u00e9par\u00e9 pour une observation au microscope.<\/p>\n<p>Un meilleur partage des images<\/p>\n<p class=\" wall-content\">Ce changement \u00ab\u00a0r\u00e9volutionne le quotidien des \u00e9quipes\u00a0\u00bb, assure le CHU. Les diagnostics sont notamment plus pr\u00e9cis \u00ab\u00a0gr\u00e2ce \u00e0 des outils d\u2019analyse d\u2019image et \u00e0 l\u2019int\u00e9gration de l\u2019intelligence artificielle (IA)\u00a0\u00bb. Cela permet aussi un meilleur partage des images entre le CHU de Nantes, les H\u00f4pitaux de Vend\u00e9e (CHDV) et le Centre Hospitalier de Saint-Nazaire (CHSN). Ces trois \u00e9tablissements sont \u00ab\u00a0partenaires d\u2019APDiA (Anatomie Pathologique Digitale Atlantique)\u00a0\u00bb et la num\u00e9risation des lames facilite \u00ab\u00a0les \u00e9changes pour le soin, la recherche et l\u2019enseignement\u00a0\u00bb.<\/p>\n<blockquote class=\"ac-article-quote wall-content\">\n<p>La pathologie num\u00e9rique constitue une nouvelle \u00e8re pour nos pratiques. Elle am\u00e9liore la pr\u00e9cision diagnostique, renforce la collaboration entre les \u00e9tablissements et ouvre la voie \u00e0 l&rsquo;intelligence artificielle.<\/p>\n<p>    <strong>Dr Delphine Loussouarn<\/strong><br \/>\n        M\u00e9decin pathologiste au CHU de Nantes, responsable m\u00e9dicale du projet de pathologie num\u00e9rique et du d\u00e9veloppement de l&rsquo;IA.    <\/p><\/blockquote>\n<p>L\u2019IA, le futur du diagnostic ?<\/p>\n<p class=\" wall-content\">Le CHU de Nantes se distingue par un \u00ab\u00a0d\u00e9ploiement simultan\u00e9 de la pathologie num\u00e9rique et de l\u2019intelligence artificielle\u00a0\u00bb. Pour cela, le CHU d\u00e9veloppe des <b>IA acad\u00e9miques en interne<\/b>, et int\u00e8gre des \u00ab\u00a0solutions d\u2019IA industrielles\u00a0\u00bb.<\/p>\n<p class=\" wall-content\">Les IA acad\u00e9miques sont d\u00e9velopp\u00e9es par le Dr Rapha\u00ebl Bourgade, assistant hospitalo-universitaire au CHU de Nantes, pathologiste et data scientist.\u00a0 Ce dernier a con\u00e7u une IA pr\u00e9dictive dans le cadre des <b>cancers de l\u2019ovaire<\/b>. Quant aux <b>IA industrielles<\/b>, les docteurs Karine Renaudin, Christine Kandel Aznar et Delphine Loussouarn, pathologistes au CHU de Nantes, ont \u00e9t\u00e9 laur\u00e9ates d\u2019un appel d\u2019offres interne pour d\u00e9velopper une solution d\u2019IA d\u2019aide au <b>diagnostic du cancer de la prostate.<\/b><\/p>\n<p class=\" wall-content\">Personnalisez votre actualit\u00e9 en ajoutant vos villes et m\u00e9dias en favori avec <a href=\"https:\/\/moncompte.actu.fr\" title=\"D\u00e9couvez Mon Actu\" rel=\"nofollow noopener\" data-trk=\"{&quot;cta&quot;:{&quot;action&quot;:&quot;https:\\\/\\\/moncompte.actu.fr&quot;,&quot;category&quot;:&quot;mon compte&quot;,&quot;from&quot;:&quot;article footer&quot;,&quot;name&quot;:&quot;Mon actu&quot;,&quot;type&quot;:&quot;cta&quot;}}\" target=\"_blank\">Mon Actu<\/a>.<\/p>\n","protected":false},"excerpt":{"rendered":"Par Laure Gentil Publi\u00e9 le 31 d\u00e9c. 2025 \u00e0 14h16 Le CHU de Nantes continue \u00e0 innover. Depuis&hellip;\n","protected":false},"author":2,"featured_media":632301,"comment_status":"","ping_status":"","sticky":false,"template":"","format":"standard","meta":{"footnotes":""},"categories":[2818],"tags":[1111,11,7426,1777,674,1011,27,223,766,12,2636,25,71,2631],"class_list":{"0":"post-632300","1":"post","2":"type-post","3":"status-publish","4":"format-standard","5":"has-post-thumbnail","7":"category-nantes","8":"tag-actu","9":"tag-actualites","10":"tag-chu-de-nantes","11":"tag-eu","12":"tag-europe","13":"tag-fr","14":"tag-france","15":"tag-intelligence-artificielle","16":"tag-nantes","17":"tag-news","18":"tag-pays-de-la-loire","19":"tag-republique-francaise","20":"tag-sante","21":"tag-sciences-technologie"},"share_on_mastodon":{"url":"https:\/\/pubeurope.com\/@fr\/115814730587137088","error":""},"_links":{"self":[{"href":"https:\/\/www.europesays.com\/fr\/wp-json\/wp\/v2\/posts\/632300","targetHints":{"allow":["GET"]}}],"collection":[{"href":"https:\/\/www.europesays.com\/fr\/wp-json\/wp\/v2\/posts"}],"about":[{"href":"https:\/\/www.europesays.com\/fr\/wp-json\/wp\/v2\/types\/post"}],"author":[{"embeddable":true,"href":"https:\/\/www.europesays.com\/fr\/wp-json\/wp\/v2\/users\/2"}],"replies":[{"embeddable":true,"href":"https:\/\/www.europesays.com\/fr\/wp-json\/wp\/v2\/comments?post=632300"}],"version-history":[{"count":0,"href":"https:\/\/www.europesays.com\/fr\/wp-json\/wp\/v2\/posts\/632300\/revisions"}],"wp:featuredmedia":[{"embeddable":true,"href":"https:\/\/www.europesays.com\/fr\/wp-json\/wp\/v2\/media\/632301"}],"wp:attachment":[{"href":"https:\/\/www.europesays.com\/fr\/wp-json\/wp\/v2\/media?parent=632300"}],"wp:term":[{"taxonomy":"category","embeddable":true,"href":"https:\/\/www.europesays.com\/fr\/wp-json\/wp\/v2\/categories?post=632300"},{"taxonomy":"post_tag","embeddable":true,"href":"https:\/\/www.europesays.com\/fr\/wp-json\/wp\/v2\/tags?post=632300"}],"curies":[{"name":"wp","href":"https:\/\/api.w.org\/{rel}","templated":true}]}}