{"id":632310,"date":"2025-12-31T14:52:12","date_gmt":"2025-12-31T14:52:12","guid":{"rendered":"https:\/\/www.europesays.com\/fr\/632310\/"},"modified":"2025-12-31T14:52:12","modified_gmt":"2025-12-31T14:52:12","slug":"margot-la-femelle-rhinoceros-blanc-la-plus-agee-de-france-est-morte-a-43-ans-pres-de-toulouse","status":"publish","type":"post","link":"https:\/\/www.europesays.com\/fr\/632310\/","title":{"rendered":"Margot, la femelle rhinoc\u00e9ros blanc la plus \u00e2g\u00e9e de France, est morte \u00e0 43 ans pr\u00e8s de Toulouse"},"content":{"rendered":"<p>\n                                                                    l&rsquo;essentiel<br \/>\n                                                                Le d\u00e9c\u00e8s de Margot, rhinoc\u00e9ros blanc embl\u00e9matique du Zoo African Safari, marque la fin d\u2019une \u00e8re. \u00c2g\u00e9e de 43 ans, elle \u00e9tait la plus vieille femelle de son esp\u00e8ce en France. Sa disparition laisse un vide au sein du parc.\n                            <\/p>\n<p>Le Zoo African Safari, situ\u00e9 \u00e0 Plaisance-du-Touch, pr\u00e8s de Toulouse, a annonc\u00e9 le d\u00e9c\u00e8s de Margot, un rhinoc\u00e9ros blanc \u00e2g\u00e9 de 43 ans. L\u2019animal est mort dans la nuit du 24 au 25\u00a0d\u00e9cembre, en pleine p\u00e9riode des f\u00eates de No\u00ebl. N\u00e9e en 1982, Margot \u00e9tait l\u2019un des animaux les plus anciens du parc. Selon le zoo, elle \u00e9tait \u00e9galement la femelle rhinoc\u00e9ros blanc la plus \u00e2g\u00e9e de France et la sixi\u00e8me plus \u00e2g\u00e9e d\u2019Europe. Une long\u00e9vit\u00e9 rare pour cette esp\u00e8ce, aussi bien en milieu naturel qu\u2019en parc zoologique. En raison de son \u00e2ge avanc\u00e9, Margot faisait l\u2019objet d\u2019un suivi v\u00e9t\u00e9rinaire attentif depuis plusieurs ann\u00e9es. Le jour du r\u00e9veillon, son \u00e9tat g\u00e9n\u00e9ral s\u2019est d\u00e9grad\u00e9. Malgr\u00e9 la mise en place de soins adapt\u00e9s et la vigilance des \u00e9quipes, elle s\u2019est \u00e9teinte dans son sommeil. Une autopsie a confirm\u00e9 une mort naturelle, li\u00e9e \u00e0 des l\u00e9sions au niveau du c\u0153ur, des poumons et des reins.<\/p>\n<p class=\"std-elt__inline\">\n        <strong>\u00c0 lire aussi :<\/strong><br \/>\n        <a href=\"https:\/\/www.ladepeche.fr\/2025\/10\/17\/zoo-african-safari-des-creatures-envahissent-le-parc-pour-halloween-12997745.php\" target=\"_blank\" rel=\"noopener\">Zoo African Safari : Des cr\u00e9atures envahissent le parc pour Halloween<\/a>\n    <\/p>\n<p>Un animal au caract\u00e8re affirm\u00e9<\/p>\n<p>Au quotidien, Margot \u00e9tait d\u00e9crite comme un animal au caract\u00e8re bien affirm\u00e9. Elle partageait toutefois volontiers son habitat avec les antilopes du safari. \u00ab\u00a0Elle adorait \u00eatre rafra\u00eechie au jet d\u2019eau l\u2019\u00e9t\u00e9 par les soigneurs\u00a0\u00bb, raconte Coralie Scozzaro, une des\u00a0responsables\u00a0du Zoo African Safari. Discr\u00e8te, la femelle rhinoc\u00e9ros pr\u00e9f\u00e9rait souvent rester \u00e0 l\u2019abri dans son b\u00e2timent, loin de l\u2019agitation. Elle n\u2019a pas eu de descendance, mais occupait une place particuli\u00e8re au sein du parc. \u00ab\u00a0C\u2019\u00e9tait une mascotte pour le zoo et toute l\u2019\u00e9quipe est touch\u00e9e par cette perte\u00a0\u00bb, explique Coralie Scozzaro. Le zoo ne pr\u00e9voit pas de c\u00e9r\u00e9monie particuli\u00e8re.<\/p>\n<p>        <img decoding=\"async\" class=\"std-img__img responsive-img\" src=\"https:\/\/www.europesays.com\/fr\/wp-content\/uploads\/2025\/12\/1767192732_865_image.jpg\" alt=\"Elle \u00e9tait la doyenne fran\u00e7aise des rhinoc\u00e9ros blancs.\"\/><\/p>\n<p>                Elle \u00e9tait la doyenne fran\u00e7aise des rhinoc\u00e9ros blancs.<br \/>\n                                    DR &#8211; African Safari<\/p>\n<p class=\"std-elt__inline\">\n        <strong>\u00c0 lire aussi :<\/strong><br \/>\n        <a href=\"https:\/\/www.ladepeche.fr\/2025\/08\/08\/aout-au-zoo-african-safari-animations-inedites-parrainages-danimaux-et-experiences-immersives-12867025.php\" target=\"_blank\" rel=\"noopener\">Ao\u00fbt au zoo African Safari\u00a0: animations in\u00e9dites, parrainages d\u2019animaux et exp\u00e9riences immersives<\/a>\n    <\/p>\n<p>Les \u00e9quipes poursuivent toutefois leur travail de sensibilisation du public au bien-\u00eatre animal et \u00e0 la protection des esp\u00e8ces, une mission au c\u0153ur de l\u2019activit\u00e9 du parc.<\/p>\n","protected":false},"excerpt":{"rendered":"l&rsquo;essentiel Le d\u00e9c\u00e8s de Margot, rhinoc\u00e9ros blanc embl\u00e9matique du Zoo African Safari, marque la fin d\u2019une \u00e8re. \u00c2g\u00e9e&hellip;\n","protected":false},"author":2,"featured_media":632311,"comment_status":"","ping_status":"","sticky":false,"template":"","format":"standard","meta":{"footnotes":""},"categories":[2816],"tags":[1111,11,74065,872,1777,674,1011,27,2722,12,2680,69755,25,2312],"class_list":{"0":"post-632310","1":"post","2":"type-post","3":"status-publish","4":"format-standard","5":"has-post-thumbnail","7":"category-toulouse","8":"tag-actu","9":"tag-actualites","10":"tag-bases-de-loisirs","11":"tag-culture-et-loisirs","12":"tag-eu","13":"tag-europe","14":"tag-fr","15":"tag-france","16":"tag-haute-garonne","17":"tag-news","18":"tag-occitanie","19":"tag-parcs-animaliers","20":"tag-republique-francaise","21":"tag-toulouse"},"share_on_mastodon":{"url":"https:\/\/pubeurope.com\/@fr\/115814750181346199","error":""},"_links":{"self":[{"href":"https:\/\/www.europesays.com\/fr\/wp-json\/wp\/v2\/posts\/632310","targetHints":{"allow":["GET"]}}],"collection":[{"href":"https:\/\/www.europesays.com\/fr\/wp-json\/wp\/v2\/posts"}],"about":[{"href":"https:\/\/www.europesays.com\/fr\/wp-json\/wp\/v2\/types\/post"}],"author":[{"embeddable":true,"href":"https:\/\/www.europesays.com\/fr\/wp-json\/wp\/v2\/users\/2"}],"replies":[{"embeddable":true,"href":"https:\/\/www.europesays.com\/fr\/wp-json\/wp\/v2\/comments?post=632310"}],"version-history":[{"count":0,"href":"https:\/\/www.europesays.com\/fr\/wp-json\/wp\/v2\/posts\/632310\/revisions"}],"wp:featuredmedia":[{"embeddable":true,"href":"https:\/\/www.europesays.com\/fr\/wp-json\/wp\/v2\/media\/632311"}],"wp:attachment":[{"href":"https:\/\/www.europesays.com\/fr\/wp-json\/wp\/v2\/media?parent=632310"}],"wp:term":[{"taxonomy":"category","embeddable":true,"href":"https:\/\/www.europesays.com\/fr\/wp-json\/wp\/v2\/categories?post=632310"},{"taxonomy":"post_tag","embeddable":true,"href":"https:\/\/www.europesays.com\/fr\/wp-json\/wp\/v2\/tags?post=632310"}],"curies":[{"name":"wp","href":"https:\/\/api.w.org\/{rel}","templated":true}]}}