{"id":632312,"date":"2025-12-31T14:54:10","date_gmt":"2025-12-31T14:54:10","guid":{"rendered":"https:\/\/www.europesays.com\/fr\/632312\/"},"modified":"2025-12-31T14:54:10","modified_gmt":"2025-12-31T14:54:10","slug":"meteo-a-lille-previsions-du-mercredi-31-decembre-2025","status":"publish","type":"post","link":"https:\/\/www.europesays.com\/fr\/632312\/","title":{"rendered":"M\u00e9t\u00e9o \u00e0 Lille : pr\u00e9visions du mercredi 31 d\u00e9cembre 2025"},"content":{"rendered":"<p>\u00c0 Lille, la journ\u00e9e du mercredi 31 d\u00e9cembre 2025 reste fra\u00eeche avec des bruines l\u00e9g\u00e8res le matin et l\u2019apr\u00e8s-midi, avant un ciel d\u00e9gag\u00e9 en soir\u00e9e. Le vent mod\u00e9r\u00e9 favorise une ambiance hivernale, ponctu\u00e9e d\u2019\u00e9claircies pour le r\u00e9veillon.<\/p>\n<p>    Alerte en cours<\/p>\n<p>Le d\u00e9partement du Nord, incluant Lille, reste plac\u00e9 aujourd\u2019hui en vigilance <b>Jaune Neige \/ Verglas<\/b> depuis 00 h. De faibles averses et des temp\u00e9ratures proches de 0 \u00b0C peuvent localement rendre les chauss\u00e9es glissantes.<\/p>\n<p>Il est recommand\u00e9 de limiter les d\u00e9placements non essentiels, d\u2019adapter sa vitesse et d\u2019\u00e9quiper son v\u00e9hicule de pneus adapt\u00e9s et d\u2019un gratte-glace.<\/p>\n<p>Plus d\u2019informations pratiques sont disponibles sur notre <a href=\"https:\/\/www.meteocity.com\/france\/alertes\" target=\"_blank\" rel=\"noopener\">page d\u00e9di\u00e9e aux alertes m\u00e9t\u00e9orologiques<\/a>.<\/p>\n<ul>\n<li>Chauss\u00e9es humides susceptibles de se transformer en verglas d\u00e8s 0 \u00b0C.<\/li>\n<li>Distances de freinage rallong\u00e9es ; il convient de garder une marge suppl\u00e9mentaire.<\/li>\n<li>Transports en commun potentiellement retard\u00e9s, il est conseill\u00e9 d\u2019anticiper ses horaires.<\/li>\n<\/ul>\n<p>Matin : bruine froide au lever du jour<\/p>\n<p>Le soleil se l\u00e8ve \u00e0 08 h 49, mais la lumi\u00e8re reste tamis\u00e9e par une bruine l\u00e9g\u00e8re typique du front oc\u00e9anique.<\/p>\n<p>\u00c0 09 h, le thermom\u00e8tre indique <b>2 \u00b0C<\/b> pour un ressenti de <b>-1 \u00b0C<\/b>. Une humidit\u00e9 \u00e0 93 % et une pression \u00e9lev\u00e9e de 1 029 hPa t\u00e9moignent d\u2019une masse d\u2019air stable.<\/p>\n<p>Le vent d\u2019Ouest, soufflant \u00e0 8 km\/h, accentue la sensation de froid. Aucun \u00e9pisode pluvieux significatif n\u2019est attendu avant midi.<\/p>\n<ul>\n<li>Gants et bonnet indispensables pour les trajets \u00e0 pied ou \u00e0 v\u00e9lo.<\/li>\n<li>Pare-brise \u00e0 d\u00e9givrer avant de prendre la route.<\/li>\n<\/ul>\n<p>Ces bruines hivernales restent classiques pour la r\u00e9gion. Les climatologues observent n\u00e9anmoins une variabilit\u00e9 croissante des pressions, coh\u00e9rente avec le changement climatique constat\u00e9 au nord-ouest de l\u2019Europe.<\/p>\n<p>Apr\u00e8s-midi : fra\u00eecheur persistante<\/p>\n<p>Aux environs de 15 h, la temp\u00e9rature atteint son maximum journalier avec <b>4 \u00b0C<\/b>. Le ressenti demeure limit\u00e9 \u00e0 <b>1 \u00b0C<\/b> sous une bruine toujours pr\u00e9sente.<\/p>\n<p>Le vent s\u2019oriente Ouest-Nord-Ouest et atteint 12 km\/h. L\u2019atmosph\u00e8re, satur\u00e9e en humidit\u00e9 \u00e0 93 %, entretient une fra\u00eecheur p\u00e9n\u00e9trante.<\/p>\n<p>Malgr\u00e9 l\u2019absence de pr\u00e9cipitations notables, il est conseill\u00e9 de garder une veste imperm\u00e9able pour les derniers achats de r\u00e9veillon.<\/p>\n<ul>\n<li>March\u00e9s ouverts : un parapluie compact est recommand\u00e9 entre deux stands.<\/li>\n<li>Pause chocolat chaud recommand\u00e9e apr\u00e8s trente minutes d\u2019exposition \u00e0 l\u2019humidit\u00e9.<\/li>\n<\/ul>\n<p>Une exposition prolong\u00e9e \u00e0 cette humidit\u00e9 accentue la sensation de froid ; il est pr\u00e9f\u00e9rable de pr\u00e9voir des pauses en int\u00e9rieur et de boire des boissons chaudes pour maintenir sa temp\u00e9rature corporelle.<\/p>\n<p>Soir : \u00e9claircies pour le r\u00e9veillon<\/p>\n<p>Le soleil se couche \u00e0 16 h 52, laissant place \u00e0 un cr\u00e9neau d\u2019\u00e9claircies appr\u00e9ciable pour les pr\u00e9paratifs du Nouvel An.<\/p>\n<p>\u00c0 21 h, on enregistre <b>1 \u00b0C<\/b> et un ressenti de <b>-3 \u00b0C<\/b>. Le vent, faible, vient d\u2019Ouest-Sud-Ouest ; l\u2019hygrom\u00e9trie atteint 94 %, sous un ciel d\u00e9gag\u00e9.<\/p>\n<p>Les surfaces m\u00e9talliques et pierreuses refroidissent rapidement ; prudence sur les marches et quais mouill\u00e9s apr\u00e8s les festivit\u00e9s.<\/p>\n<ul>\n<li>Pensez \u00e0 v\u00e9rifier les escaliers ext\u00e9rieurs avant minuit, risque de verglas local.<\/li>\n<li>Doudoune \u00e9paisse et boisson chaude conseill\u00e9es pour profiter des feux.<\/li>\n<\/ul>\n<p>Les particules de pollution restent dispers\u00e9es gr\u00e2ce au flux oc\u00e9anique ; la qualit\u00e9 de l\u2019air demeure ind\u00e9finie, sans d\u00e9passement mesur\u00e9 selon les capteurs locaux.<\/p>\n<p>Tendance pour le 1\u1d49\u02b3 janvier<\/p>\n<p>Le 1\u1d49\u02b3 janvier s\u2019annonce sous un temps humide, marqu\u00e9 par une nouvelle bruine l\u00e9g\u00e8re.<\/p>\n<p>Le thermom\u00e8tre affichera <b>0 \u00b0C<\/b> \u00e0 l\u2019aube, pour atteindre <b>5 \u00b0C<\/b> l\u2019apr\u00e8s-midi, avec un ressenti parfois de <b>-4 \u00b0C<\/b> sous l\u2019effet du vent.<\/p>\n<p>La pression fl\u00e9chira vers 1 006 hPa, signe d\u2019un flux plus perturb\u00e9. L\u2019humidit\u00e9 avoisinera 90 % et le vent d\u2019Ouest-Sud-Ouest soufflera autour de 21 km\/h.<\/p>\n<p>La probabilit\u00e9 de pluie restera faible, \u00e0 3 %, mais les chauss\u00e9es demeureront mouill\u00e9es au petit matin.<\/p>\n<p>Pour pr\u00e9parer vos promenades du Nouvel An, consultez <a href=\"https:\/\/www.meteocity.com\/france\/lille-v2998324\" target=\"_blank\" rel=\"noopener\">notre bulletin complet<\/a> mis \u00e0 jour en temps r\u00e9el.<\/p>\n<ul>\n<li>Trottoirs gel\u00e9s possibles, marche prudente recommand\u00e9e d\u00e8s l\u2019aube.<\/li>\n<li>Pr\u00e9voyez quelques minutes suppl\u00e9mentaires lundi pour la reprise du travail.<\/li>\n<\/ul>\n<p>La vigilance jaune pourrait \u00eatre reconduite si les temp\u00e9ratures n\u00e9gatives persistent ; une mise \u00e0 jour est pr\u00e9vue \u00e0 18 h.<\/p>\n","protected":false},"excerpt":{"rendered":"\u00c0 Lille, la journ\u00e9e du mercredi 31 d\u00e9cembre 2025 reste fra\u00eeche avec des bruines l\u00e9g\u00e8res le matin et&hellip;\n","protected":false},"author":2,"featured_media":632313,"comment_status":"","ping_status":"","sticky":false,"template":"","format":"standard","meta":{"footnotes":""},"categories":[2815],"tags":[1111,11,1777,674,1011,27,811,1307,12,25],"class_list":{"0":"post-632312","1":"post","2":"type-post","3":"status-publish","4":"format-standard","5":"has-post-thumbnail","7":"category-lille","8":"tag-actu","9":"tag-actualites","10":"tag-eu","11":"tag-europe","12":"tag-fr","13":"tag-france","14":"tag-hauts-de-france","15":"tag-lille","16":"tag-news","17":"tag-republique-francaise"},"share_on_mastodon":{"url":"https:\/\/pubeurope.com\/@fr\/115814758035861462","error":""},"_links":{"self":[{"href":"https:\/\/www.europesays.com\/fr\/wp-json\/wp\/v2\/posts\/632312","targetHints":{"allow":["GET"]}}],"collection":[{"href":"https:\/\/www.europesays.com\/fr\/wp-json\/wp\/v2\/posts"}],"about":[{"href":"https:\/\/www.europesays.com\/fr\/wp-json\/wp\/v2\/types\/post"}],"author":[{"embeddable":true,"href":"https:\/\/www.europesays.com\/fr\/wp-json\/wp\/v2\/users\/2"}],"replies":[{"embeddable":true,"href":"https:\/\/www.europesays.com\/fr\/wp-json\/wp\/v2\/comments?post=632312"}],"version-history":[{"count":0,"href":"https:\/\/www.europesays.com\/fr\/wp-json\/wp\/v2\/posts\/632312\/revisions"}],"wp:featuredmedia":[{"embeddable":true,"href":"https:\/\/www.europesays.com\/fr\/wp-json\/wp\/v2\/media\/632313"}],"wp:attachment":[{"href":"https:\/\/www.europesays.com\/fr\/wp-json\/wp\/v2\/media?parent=632312"}],"wp:term":[{"taxonomy":"category","embeddable":true,"href":"https:\/\/www.europesays.com\/fr\/wp-json\/wp\/v2\/categories?post=632312"},{"taxonomy":"post_tag","embeddable":true,"href":"https:\/\/www.europesays.com\/fr\/wp-json\/wp\/v2\/tags?post=632312"}],"curies":[{"name":"wp","href":"https:\/\/api.w.org\/{rel}","templated":true}]}}