{"id":632316,"date":"2025-12-31T14:56:14","date_gmt":"2025-12-31T14:56:14","guid":{"rendered":"https:\/\/www.europesays.com\/fr\/632316\/"},"modified":"2025-12-31T14:56:14","modified_gmt":"2025-12-31T14:56:14","slug":"pourquoi-delogu-veut-supprimer-la-metropole-aix-marseille-provence","status":"publish","type":"post","link":"https:\/\/www.europesays.com\/fr\/632316\/","title":{"rendered":"Pourquoi Delogu veut supprimer la m\u00e9tropole Aix-Marseille-Provence ?"},"content":{"rendered":"<p><img loading=\"lazy\" decoding=\"async\" alt=\"\u00a9 Shutterstock - Le d\u00e9put\u00e9 LFI S\u00e9bastien Delogu, candidat \u00e0 la mairie de Marseille, a d\u00e9pos\u00e9 une proposition de loi pour supprimer la M\u00e9tropole Aix-Marseille-Provence.\" data-zoom-src=\"https:\/\/www.europesays.com\/fr\/wp-content\/uploads\/2025\/12\/initial-sebastien-delogu-metropole-aix-marseille.jpg\" data-zoomable=\"\" height=\"702\" src=\"https:\/\/www.europesays.com\/fr\/wp-content\/uploads\/2025\/12\/initial-sebastien-delogu-metropole-aix-marseille.jpg\" width=\"1248\"\/>  <\/p>\n<p class=\"article-desc\">\u00a9 Shutterstock &#8211; Le d\u00e9put\u00e9 LFI S\u00e9bastien Delogu, candidat \u00e0 la mairie de Marseille, a d\u00e9pos\u00e9 une proposition de loi pour supprimer la M\u00e9tropole Aix-Marseille-Provence. <\/p>\n<p>En 2016 a \u00e9t\u00e9 cr\u00e9\u00e9e la <strong>M\u00e9tropole Aix-Marseille-Provence<\/strong> n\u00e9e de la fusion de <strong>six intercommunalit\u00e9s regroupant 92 communes<\/strong>. Une aberration pour <a href=\"https:\/\/mesinfos.fr\/13000-marseille\/la-france-insoumise-a-choisi-son-candidat-pour-la-mairie-de-marseille-234009.html\" rel=\"noopener\" target=\"_blank\">le candidat LFI \u00e0 la mairie de Marseille, S\u00e9bastien Delogu<\/a> qui a d\u00e9pos\u00e9, le 23 d\u00e9cembre, \u00e0 l\u2019Assembl\u00e9e nationale une proposition de loi en vue de sa suppression. <\/p>\n<p>S\u00e9bastien Delogu et Manuel Bompard align\u00e9s sur \u00ab\u00a0Marseille en vrai\u00a0\u00bb <\/p>\n<p>Une position qu\u2019il avait d\u00e9j\u00e0 prise avec le d\u00e9put\u00e9 marseillais <a href=\"https:\/\/mesinfos.fr\/13000-marseille\/la-methode-de-manuel-bompard-le-tres-mediatique-depute-de-marseille-213452.html\" target=\"_blank\" rel=\"noopener\">Manuel Bompard<\/a> dans leur rapport \u00ab\u00a0Marseille en vrai\u00a0\u00bb en r\u00e9ponse au plan \u00ab\u00a0Marseille en grand\u00a0\u00bb promu par le pr\u00e9sident de la R\u00e9publique. <\/p>\n<p>Dans ce texte paru d\u00e9but d\u00e9cembre, les deux hommes d\u00e9non\u00e7aient d\u00e9j\u00e0 une \u00ab fusion forc\u00e9e \u00bb des intercommunalit\u00e9s et, surtout, \u00ab une structure surdimensionn\u00e9e (qui) ne favorise ni l\u2019efficacit\u00e9 ni le consensus : elle cristallise les logiques d\u2019opposition, la surench\u00e8re politicienne, et entretient le flou des responsabilit\u00e9s \u00bb . <strong>La M\u00e9tropole, lors de sa cr\u00e9ation avait, il est vrai, suscit\u00e9 bien des oppositions et des inqui\u00e9tudes<\/strong>. <\/p>\n<p>Pour Delogu Aix-Marseille Provence, une\u00a0intercommunalit\u00e9 dans l&rsquo;impasse <\/p>\n<p><strong>Les deux figures montantes de La France insoumise faisaient \u00e9galement r\u00e9f\u00e9rence dans leur texte au rapport d\u2019\u00c9ric Woerth <\/strong>sur la d\u00e9centralisation. L\u2019ancien ministre y d\u00e9non\u00e7ait une \u00ab\u00a0intercommunalit\u00e9 dans l\u2019impasse autant politique que financi\u00e8re\u00a0\u00bb. D\u2019o\u00f9 la proposition de S\u00e9bastien Delogu de supprimer cet EPCI (\u00c9tablissement public de coop\u00e9ration intercommunale) qui, selon l\u2019expos\u00e9 des motifs du <a href=\"https:\/\/www.assemblee-nationale.fr\/dyn\/17\/dossiers\/_supprimer_la_metropole_aix_marseille_provence_17e\" target=\"_blank\" rel=\"noopener\">texte de loi, visible sur le site de l\u2019Assembl\u00e9e nationale<\/a>, n\u2019est pas parvenu \u00e0 \u00ab atteindre ses objectifs initiaux d\u2019harmonisation, de simplification administrative et de coh\u00e9rence territoriale \u00bb.<\/p>\n<p>  Une proposition de loi pour supprimer la m\u00e9tropole Aix-Marseille Provence <\/p>\n<blockquote>\n<p>Le texte d\u00e9pos\u00e9 par S\u00e9bastien Delogu pr\u00e9voit la suppression effective \u00ab\u00a0dans un d\u00e9lai de trois mois suivant la promulgation de la pr\u00e9sente loi de la M\u00e9tropole. Sa proposition de loi entend qu\u2019une \u00ab conf\u00e9rence des maires des communes membres de la M\u00e9tropole \u00bb soit organis\u00e9e sous l\u2019autorit\u00e9 du pr\u00e9fet des Bouches-du-Rh\u00f4ne afin de \u00ab\u00a0d\u00e9finir un nouveau sch\u00e9ma d\u00e9partemental de coop\u00e9ration intercommunale\u00a0\u00bb. <\/p>\n<\/blockquote>\n<p><strong>Les comp\u00e9tences seront ensuite r\u00e9parties entre les nouveaux EPCI cr\u00e9\u00e9s pour remplacer la M\u00e9tropole<\/strong>. Quant aux habitants de l\u2019actuelle M\u00e9tropole, ils devraient obligatoirement \u00eatre consult\u00e9s dans les deux ans suivant la promulgation de la loi. Pour financer ce nouveau dispositif, le candidat \u00e0 la mairie de Marseille a imagin\u00e9 une nouvelle taxe additionnelle&#8230; sur le tabac.<\/p>\n<p><strong>La proposition de loi de S\u00e9bastien Delogu ne va pas arranger ses relations d\u00e9j\u00e0 plus que tendues<\/strong>, avec Martine Vassal. Non content de vouloir priver la pr\u00e9sidente de la M\u00e9tropole de son si\u00e8ge si elle \u00e9tait r\u00e9\u00e9lue, le candidat insoumis avait d\u00e9j\u00e0 d\u00e9nonc\u00e9 sur l\u2019antenne d\u2019Ici Provence, un \u00ab\u00a0syst\u00e8me client\u00e9laire corrompu\u00a0\u00bb au sein de cette institution. En retour, la M\u00e9tropole avait port\u00e9 plainte contre lui. <\/p>\n<p>Avant m\u00eame le lancement de la campagne \u00e9lectorale, les municipales s\u2019annoncent particuli\u00e8rement d\u00e9l\u00e9t\u00e8res.<\/p>\n","protected":false},"excerpt":{"rendered":"\u00a9 Shutterstock &#8211; Le d\u00e9put\u00e9 LFI S\u00e9bastien Delogu, candidat \u00e0 la mairie de Marseille, a d\u00e9pos\u00e9 une proposition&hellip;\n","protected":false},"author":2,"featured_media":632317,"comment_status":"","ping_status":"","sticky":false,"template":"","format":"standard","meta":{"footnotes":""},"categories":[2814],"tags":[1111,11,17418,1777,674,1011,27,884,21363,24072,12,882,25],"class_list":{"0":"post-632316","1":"post","2":"type-post","3":"status-publish","4":"format-standard","5":"has-post-thumbnail","7":"category-marseille","8":"tag-actu","9":"tag-actualites","10":"tag-delogu","11":"tag-eu","12":"tag-europe","13":"tag-fr","14":"tag-france","15":"tag-marseille","16":"tag-martine-vassal","17":"tag-mu00e9tropole-aix-marseille-provence","18":"tag-news","19":"tag-provence-alpes-cote-dazur","20":"tag-republique-francaise"},"share_on_mastodon":{"url":"https:\/\/pubeurope.com\/@fr\/115814765985603577","error":""},"_links":{"self":[{"href":"https:\/\/www.europesays.com\/fr\/wp-json\/wp\/v2\/posts\/632316","targetHints":{"allow":["GET"]}}],"collection":[{"href":"https:\/\/www.europesays.com\/fr\/wp-json\/wp\/v2\/posts"}],"about":[{"href":"https:\/\/www.europesays.com\/fr\/wp-json\/wp\/v2\/types\/post"}],"author":[{"embeddable":true,"href":"https:\/\/www.europesays.com\/fr\/wp-json\/wp\/v2\/users\/2"}],"replies":[{"embeddable":true,"href":"https:\/\/www.europesays.com\/fr\/wp-json\/wp\/v2\/comments?post=632316"}],"version-history":[{"count":0,"href":"https:\/\/www.europesays.com\/fr\/wp-json\/wp\/v2\/posts\/632316\/revisions"}],"wp:featuredmedia":[{"embeddable":true,"href":"https:\/\/www.europesays.com\/fr\/wp-json\/wp\/v2\/media\/632317"}],"wp:attachment":[{"href":"https:\/\/www.europesays.com\/fr\/wp-json\/wp\/v2\/media?parent=632316"}],"wp:term":[{"taxonomy":"category","embeddable":true,"href":"https:\/\/www.europesays.com\/fr\/wp-json\/wp\/v2\/categories?post=632316"},{"taxonomy":"post_tag","embeddable":true,"href":"https:\/\/www.europesays.com\/fr\/wp-json\/wp\/v2\/tags?post=632316"}],"curies":[{"name":"wp","href":"https:\/\/api.w.org\/{rel}","templated":true}]}}