{"id":632318,"date":"2025-12-31T14:57:13","date_gmt":"2025-12-31T14:57:13","guid":{"rendered":"https:\/\/www.europesays.com\/fr\/632318\/"},"modified":"2025-12-31T14:57:13","modified_gmt":"2025-12-31T14:57:13","slug":"une-deputee-charge-le-maire-de-lyon-apres-une-citoyennete-dhonneur-polemique","status":"publish","type":"post","link":"https:\/\/www.europesays.com\/fr\/632318\/","title":{"rendered":"une d\u00e9put\u00e9e\u00a0charge\u00a0le maire de Lyon\u00a0apr\u00e8s une citoyennet\u00e9 d\u2019honneur pol\u00e9mique"},"content":{"rendered":"<p>La d\u00e9put\u00e9e\u00a0Ensemble !\u00a0Caroline Yadan accuse le maire Gr\u00e9gory Doucet de \u201cfaute morale majeure\u201d, apr\u00e8s la remise en circulation d\u2019un message publi\u00e9 par le m\u00e9decin au lendemain des attaques du 7 octobre.<\/p>\n<p>Pour rappel, \u00e0 l\u2019occasion de la Journ\u00e9e internationale des droits humains, la Ville de Lyon a d\u00e9cern\u00e9, mi-d\u00e9cembre, l<a href=\"https:\/\/www.lyonmag.com\/article\/148972\/la-ville-de-lyon-decerne-la-citoyennete-d-honneur-2025-a-six-defenseurs-des-droits-humains\" target=\"_blank\" rel=\"noopener\">a citoyennet\u00e9 d\u2019honneur 2025 \u00e0 six personnalit\u00e9s <\/a>engag\u00e9es dans la d\u00e9fense des droits humains, en France et \u00e0 l\u2019international. Une distinction destin\u00e9e \u00e0 reconna\u00eetre \u00ab\u00a0des parcours marqu\u00e9s par la d\u00e9fense des libert\u00e9s fondamentales, parfois au p\u00e9ril de la vie des personnes concern\u00e9es.\u00a0\u00bb<\/p>\n<p>Parmi les laur\u00e9ats figure Hussam Abu Safiya, p\u00e9diatre et directeur de l\u2019h\u00f4pital Kamal-Adwan, situ\u00e9 dans le nord de la bande de Gaza. Emprisonn\u00e9 depuis d\u00e9cembre 2024, ce m\u00e9decin est pr\u00e9sent\u00e9 par la Ville de Lyon comme \u00e9tant \u00ab\u00a0n\u00e9 dans un camp de r\u00e9fugi\u00e9s de la bande de Gaza\u00a0\u00bb et issu \u00ab\u00a0d&rsquo;une famille qui a \u00e9t\u00e9 d\u00e9plac\u00e9e de force de la ville de Hamama en 1948 lors de la cr\u00e9ation de l&rsquo;\u00c9tat d&rsquo;Isra\u00ebl.\u00a0\u00bb<\/p>\n<p>Selon la collectivit\u00e9, Hussam Abu Safiya a \u00e9t\u00e9 \u00ab\u00a0arr\u00eat\u00e9 une premi\u00e8re fois par les forces arm\u00e9es isra\u00e9liennes en octobre 2024, puis gri\u00e8vement bless\u00e9 en novembre. Il aurait \u00e9galement \u00ab\u00a0perdu un fils lors d&rsquo;une frappe a\u00e9rienne isra\u00e9lienne.\u00a0\u00bb Malgr\u00e9 ce contexte, la Ville souligne qu\u2019il a \u00ab\u00a0fait le choix de continuer \u00e0 travailler et \u00e0 interpeller la communaut\u00e9 internationale, refusant de quitter Gaza car son poste relevait selon lui d&rsquo;un devoir moral et d&rsquo;un acte de r\u00e9sistance face \u00e0 la destruction syst\u00e9matique des infrastructures de sant\u00e9 palestiniennes.\u00a0\u00bb<\/p>\n<p>Le 27 d\u00e9cembre 2024, \u00ab\u00a0l&rsquo;arm\u00e9e isra\u00e9lienne a arr\u00eat\u00e9 Hussam Abu Safiya, ainsi que des dizaines de membres du personnel m\u00e9dical du centre\u00a0\u00bb, accusant l\u2019\u00e9tablissement \u00ab\u00a0d&rsquo;\u00eatre un centre de commandement du Hamas.\u00a0\u00bb L\u2019Organisation mondiale de la sant\u00e9 (OMS) indique de son c\u00f4t\u00e9 que l\u2019h\u00f4pital est d\u00e9sormais \u00ab\u00a0vide\u00a0\u00bb et \u00ab\u00a0hors service\u00a0\u00bb. Les conditions de d\u00e9tention du m\u00e9decin sont qualifi\u00e9es d\u2019\u00a0\u00bbextr\u00eamement dures et inhumaines\u00a0\u00bb par son avocate.<\/p>\n<p>Mais cette distinction lyonnaise est loin de faire l\u2019unanimit\u00e9. La d\u00e9put\u00e9e Renaissance Caroline Yadan a vivement r\u00e9agi sur le r\u00e9seau social X, en r\u00e9ponse \u00e0 un message rappelant des propos attribu\u00e9s \u00e0 Hussam Abu Safiya apr\u00e8s les attaques du 7 octobre 2023. Le p\u00e9diatre aurait \u00e9crit, le 9 octobre 2023 : \u00ab\u00a0Et ils pensaient que leurs forteresses les prot\u00e9geaient de Dieu, mais Dieu les surprit l\u00e0 o\u00f9 ils ne s\u2019y attendaient pas et sema la terreur dans leurs c\u0153urs.\u00a0\u00bbUne publication accompagn\u00e9e d\u2019une image illustrant le mode op\u00e9ratoire du Hamas, montrant notamment des combattants arrivant par les airs.<\/p>\n<p>Dans un message particuli\u00e8rement virulent, Caroline Yadan \u00e9crit : \u00ab\u00a0Donc, la Ville de Lyon \u00e9rige en citoyen d&rsquo;honneur un \u00ab\u00a0colonel\u00a0\u00bb du Hamas, Hassan Abu Safiya. Ce choix revient, de fait, \u00e0 blanchir une organisation terroriste et \u00e0 faire l\u2019\u00e9loge du pogrom du 7 octobre. En clair, Gregory Doucet glorifie un islamiste notoire, admirateur de barbares massacreurs de civils. Il s&rsquo;agit l\u00e0 d&rsquo;une faute morale majeure. Une honte politique. Et une tache ind\u00e9l\u00e9bile sur l\u2019honneur de la Ville de Lyon.\u00a0\u00bb<\/p>\n<p>\u00c0 ce stade, la Ville de Lyon n\u2019a pas communiqu\u00e9 publiquement en r\u00e9ponse \u00e0 ces accusations.<\/p>\n<blockquote class=\"twitter-tweet\"><p>&#13;<\/p>\n<p dir=\"ltr\" lang=\"fr\">Donc, la <a href=\"https:\/\/twitter.com\/villedelyon?ref_src=twsrc%5Etfw\" target=\"_blank\" rel=\"noopener\">@villedelyon<\/a> \u00e9rige en citoyen d&rsquo;honneur un \u00ab\u00a0colonel\u00a0\u00bb du Hamas, Hassan Abu Safiya. Ce choix revient, de fait, \u00e0 blanchir une organisation terroriste et \u00e0 faire l\u2019\u00e9loge du pogrom du 7 octobre.<br \/>En clair, <a href=\"https:\/\/twitter.com\/Gregorydoucet?ref_src=twsrc%5Etfw\" target=\"_blank\" rel=\"noopener\">@GregoryDoucet<\/a> glorifie un islamiste notoire, admirateur de barbares\u2026 <a href=\"https:\/\/t.co\/hTSmmQvLYh\">https:\/\/t.co\/hTSmmQvLYh<\/a><\/p>\n<p>&#13;<br \/>\n\u2014 Caroline Yadan (@CarolineYADAN) <a href=\"https:\/\/twitter.com\/CarolineYADAN\/status\/2006118842435563854?ref_src=twsrc%5Etfw\" target=\"_blank\" rel=\"noopener\">December 30, 2025<\/a><\/p><\/blockquote>\n<p>  \t\t\t\t\t<script async src=\"https:\/\/platform.twitter.com\/widgets.js\" charset=\"utf-8\"><\/script><\/p>\n","protected":false},"excerpt":{"rendered":"La d\u00e9put\u00e9e\u00a0Ensemble !\u00a0Caroline Yadan accuse le maire Gr\u00e9gory Doucet de \u201cfaute morale majeure\u201d, apr\u00e8s la remise en circulation&hellip;\n","protected":false},"author":2,"featured_media":632319,"comment_status":"","ping_status":"","sticky":false,"template":"","format":"standard","meta":{"footnotes":""},"categories":[1889],"tags":[1111,11,2813,2190,2430,1109,251,1112,2811,1777,674,118,1011,27,1922,1110,1114,2428,2810,12,241,316,25,2812,517,800],"class_list":{"0":"post-632318","1":"post","2":"type-post","3":"status-publish","4":"format-standard","5":"has-post-thumbnail","7":"category-lyon","8":"tag-actu","9":"tag-actualites","10":"tag-article","11":"tag-asvel","12":"tag-auvergne-rhone-alpes","13":"tag-breves","14":"tag-culture","15":"tag-depeches","16":"tag-economique","17":"tag-eu","18":"tag-europe","19":"tag-faits-divers","20":"tag-fr","21":"tag-france","22":"tag-info","23":"tag-informations","24":"tag-infos","25":"tag-lyon","26":"tag-lyonmag","27":"tag-news","28":"tag-ol","29":"tag-politique","30":"tag-republique-francaise","31":"tag-sociale","32":"tag-sport","33":"tag-transports"},"share_on_mastodon":{"url":"https:\/\/pubeurope.com\/@fr\/115814769809589039","error":""},"_links":{"self":[{"href":"https:\/\/www.europesays.com\/fr\/wp-json\/wp\/v2\/posts\/632318","targetHints":{"allow":["GET"]}}],"collection":[{"href":"https:\/\/www.europesays.com\/fr\/wp-json\/wp\/v2\/posts"}],"about":[{"href":"https:\/\/www.europesays.com\/fr\/wp-json\/wp\/v2\/types\/post"}],"author":[{"embeddable":true,"href":"https:\/\/www.europesays.com\/fr\/wp-json\/wp\/v2\/users\/2"}],"replies":[{"embeddable":true,"href":"https:\/\/www.europesays.com\/fr\/wp-json\/wp\/v2\/comments?post=632318"}],"version-history":[{"count":0,"href":"https:\/\/www.europesays.com\/fr\/wp-json\/wp\/v2\/posts\/632318\/revisions"}],"wp:featuredmedia":[{"embeddable":true,"href":"https:\/\/www.europesays.com\/fr\/wp-json\/wp\/v2\/media\/632319"}],"wp:attachment":[{"href":"https:\/\/www.europesays.com\/fr\/wp-json\/wp\/v2\/media?parent=632318"}],"wp:term":[{"taxonomy":"category","embeddable":true,"href":"https:\/\/www.europesays.com\/fr\/wp-json\/wp\/v2\/categories?post=632318"},{"taxonomy":"post_tag","embeddable":true,"href":"https:\/\/www.europesays.com\/fr\/wp-json\/wp\/v2\/tags?post=632318"}],"curies":[{"name":"wp","href":"https:\/\/api.w.org\/{rel}","templated":true}]}}